{"id":596,"date":"2017-04-01T14:51:34","date_gmt":"2017-04-01T14:51:34","guid":{"rendered":"http:\/\/musicasemsegredos.com\/?p=596"},"modified":"2021-09-20T19:11:08","modified_gmt":"2021-09-20T22:11:08","slug":"o-que-e-modulacao","status":"publish","type":"post","link":"https:\/\/musicasemsegredos.com\/index.php\/2017\/04\/01\/o-que-e-modulacao\/","title":{"rendered":"O que \u00e9 Modula\u00e7\u00e3o?"},"content":{"rendered":"\n<p class=\"wp-block-paragraph\">Imagem: F.Neves<\/p>\n\n\n\n<p class=\"p1 wp-block-paragraph\"><span class=\"s1\">Modula\u00e7\u00e3o \u00e9 a mudan\u00e7a de tonalidade no decorrer da can\u00e7\u00e3o (composi\u00e7\u00e3o). Na m\u00fasica cl\u00e1ssica podemos ter uma pe\u00e7a pequena que come\u00e7a e termina no mesmo tom, no entanto, composi\u00e7\u00f5es mais longa podem ficar entediantes sem mudan\u00e7as de tonalidades. Arnold Schoenberg, um dos mais conhecidos compositores do s\u00e9culo XX compara a modula\u00e7\u00e3o com a mudan\u00e7a de cen\u00e1rio em uma pe\u00e7a de teatro.<\/span><\/p>\n\n\n\n<h4 class=\"wp-block-heading\">Aplica\u00e7\u00e3o na m\u00fasica Popular<\/h4>\n\n\n\n<p class=\"p1 wp-block-paragraph\"><span class=\"s1\">A m\u00fasica popular pode ou n\u00e3o trabalhar com modula\u00e7\u00f5es. A parte final da m\u00fasica Ol\u00ea Ol\u00e1 de Chico Buarque possui modula\u00e7\u00f5es crom\u00e1ticas, ou seja, de meio em meio tom. A partitura a seguir exemplifica esta modula\u00e7\u00e3o trazendo a melodia, cifras e o baixo que marca bem as altera\u00e7\u00f5es nas tonalidades.<\/span><\/p>\n\n\n\n<div class=\"wp-block-image\"><figure class=\"aligncenter is-resized\"><img data-recalc-dims=\"1\" loading=\"lazy\" decoding=\"async\" data-attachment-id=\"598\" data-permalink=\"https:\/\/musicasemsegredos.com\/index.php\/2017\/04\/01\/o-que-e-modulacao\/ole%cc%82-ola\/\" data-orig-file=\"https:\/\/i0.wp.com\/musicasemsegredos.com\/wp-content\/uploads\/2017\/04\/Ole%CC%82-Ola%CC%81.png?fit=2239%2C2138&amp;ssl=1\" data-orig-size=\"2239,2138\" data-comments-opened=\"1\" data-image-meta=\"{&quot;aperture&quot;:&quot;0&quot;,&quot;credit&quot;:&quot;&quot;,&quot;camera&quot;:&quot;&quot;,&quot;caption&quot;:&quot;&quot;,&quot;created_timestamp&quot;:&quot;0&quot;,&quot;copyright&quot;:&quot;&quot;,&quot;focal_length&quot;:&quot;0&quot;,&quot;iso&quot;:&quot;0&quot;,&quot;shutter_speed&quot;:&quot;0&quot;,&quot;title&quot;:&quot;&quot;,&quot;orientation&quot;:&quot;0&quot;}\" data-image-title=\"Ole\u0302 Ola\u0301 &amp;#8211; Modula\u00e7\u00f5es\" data-image-description=\"&lt;p&gt;Exemplo de modula\u00e7\u00f5es crom\u00e1ticas na musica Ol\u00ea Ol\u00e1 de Chico Buarque&lt;\/p&gt;\n\" data-image-caption=\"\" data-large-file=\"https:\/\/i0.wp.com\/musicasemsegredos.com\/wp-content\/uploads\/2017\/04\/Ole%CC%82-Ola%CC%81.png?fit=660%2C630&amp;ssl=1\" src=\"https:\/\/i0.wp.com\/musicasemsegredos.com\/wp-content\/uploads\/2017\/04\/Ole%CC%82-Ola%CC%81-300x286.png?resize=539%2C514\" alt=\"\" class=\"wp-image-598\" width=\"539\" height=\"514\" srcset=\"https:\/\/i0.wp.com\/musicasemsegredos.com\/wp-content\/uploads\/2017\/04\/Ole%CC%82-Ola%CC%81.png?resize=300%2C286&amp;ssl=1 300w, https:\/\/i0.wp.com\/musicasemsegredos.com\/wp-content\/uploads\/2017\/04\/Ole%CC%82-Ola%CC%81.png?resize=768%2C733&amp;ssl=1 768w, https:\/\/i0.wp.com\/musicasemsegredos.com\/wp-content\/uploads\/2017\/04\/Ole%CC%82-Ola%CC%81.png?resize=1024%2C978&amp;ssl=1 1024w, https:\/\/i0.wp.com\/musicasemsegredos.com\/wp-content\/uploads\/2017\/04\/Ole%CC%82-Ola%CC%81.png?w=1320&amp;ssl=1 1320w, https:\/\/i0.wp.com\/musicasemsegredos.com\/wp-content\/uploads\/2017\/04\/Ole%CC%82-Ola%CC%81.png?w=1980&amp;ssl=1 1980w\" sizes=\"auto, (max-width: 539px) 100vw, 539px\" \/><\/figure><\/div>\n\n\n\n<p class=\"p1 wp-block-paragraph\">Ou\u00e7a o trecho da m\u00fasica a seguir.<\/p>\n\n\n<audio class=\"wp-audio-shortcode\" id=\"audio-596-1\" preload=\"none\" style=\"width: 100%;\" controls=\"controls\"><source type=\"audio\/mpeg\" src=\"http:\/\/musicasemsegredos.com\/wp-content\/uploads\/2017\/04\/OleOlaMp3-1.mp3?_=1\" \/><a href=\"http:\/\/musicasemsegredos.com\/wp-content\/uploads\/2017\/04\/OleOlaMp3-1.mp3\">http:\/\/musicasemsegredos.com\/wp-content\/uploads\/2017\/04\/OleOlaMp3-1.mp3<\/a><\/audio>\n\n\n\n<center><iframe style=\"width:120px;height:240px;\" marginwidth=\"0\" marginheight=\"0\" scrolling=\"no\" frameborder=\"0\" src=\"\/\/ws-na.amazon-adsystem.com\/widgets\/q?ServiceVersion=20070822&amp;OneJS=1&amp;Operation=GetAdHtml&amp;MarketPlace=BR&amp;source=ss&amp;ref=as_ss_li_til&amp;ad_type=product_link&amp;tracking_id=nevesf-20&amp;language=pt_BR&amp;marketplace=amazon&amp;region=BR&amp;placement=8574072958&amp;asins=8574072958&amp;linkId=e6f68dc2c161629917082d2dc2215e2f&amp;show_border=true&amp;link_opens_in_new_window=true\"><\/iframe> <iframe style=\"width:120px;height:240px;\" marginwidth=\"0\" marginheight=\"0\" scrolling=\"no\" frameborder=\"0\" src=\"\/\/ws-na.amazon-adsystem.com\/widgets\/q?ServiceVersion=20070822&amp;OneJS=1&amp;Operation=GetAdHtml&amp;MarketPlace=BR&amp;source=ss&amp;ref=as_ss_li_til&amp;ad_type=product_link&amp;tracking_id=nevesf-20&amp;language=pt_BR&amp;marketplace=amazon&amp;region=BR&amp;placement=8574072885&amp;asins=8574072885&amp;linkId=cfaf8606c518f50fc0d7664e75950ce3&amp;show_border=true&amp;link_opens_in_new_window=true\"><\/iframe> <iframe style=\"width:120px;height:240px;\" marginwidth=\"0\" marginheight=\"0\" scrolling=\"no\" frameborder=\"0\" src=\"\/\/ws-na.amazon-adsystem.com\/widgets\/q?ServiceVersion=20070822&amp;OneJS=1&amp;Operation=GetAdHtml&amp;MarketPlace=BR&amp;source=ss&amp;ref=as_ss_li_til&amp;ad_type=product_link&amp;tracking_id=nevesf-20&amp;language=pt_BR&amp;marketplace=amazon&amp;region=BR&amp;placement=857407263X&amp;asins=857407263X&amp;linkId=b470c8384c20c693166e7c3fee48f92c&amp;show_border=true&amp;link_opens_in_new_window=true\"><\/iframe> <iframe style=\"width:120px;height:240px;\" marginwidth=\"0\" marginheight=\"0\" scrolling=\"no\" frameborder=\"0\" src=\"\/\/ws-na.amazon-adsystem.com\/widgets\/q?ServiceVersion=20070822&amp;OneJS=1&amp;Operation=GetAdHtml&amp;MarketPlace=BR&amp;source=ss&amp;ref=as_ss_li_til&amp;ad_type=product_link&amp;tracking_id=nevesf-20&amp;language=pt_BR&amp;marketplace=amazon&amp;region=BR&amp;placement=9788589812&amp;asins=9788589812&amp;linkId=3e6876555433376b942930fd096e4690&amp;show_border=true&amp;link_opens_in_new_window=true\"><\/iframe><\/center>\n\n\n\n<h4 class=\"wp-block-heading\">T\u00e9cnicas<\/h4>\n\n\n\n<p class=\"p1 wp-block-paragraph\">H\u00e1 v\u00e1rias t\u00e9cnicas para modula\u00e7\u00f5es, no entanto o mais usado e considerado uma das melhores \u00e9 o uso de acordes de s\u00e9tima da dominante ou acordes de s\u00e9tima da dominante com quinta aumentada. S\u00e3o usuais tamb\u00e9m os acordes de nona e de sexta da dominante. No modo menor emprega-se tamb\u00e9m frequentemente os acorde de s\u00e9tima diminuta ou meio diminuta.<\/p>\n","protected":false},"excerpt":{"rendered":"<p>Imagem: F.Neves Modula\u00e7\u00e3o \u00e9 a mudan\u00e7a de tonalidade no decorrer da can\u00e7\u00e3o (composi\u00e7\u00e3o). Na m\u00fasica cl\u00e1ssica podemos ter uma pe\u00e7a pequena que come\u00e7a e termina no mesmo tom, no entanto, composi\u00e7\u00f5es mais longa podem ficar entediantes sem mudan\u00e7as de tonalidades. Arnold Schoenberg, um dos mais conhecidos compositores do s\u00e9culo XX compara a modula\u00e7\u00e3o com a &hellip; <a href=\"https:\/\/musicasemsegredos.com\/index.php\/2017\/04\/01\/o-que-e-modulacao\/\" class=\"more-link\">Continuar lendo <span class=\"screen-reader-text\">O que \u00e9 Modula\u00e7\u00e3o?<\/span><\/a><\/p>\n","protected":false},"author":1,"featured_media":604,"comment_status":"open","ping_status":"open","sticky":false,"template":"","format":"standard","meta":{"_jetpack_newsletter_access":"","_jetpack_dont_email_post_to_subs":false,"_jetpack_newsletter_tier_id":0,"_jetpack_memberships_contains_paywalled_content":false,"_jetpack_feature_clip_id":0,"_jetpack_memberships_contains_paid_content":false,"footnotes":"","jetpack_publicize_message":"","jetpack_publicize_feature_enabled":true,"jetpack_social_post_already_shared":true,"jetpack_social_options":{"image_generator_settings":{"template":"highway","default_image_id":0,"font":"","enabled":false},"version":2},"jetpack_post_was_ever_published":false},"categories":[106,9],"tags":[197,198,196,98,193,40,108,192,5,194,13,59,195,23,115],"class_list":["post-596","post","type-post","status-publish","format-standard","has-post-thumbnail","hentry","category-pratica-de-instrumento","category-teoria-musical","tag-acorde-de-nona","tag-acorde-de-quinta-aumentada","tag-acorde-de-sexta","tag-acordes","tag-chico-buarque","tag-escala","tag-guitarra","tag-modulacao","tag-musica","tag-ole-ola","tag-partitura","tag-piano","tag-setima-da-dominante","tag-teoria-musical","tag-violao"],"aioseo_notices":[],"aioseo_head":"\n\t\t<!-- All in One SEO 5.0.1.1 - aioseo.com -->\n\t<meta name=\"description\" content=\"Imagem: F.Neves Modula\u00e7\u00e3o \u00e9 a mudan\u00e7a de tonalidade no decorrer da can\u00e7\u00e3o (composi\u00e7\u00e3o). Na m\u00fasica cl\u00e1ssica podemos ter uma pe\u00e7a pequena que come\u00e7a e termina no mesmo tom, no entanto, composi\u00e7\u00f5es mais longa podem ficar entediantes sem mudan\u00e7as de tonalidades. Arnold Schoenberg, um dos mais conhecidos compositores do s\u00e9culo XX compara a modula\u00e7\u00e3o com a\" \/>\n\t<meta name=\"robots\" content=\"max-image-preview:large\" \/>\n\t<meta name=\"author\" content=\"nevesf\"\/>\n\t<link rel=\"canonical\" href=\"https:\/\/musicasemsegredos.com\/index.php\/2017\/04\/01\/o-que-e-modulacao\/\" \/>\n\t<meta name=\"generator\" content=\"All in One SEO (AIOSEO) 5.0.1.1\" \/>\n\t\t<meta property=\"og:locale\" content=\"pt_BR\" \/>\n\t\t<meta property=\"og:site_name\" content=\"M\u00fasica sem Segredos - Musica para todos\" \/>\n\t\t<meta property=\"og:type\" content=\"article\" \/>\n\t\t<meta property=\"og:title\" content=\"O que \u00e9 Modula\u00e7\u00e3o? - M\u00fasica sem Segredos\" \/>\n\t\t<meta property=\"og:description\" content=\"Imagem: F.Neves Modula\u00e7\u00e3o \u00e9 a mudan\u00e7a de tonalidade no decorrer da can\u00e7\u00e3o (composi\u00e7\u00e3o). Na m\u00fasica cl\u00e1ssica podemos ter uma pe\u00e7a pequena que come\u00e7a e termina no mesmo tom, no entanto, composi\u00e7\u00f5es mais longa podem ficar entediantes sem mudan\u00e7as de tonalidades. Arnold Schoenberg, um dos mais conhecidos compositores do s\u00e9culo XX compara a modula\u00e7\u00e3o com a\" \/>\n\t\t<meta property=\"og:url\" content=\"https:\/\/musicasemsegredos.com\/index.php\/2017\/04\/01\/o-que-e-modulacao\/\" \/>\n\t\t<meta property=\"og:image\" content=\"https:\/\/i0.wp.com\/musicasemsegredos.com\/wp-content\/uploads\/2017\/01\/cropped-cropped-MusicaSemSegredos512x512.jpg?fit=248248&#038;ssl=1\" \/>\n\t\t<meta property=\"og:image:secure_url\" content=\"https:\/\/i0.wp.com\/musicasemsegredos.com\/wp-content\/uploads\/2017\/01\/cropped-cropped-MusicaSemSegredos512x512.jpg?fit=248248&#038;ssl=1\" \/>\n\t\t<meta property=\"article:published_time\" content=\"2017-04-01T14:51:34+00:00\" \/>\n\t\t<meta property=\"article:modified_time\" content=\"2021-09-20T22:11:08+00:00\" \/>\n\t\t<meta name=\"twitter:card\" content=\"summary_large_image\" \/>\n\t\t<meta name=\"twitter:title\" content=\"O que \u00e9 Modula\u00e7\u00e3o? - M\u00fasica sem Segredos\" \/>\n\t\t<meta name=\"twitter:description\" content=\"Imagem: F.Neves Modula\u00e7\u00e3o \u00e9 a mudan\u00e7a de tonalidade no decorrer da can\u00e7\u00e3o (composi\u00e7\u00e3o). Na m\u00fasica cl\u00e1ssica podemos ter uma pe\u00e7a pequena que come\u00e7a e termina no mesmo tom, no entanto, composi\u00e7\u00f5es mais longa podem ficar entediantes sem mudan\u00e7as de tonalidades. Arnold Schoenberg, um dos mais conhecidos compositores do s\u00e9culo XX compara a modula\u00e7\u00e3o com a\" \/>\n\t\t<meta name=\"twitter:image\" content=\"https:\/\/i0.wp.com\/musicasemsegredos.com\/wp-content\/uploads\/2017\/01\/cropped-cropped-MusicaSemSegredos512x512.jpg?fit=248248&amp;ssl=1\" \/>\n\t\t<script type=\"application\/ld+json\" class=\"aioseo-schema\">\n\t\t\t{\"@context\":\"https:\\\/\\\/schema.org\",\"@graph\":[{\"@type\":\"BlogPosting\",\"@id\":\"https:\\\/\\\/musicasemsegredos.com\\\/index.php\\\/2017\\\/04\\\/01\\\/o-que-e-modulacao\\\/#blogposting\",\"name\":\"O que \\u00e9 Modula\\u00e7\\u00e3o? - M\\u00fasica sem Segredos\",\"headline\":\"O que \\u00e9 Modula\\u00e7\\u00e3o?\",\"author\":{\"@id\":\"https:\\\/\\\/musicasemsegredos.com\\\/index.php\\\/author\\\/nevesf\\\/#author\"},\"publisher\":{\"@id\":\"https:\\\/\\\/musicasemsegredos.com\\\/#organization\"},\"image\":{\"@type\":\"ImageObject\",\"url\":\"https:\\\/\\\/i0.wp.com\\\/musicasemsegredos.com\\\/wp-content\\\/uploads\\\/2017\\\/04\\\/cafepartitura.jpg?fit=4365%2C2910&ssl=1\",\"width\":4365,\"height\":2910},\"datePublished\":\"2017-04-01T14:51:34-03:00\",\"dateModified\":\"2021-09-20T19:11:08-03:00\",\"inLanguage\":\"pt-BR\",\"mainEntityOfPage\":{\"@id\":\"https:\\\/\\\/musicasemsegredos.com\\\/index.php\\\/2017\\\/04\\\/01\\\/o-que-e-modulacao\\\/#webpage\"},\"isPartOf\":{\"@id\":\"https:\\\/\\\/musicasemsegredos.com\\\/index.php\\\/2017\\\/04\\\/01\\\/o-que-e-modulacao\\\/#webpage\"},\"articleSection\":\"Pr\\u00e1tica de instrumento, Teoria Musical, acorde de nona, acorde de quinta aumentada, acorde de sexta, acordes, Chico Buarque, escala, guitarra, modula\\u00e7\\u00e3o, musica, Ol\\u00ea Ol\\u00e1, partitura, piano, s\\u00e9tima da dominante, teoria musical, viol\\u00e3o\"},{\"@type\":\"BreadcrumbList\",\"@id\":\"https:\\\/\\\/musicasemsegredos.com\\\/index.php\\\/2017\\\/04\\\/01\\\/o-que-e-modulacao\\\/#breadcrumblist\",\"itemListElement\":[{\"@type\":\"ListItem\",\"@id\":\"https:\\\/\\\/musicasemsegredos.com#listItem\",\"position\":1,\"name\":\"Home\",\"item\":\"https:\\\/\\\/musicasemsegredos.com\",\"nextItem\":{\"@type\":\"ListItem\",\"@id\":\"https:\\\/\\\/musicasemsegredos.com\\\/index.php\\\/category\\\/teoria-musical\\\/#listItem\",\"name\":\"Teoria Musical\"}},{\"@type\":\"ListItem\",\"@id\":\"https:\\\/\\\/musicasemsegredos.com\\\/index.php\\\/category\\\/teoria-musical\\\/#listItem\",\"position\":2,\"name\":\"Teoria Musical\",\"item\":\"https:\\\/\\\/musicasemsegredos.com\\\/index.php\\\/category\\\/teoria-musical\\\/\",\"nextItem\":{\"@type\":\"ListItem\",\"@id\":\"https:\\\/\\\/musicasemsegredos.com\\\/index.php\\\/2017\\\/04\\\/01\\\/o-que-e-modulacao\\\/#listItem\",\"name\":\"O que \\u00e9 Modula\\u00e7\\u00e3o?\"},\"previousItem\":{\"@type\":\"ListItem\",\"@id\":\"https:\\\/\\\/musicasemsegredos.com#listItem\",\"name\":\"Home\"}},{\"@type\":\"ListItem\",\"@id\":\"https:\\\/\\\/musicasemsegredos.com\\\/index.php\\\/2017\\\/04\\\/01\\\/o-que-e-modulacao\\\/#listItem\",\"position\":3,\"name\":\"O que \\u00e9 Modula\\u00e7\\u00e3o?\",\"previousItem\":{\"@type\":\"ListItem\",\"@id\":\"https:\\\/\\\/musicasemsegredos.com\\\/index.php\\\/category\\\/teoria-musical\\\/#listItem\",\"name\":\"Teoria Musical\"}}]},{\"@type\":\"Organization\",\"@id\":\"https:\\\/\\\/musicasemsegredos.com\\\/#organization\",\"name\":\"M\\u00fasica sem Segredos\",\"description\":\"Musica para todos\",\"url\":\"https:\\\/\\\/musicasemsegredos.com\\\/\",\"logo\":{\"@type\":\"ImageObject\",\"url\":\"https:\\\/\\\/i0.wp.com\\\/musicasemsegredos.com\\\/wp-content\\\/uploads\\\/2017\\\/01\\\/cropped-cropped-MusicaSemSegredos512x512.jpg?fit=248%2C248&ssl=1\",\"@id\":\"https:\\\/\\\/musicasemsegredos.com\\\/index.php\\\/2017\\\/04\\\/01\\\/o-que-e-modulacao\\\/#organizationLogo\",\"width\":248,\"height\":248},\"image\":{\"@id\":\"https:\\\/\\\/musicasemsegredos.com\\\/index.php\\\/2017\\\/04\\\/01\\\/o-que-e-modulacao\\\/#organizationLogo\"}},{\"@type\":\"Person\",\"@id\":\"https:\\\/\\\/musicasemsegredos.com\\\/index.php\\\/author\\\/nevesf\\\/#author\",\"url\":\"https:\\\/\\\/musicasemsegredos.com\\\/index.php\\\/author\\\/nevesf\\\/\",\"name\":\"nevesf\",\"image\":{\"@type\":\"ImageObject\",\"@id\":\"https:\\\/\\\/musicasemsegredos.com\\\/index.php\\\/2017\\\/04\\\/01\\\/o-que-e-modulacao\\\/#authorImage\",\"url\":\"https:\\\/\\\/secure.gravatar.com\\\/avatar\\\/40a180061deabb68d04bd9f812bde2b372b5d57984baf7dd947ee866377d90fb?s=96&d=blank&r=g\",\"width\":96,\"height\":96,\"caption\":\"nevesf\"}},{\"@type\":\"WebPage\",\"@id\":\"https:\\\/\\\/musicasemsegredos.com\\\/index.php\\\/2017\\\/04\\\/01\\\/o-que-e-modulacao\\\/#webpage\",\"url\":\"https:\\\/\\\/musicasemsegredos.com\\\/index.php\\\/2017\\\/04\\\/01\\\/o-que-e-modulacao\\\/\",\"name\":\"O que \\u00e9 Modula\\u00e7\\u00e3o? - M\\u00fasica sem Segredos\",\"description\":\"Imagem: F.Neves Modula\\u00e7\\u00e3o \\u00e9 a mudan\\u00e7a de tonalidade no decorrer da can\\u00e7\\u00e3o (composi\\u00e7\\u00e3o). Na m\\u00fasica cl\\u00e1ssica podemos ter uma pe\\u00e7a pequena que come\\u00e7a e termina no mesmo tom, no entanto, composi\\u00e7\\u00f5es mais longa podem ficar entediantes sem mudan\\u00e7as de tonalidades. Arnold Schoenberg, um dos mais conhecidos compositores do s\\u00e9culo XX compara a modula\\u00e7\\u00e3o com a\",\"inLanguage\":\"pt-BR\",\"isPartOf\":{\"@id\":\"https:\\\/\\\/musicasemsegredos.com\\\/#website\"},\"breadcrumb\":{\"@id\":\"https:\\\/\\\/musicasemsegredos.com\\\/index.php\\\/2017\\\/04\\\/01\\\/o-que-e-modulacao\\\/#breadcrumblist\"},\"author\":{\"@id\":\"https:\\\/\\\/musicasemsegredos.com\\\/index.php\\\/author\\\/nevesf\\\/#author\"},\"creator\":{\"@id\":\"https:\\\/\\\/musicasemsegredos.com\\\/index.php\\\/author\\\/nevesf\\\/#author\"},\"image\":{\"@type\":\"ImageObject\",\"url\":\"https:\\\/\\\/i0.wp.com\\\/musicasemsegredos.com\\\/wp-content\\\/uploads\\\/2017\\\/04\\\/cafepartitura.jpg?fit=4365%2C2910&ssl=1\",\"@id\":\"https:\\\/\\\/musicasemsegredos.com\\\/index.php\\\/2017\\\/04\\\/01\\\/o-que-e-modulacao\\\/#mainImage\",\"width\":4365,\"height\":2910},\"primaryImageOfPage\":{\"@id\":\"https:\\\/\\\/musicasemsegredos.com\\\/index.php\\\/2017\\\/04\\\/01\\\/o-que-e-modulacao\\\/#mainImage\"},\"datePublished\":\"2017-04-01T14:51:34-03:00\",\"dateModified\":\"2021-09-20T19:11:08-03:00\"},{\"@type\":\"WebSite\",\"@id\":\"https:\\\/\\\/musicasemsegredos.com\\\/#website\",\"url\":\"https:\\\/\\\/musicasemsegredos.com\\\/\",\"name\":\"M\\u00fasica sem Segredos\",\"description\":\"Musica para todos\",\"inLanguage\":\"pt-BR\",\"publisher\":{\"@id\":\"https:\\\/\\\/musicasemsegredos.com\\\/#organization\"}}]}\n\t\t<\/script>\n\t\t<!-- All in One SEO -->\n\n","aioseo_head_json":{"title":"O que \u00e9 Modula\u00e7\u00e3o? - M\u00fasica sem Segredos","description":"Imagem: F.Neves Modula\u00e7\u00e3o \u00e9 a mudan\u00e7a de tonalidade no decorrer da can\u00e7\u00e3o (composi\u00e7\u00e3o). Na m\u00fasica cl\u00e1ssica podemos ter uma pe\u00e7a pequena que come\u00e7a e termina no mesmo tom, no entanto, composi\u00e7\u00f5es mais longa podem ficar entediantes sem mudan\u00e7as de tonalidades. Arnold Schoenberg, um dos mais conhecidos compositores do s\u00e9culo XX compara a modula\u00e7\u00e3o com a","canonical_url":"https:\/\/musicasemsegredos.com\/index.php\/2017\/04\/01\/o-que-e-modulacao\/","robots":"max-image-preview:large","keywords":"","webmasterTools":{"miscellaneous":""},"schema":{"@context":"https:\/\/schema.org","@graph":[{"@type":"BlogPosting","@id":"https:\/\/musicasemsegredos.com\/index.php\/2017\/04\/01\/o-que-e-modulacao\/#blogposting","name":"O que \u00e9 Modula\u00e7\u00e3o? - M\u00fasica sem Segredos","headline":"O que \u00e9 Modula\u00e7\u00e3o?","author":{"@id":"https:\/\/musicasemsegredos.com\/index.php\/author\/nevesf\/#author"},"publisher":{"@id":"https:\/\/musicasemsegredos.com\/#organization"},"image":{"@type":"ImageObject","url":"https:\/\/i0.wp.com\/musicasemsegredos.com\/wp-content\/uploads\/2017\/04\/cafepartitura.jpg?fit=4365%2C2910&ssl=1","width":4365,"height":2910},"datePublished":"2017-04-01T14:51:34-03:00","dateModified":"2021-09-20T19:11:08-03:00","inLanguage":"pt-BR","mainEntityOfPage":{"@id":"https:\/\/musicasemsegredos.com\/index.php\/2017\/04\/01\/o-que-e-modulacao\/#webpage"},"isPartOf":{"@id":"https:\/\/musicasemsegredos.com\/index.php\/2017\/04\/01\/o-que-e-modulacao\/#webpage"},"articleSection":"Pr\u00e1tica de instrumento, Teoria Musical, acorde de nona, acorde de quinta aumentada, acorde de sexta, acordes, Chico Buarque, escala, guitarra, modula\u00e7\u00e3o, musica, Ol\u00ea Ol\u00e1, partitura, piano, s\u00e9tima da dominante, teoria musical, viol\u00e3o"},{"@type":"BreadcrumbList","@id":"https:\/\/musicasemsegredos.com\/index.php\/2017\/04\/01\/o-que-e-modulacao\/#breadcrumblist","itemListElement":[{"@type":"ListItem","@id":"https:\/\/musicasemsegredos.com#listItem","position":1,"name":"Home","item":"https:\/\/musicasemsegredos.com","nextItem":{"@type":"ListItem","@id":"https:\/\/musicasemsegredos.com\/index.php\/category\/teoria-musical\/#listItem","name":"Teoria Musical"}},{"@type":"ListItem","@id":"https:\/\/musicasemsegredos.com\/index.php\/category\/teoria-musical\/#listItem","position":2,"name":"Teoria Musical","item":"https:\/\/musicasemsegredos.com\/index.php\/category\/teoria-musical\/","nextItem":{"@type":"ListItem","@id":"https:\/\/musicasemsegredos.com\/index.php\/2017\/04\/01\/o-que-e-modulacao\/#listItem","name":"O que \u00e9 Modula\u00e7\u00e3o?"},"previousItem":{"@type":"ListItem","@id":"https:\/\/musicasemsegredos.com#listItem","name":"Home"}},{"@type":"ListItem","@id":"https:\/\/musicasemsegredos.com\/index.php\/2017\/04\/01\/o-que-e-modulacao\/#listItem","position":3,"name":"O que \u00e9 Modula\u00e7\u00e3o?","previousItem":{"@type":"ListItem","@id":"https:\/\/musicasemsegredos.com\/index.php\/category\/teoria-musical\/#listItem","name":"Teoria Musical"}}]},{"@type":"Organization","@id":"https:\/\/musicasemsegredos.com\/#organization","name":"M\u00fasica sem Segredos","description":"Musica para todos","url":"https:\/\/musicasemsegredos.com\/","logo":{"@type":"ImageObject","url":"https:\/\/i0.wp.com\/musicasemsegredos.com\/wp-content\/uploads\/2017\/01\/cropped-cropped-MusicaSemSegredos512x512.jpg?fit=248%2C248&ssl=1","@id":"https:\/\/musicasemsegredos.com\/index.php\/2017\/04\/01\/o-que-e-modulacao\/#organizationLogo","width":248,"height":248},"image":{"@id":"https:\/\/musicasemsegredos.com\/index.php\/2017\/04\/01\/o-que-e-modulacao\/#organizationLogo"}},{"@type":"Person","@id":"https:\/\/musicasemsegredos.com\/index.php\/author\/nevesf\/#author","url":"https:\/\/musicasemsegredos.com\/index.php\/author\/nevesf\/","name":"nevesf","image":{"@type":"ImageObject","@id":"https:\/\/musicasemsegredos.com\/index.php\/2017\/04\/01\/o-que-e-modulacao\/#authorImage","url":"https:\/\/secure.gravatar.com\/avatar\/40a180061deabb68d04bd9f812bde2b372b5d57984baf7dd947ee866377d90fb?s=96&d=blank&r=g","width":96,"height":96,"caption":"nevesf"}},{"@type":"WebPage","@id":"https:\/\/musicasemsegredos.com\/index.php\/2017\/04\/01\/o-que-e-modulacao\/#webpage","url":"https:\/\/musicasemsegredos.com\/index.php\/2017\/04\/01\/o-que-e-modulacao\/","name":"O que \u00e9 Modula\u00e7\u00e3o? - M\u00fasica sem Segredos","description":"Imagem: F.Neves Modula\u00e7\u00e3o \u00e9 a mudan\u00e7a de tonalidade no decorrer da can\u00e7\u00e3o (composi\u00e7\u00e3o). Na m\u00fasica cl\u00e1ssica podemos ter uma pe\u00e7a pequena que come\u00e7a e termina no mesmo tom, no entanto, composi\u00e7\u00f5es mais longa podem ficar entediantes sem mudan\u00e7as de tonalidades. Arnold Schoenberg, um dos mais conhecidos compositores do s\u00e9culo XX compara a modula\u00e7\u00e3o com a","inLanguage":"pt-BR","isPartOf":{"@id":"https:\/\/musicasemsegredos.com\/#website"},"breadcrumb":{"@id":"https:\/\/musicasemsegredos.com\/index.php\/2017\/04\/01\/o-que-e-modulacao\/#breadcrumblist"},"author":{"@id":"https:\/\/musicasemsegredos.com\/index.php\/author\/nevesf\/#author"},"creator":{"@id":"https:\/\/musicasemsegredos.com\/index.php\/author\/nevesf\/#author"},"image":{"@type":"ImageObject","url":"https:\/\/i0.wp.com\/musicasemsegredos.com\/wp-content\/uploads\/2017\/04\/cafepartitura.jpg?fit=4365%2C2910&ssl=1","@id":"https:\/\/musicasemsegredos.com\/index.php\/2017\/04\/01\/o-que-e-modulacao\/#mainImage","width":4365,"height":2910},"primaryImageOfPage":{"@id":"https:\/\/musicasemsegredos.com\/index.php\/2017\/04\/01\/o-que-e-modulacao\/#mainImage"},"datePublished":"2017-04-01T14:51:34-03:00","dateModified":"2021-09-20T19:11:08-03:00"},{"@type":"WebSite","@id":"https:\/\/musicasemsegredos.com\/#website","url":"https:\/\/musicasemsegredos.com\/","name":"M\u00fasica sem Segredos","description":"Musica para todos","inLanguage":"pt-BR","publisher":{"@id":"https:\/\/musicasemsegredos.com\/#organization"}}]},"og:locale":"pt_BR","og:site_name":"M\u00fasica sem Segredos - Musica para todos","og:type":"article","og:title":"O que \u00e9 Modula\u00e7\u00e3o? - M\u00fasica sem Segredos","og:description":"Imagem: F.Neves Modula\u00e7\u00e3o \u00e9 a mudan\u00e7a de tonalidade no decorrer da can\u00e7\u00e3o (composi\u00e7\u00e3o). Na m\u00fasica cl\u00e1ssica podemos ter uma pe\u00e7a pequena que come\u00e7a e termina no mesmo tom, no entanto, composi\u00e7\u00f5es mais longa podem ficar entediantes sem mudan\u00e7as de tonalidades. Arnold Schoenberg, um dos mais conhecidos compositores do s\u00e9culo XX compara a modula\u00e7\u00e3o com a","og:url":"https:\/\/musicasemsegredos.com\/index.php\/2017\/04\/01\/o-que-e-modulacao\/","og:image":"https:\/\/i0.wp.com\/musicasemsegredos.com\/wp-content\/uploads\/2017\/01\/cropped-cropped-MusicaSemSegredos512x512.jpg?fit=248248&#038;ssl=1","og:image:secure_url":"https:\/\/i0.wp.com\/musicasemsegredos.com\/wp-content\/uploads\/2017\/01\/cropped-cropped-MusicaSemSegredos512x512.jpg?fit=248248&#038;ssl=1","article:published_time":"2017-04-01T14:51:34+00:00","article:modified_time":"2021-09-20T22:11:08+00:00","twitter:card":"summary_large_image","twitter:title":"O que \u00e9 Modula\u00e7\u00e3o? - M\u00fasica sem Segredos","twitter:description":"Imagem: F.Neves Modula\u00e7\u00e3o \u00e9 a mudan\u00e7a de tonalidade no decorrer da can\u00e7\u00e3o (composi\u00e7\u00e3o). Na m\u00fasica cl\u00e1ssica podemos ter uma pe\u00e7a pequena que come\u00e7a e termina no mesmo tom, no entanto, composi\u00e7\u00f5es mais longa podem ficar entediantes sem mudan\u00e7as de tonalidades. Arnold Schoenberg, um dos mais conhecidos compositores do s\u00e9culo XX compara a modula\u00e7\u00e3o com a","twitter:image":"https:\/\/i0.wp.com\/musicasemsegredos.com\/wp-content\/uploads\/2017\/01\/cropped-cropped-MusicaSemSegredos512x512.jpg?fit=248248&ssl=1"},"aioseo_meta_data":{"post_id":"596","title":null,"description":null,"keywords":null,"keyphrases":null,"focus_keyword":null,"additional_keywords":null,"truseo_locale":null,"primary_term":null,"canonical_url":null,"og_title":null,"og_description":null,"og_object_type":"default","og_image_type":"default","og_image_custom_url":null,"og_image_custom_fields":null,"og_image_url":null,"og_image_width":null,"og_image_height":null,"og_video":null,"og_custom_url":null,"og_article_section":null,"og_article_tags":null,"twitter_use_og":false,"twitter_card":"default","twitter_image_type":"default","twitter_image_custom_url":null,"twitter_image_custom_fields":null,"twitter_image_url":null,"twitter_title":null,"twitter_description":null,"schema_type":"default","schema_type_options":null,"schema":{"blockGraphs":[],"customGraphs":[],"default":{"data":{"Article":[],"Course":[],"Dataset":[],"FAQPage":[],"Movie":[],"Person":[],"Product":[],"ProductReview":[],"Car":[],"Recipe":[],"Service":[],"SoftwareApplication":[],"WebPage":[]},"graphName":"","isEnabled":true},"graphs":[]},"pillar_content":false,"robots_default":true,"robots_noindex":false,"robots_noarchive":false,"robots_nosnippet":false,"robots_nofollow":false,"robots_noimageindex":false,"robots_noodp":false,"robots_notranslate":false,"robots_max_snippet":null,"robots_max_videopreview":null,"robots_max_imagepreview":"large","priority":null,"frequency":null,"local_seo":null,"limit_modified_date":false,"ai":null,"breadcrumb_settings":null,"seo_analyzer_scan_date":null,"created":"2026-09-02 23:03:02","updated":"2026-09-02 23:03:02"},"aioseo_breadcrumb":"<div class=\"aioseo-breadcrumbs\"><span class=\"aioseo-breadcrumb\">\n\t\t\t<a href=\"https:\/\/musicasemsegredos.com\" title=\"Home\">Home<\/a>\n\t\t<\/span><span class=\"aioseo-breadcrumb-separator\">&raquo;<\/span><span class=\"aioseo-breadcrumb\">\n\t\t\t<a href=\"https:\/\/musicasemsegredos.com\/index.php\/category\/teoria-musical\/\" title=\"Teoria Musical\">Teoria Musical<\/a>\n\t\t<\/span><span class=\"aioseo-breadcrumb-separator\">&raquo;<\/span><span class=\"aioseo-breadcrumb\">\n\t\t\tO que \u00e9 Modula\u00e7\u00e3o?\n\t\t<\/span><\/div>","aioseo_breadcrumb_json":[{"label":"Home","link":"https:\/\/musicasemsegredos.com"},{"label":"Teoria Musical","link":"https:\/\/musicasemsegredos.com\/index.php\/category\/teoria-musical\/"},{"label":"O que \u00e9 Modula\u00e7\u00e3o?","link":"https:\/\/musicasemsegredos.com\/index.php\/2017\/04\/01\/o-que-e-modulacao\/"}],"jetpack_publicize_connections":[],"jetpack_sharing_enabled":true,"jetpack_shortlink":"https:\/\/wp.me\/p8f7pv-9C","jetpack-related-posts":[{"id":607,"url":"https:\/\/musicasemsegredos.com\/index.php\/2017\/04\/08\/aprenda-a-modular-de-um-tom-a-outro-formulas-de-modulacao\/","url_meta":{"origin":596,"position":0},"title":"Aprenda a modular de um tom a outro &#8211; F\u00f3rmulas de Modula\u00e7\u00e3o","author":"nevesf","date":"08\/04\/2017","format":false,"excerpt":"Imagem: Pixabay.com\/StockSnap No nosso post anterior come\u00e7amos a falar sobre modula\u00e7\u00e3o. Neste vamos exemplificar como a modula\u00e7\u00e3o de um tom para outro pode ser feita com encadeamentos de acordes de s\u00e9tima da dominante onde o acorde que precede \u00e9 sempre a quinta com s\u00e9tima do acorde que o segue. No\u2026","rel":"","context":"Em &quot;Pr\u00e1tica de instrumento&quot;","block_context":{"text":"Pr\u00e1tica de instrumento","link":"https:\/\/musicasemsegredos.com\/index.php\/category\/pratica-de-instrumento\/"},"img":{"alt_text":"","src":"https:\/\/i0.wp.com\/musicasemsegredos.com\/wp-content\/uploads\/2017\/04\/piano-2564908_640.jpg?fit=640%2C516&ssl=1&resize=350%2C200","width":350,"height":200,"srcset":"https:\/\/i0.wp.com\/musicasemsegredos.com\/wp-content\/uploads\/2017\/04\/piano-2564908_640.jpg?fit=640%2C516&ssl=1&resize=350%2C200 1x, https:\/\/i0.wp.com\/musicasemsegredos.com\/wp-content\/uploads\/2017\/04\/piano-2564908_640.jpg?fit=640%2C516&ssl=1&resize=525%2C300 1.5x"},"classes":[]},{"id":1298,"url":"https:\/\/musicasemsegredos.com\/index.php\/2018\/03\/17\/dica-de-livro-teoria-da-musica-bohumil-med\/","url_meta":{"origin":596,"position":1},"title":"Dica de Livro: Teoria da M\u00fasica- Bohumil Med","author":"nevesf","date":"17\/03\/2018","format":false,"excerpt":"Neste post vamos dar uma dica legal de livro para aprender teoria musical. Trata-se do livro Teoria da M\u00fasica e seu autor \u00e9 Bohumil Med.\u00a0 O livro que tenho em m\u00e3os est\u00e1 na quarta edi\u00e7\u00e3o revista e ampliada, mas j\u00e1 est\u00e1 dispon\u00edvel a quinta edi\u00e7\u00e3o do livro (deixo link sno\u2026","rel":"","context":"Em &quot;livro&quot;","block_context":{"text":"livro","link":"https:\/\/musicasemsegredos.com\/index.php\/category\/livro\/"},"img":{"alt_text":"","src":"https:\/\/i0.wp.com\/musicasemsegredos.com\/wp-content\/uploads\/2018\/03\/TeoriadaMusicaPost.jpg?fit=1200%2C900&ssl=1&resize=350%2C200","width":350,"height":200,"srcset":"https:\/\/i0.wp.com\/musicasemsegredos.com\/wp-content\/uploads\/2018\/03\/TeoriadaMusicaPost.jpg?fit=1200%2C900&ssl=1&resize=350%2C200 1x, https:\/\/i0.wp.com\/musicasemsegredos.com\/wp-content\/uploads\/2018\/03\/TeoriadaMusicaPost.jpg?fit=1200%2C900&ssl=1&resize=525%2C300 1.5x, https:\/\/i0.wp.com\/musicasemsegredos.com\/wp-content\/uploads\/2018\/03\/TeoriadaMusicaPost.jpg?fit=1200%2C900&ssl=1&resize=700%2C400 2x, https:\/\/i0.wp.com\/musicasemsegredos.com\/wp-content\/uploads\/2018\/03\/TeoriadaMusicaPost.jpg?fit=1200%2C900&ssl=1&resize=1050%2C600 3x"},"classes":[]},{"id":19148,"url":"https:\/\/musicasemsegredos.com\/index.php\/2022\/05\/18\/joao-e-maria-de-sivuca-e-chico-buarque-arranjo-para-violao-solo\/","url_meta":{"origin":596,"position":2},"title":"Jo\u00e3o e Maria de Sivuca e Chico Buarque- Arranjo para viol\u00e3o solo","author":"nevesf","date":"18\/05\/2022","format":false,"excerpt":"Jo\u00e3o e Maria \u00e9 um cl\u00e1ssico da m\u00fasica popular brasileira dos anos 1970 lan\u00e7ado por Chico Buarque de Holanda em 1977. \ud83c\udfa7 SOBRE A M\u00daSICA A melodia da m\u00fasica foi composta pelo Maestro Sivuca (Severino Dias de Oliveira) em 1940, ano de nascimento de Chico Buarque. Depois de quase 30\u2026","rel":"","context":"Em &quot;composi\u00e7\u00e3o&quot;","block_context":{"text":"composi\u00e7\u00e3o","link":"https:\/\/musicasemsegredos.com\/index.php\/category\/composicao\/"},"img":{"alt_text":"Jo\u00e3o e Maria","src":"https:\/\/i0.wp.com\/musicasemsegredos.com\/wp-content\/uploads\/2022\/05\/JM.png?fit=703%2C473&ssl=1&resize=350%2C200","width":350,"height":200,"srcset":"https:\/\/i0.wp.com\/musicasemsegredos.com\/wp-content\/uploads\/2022\/05\/JM.png?fit=703%2C473&ssl=1&resize=350%2C200 1x, https:\/\/i0.wp.com\/musicasemsegredos.com\/wp-content\/uploads\/2022\/05\/JM.png?fit=703%2C473&ssl=1&resize=525%2C300 1.5x, https:\/\/i0.wp.com\/musicasemsegredos.com\/wp-content\/uploads\/2022\/05\/JM.png?fit=703%2C473&ssl=1&resize=700%2C400 2x"},"classes":[]},{"id":369,"url":"https:\/\/musicasemsegredos.com\/index.php\/2017\/01\/31\/aprenda-a-usar-as-escalas-e-os-acordes-relativos\/","url_meta":{"origin":596,"position":3},"title":"Aprenda a usar as escalas e os acordes relativos","author":"nevesf","date":"31\/01\/2017","format":false,"excerpt":"O que s\u00e3o escalas relativas? O pr\u00f3prio nome j\u00e1 diz que ela possui uma rela\u00e7\u00e3o com outra escala. Em uma linguagem mais coloquial dizemos que s\u00e3o parentes, certo? Mas por que s\u00e3o chamadas assim? Porque possuem as mesmas notas e compartilham a mesma armadura de clave, por\u00e9m pertencem a modos\u2026","rel":"","context":"Em &quot;Teoria Musical&quot;","block_context":{"text":"Teoria Musical","link":"https:\/\/musicasemsegredos.com\/index.php\/category\/teoria-musical\/"},"img":{"alt_text":"viol\u00e3o e partitura","src":"https:\/\/i0.wp.com\/musicasemsegredos.com\/wp-content\/uploads\/2017\/01\/violaoPartituraBW.jpg?fit=1200%2C674&ssl=1&resize=350%2C200","width":350,"height":200,"srcset":"https:\/\/i0.wp.com\/musicasemsegredos.com\/wp-content\/uploads\/2017\/01\/violaoPartituraBW.jpg?fit=1200%2C674&ssl=1&resize=350%2C200 1x, https:\/\/i0.wp.com\/musicasemsegredos.com\/wp-content\/uploads\/2017\/01\/violaoPartituraBW.jpg?fit=1200%2C674&ssl=1&resize=525%2C300 1.5x, https:\/\/i0.wp.com\/musicasemsegredos.com\/wp-content\/uploads\/2017\/01\/violaoPartituraBW.jpg?fit=1200%2C674&ssl=1&resize=700%2C400 2x, https:\/\/i0.wp.com\/musicasemsegredos.com\/wp-content\/uploads\/2017\/01\/violaoPartituraBW.jpg?fit=1200%2C674&ssl=1&resize=1050%2C600 3x"},"classes":[]},{"id":875,"url":"https:\/\/musicasemsegredos.com\/index.php\/2017\/08\/29\/o-que-sao-e-como-usar-os-acordes-diminutos\/","url_meta":{"origin":596,"position":4},"title":"O que s\u00e3o e como usar os acordes diminutos","author":"nevesf","date":"29\/08\/2017","format":false,"excerpt":"O que s\u00e3o acordes diminutos e para que servem? O acorde diminuto pode ser usado de diversas maneiras e h\u00e1 muitas d\u00favidas sobre como aplica-lo. Uma das aplica\u00e7\u00f5es \u00e9 us\u00e1-lo como acorde de passagem para dar um colorido \u00e0 harmonia, podendo tamb\u00e9m ser usado nas modula\u00e7\u00f5es (mudan\u00e7as de tonalidades, aproxima\u00e7\u00f5es\u2026","rel":"","context":"Em &quot;Acordes&quot;","block_context":{"text":"Acordes","link":"https:\/\/musicasemsegredos.com\/index.php\/category\/acordes\/"},"img":{"alt_text":"","src":"https:\/\/i0.wp.com\/musicasemsegredos.com\/wp-content\/uploads\/2017\/08\/acordediminuto-1.jpg?fit=1200%2C900&ssl=1&resize=350%2C200","width":350,"height":200,"srcset":"https:\/\/i0.wp.com\/musicasemsegredos.com\/wp-content\/uploads\/2017\/08\/acordediminuto-1.jpg?fit=1200%2C900&ssl=1&resize=350%2C200 1x, https:\/\/i0.wp.com\/musicasemsegredos.com\/wp-content\/uploads\/2017\/08\/acordediminuto-1.jpg?fit=1200%2C900&ssl=1&resize=525%2C300 1.5x, https:\/\/i0.wp.com\/musicasemsegredos.com\/wp-content\/uploads\/2017\/08\/acordediminuto-1.jpg?fit=1200%2C900&ssl=1&resize=700%2C400 2x, https:\/\/i0.wp.com\/musicasemsegredos.com\/wp-content\/uploads\/2017\/08\/acordediminuto-1.jpg?fit=1200%2C900&ssl=1&resize=1050%2C600 3x"},"classes":[]},{"id":478,"url":"https:\/\/musicasemsegredos.com\/index.php\/2017\/02\/09\/o-que-sao-acordes-em-triades\/","url_meta":{"origin":596,"position":5},"title":"O que s\u00e3o acordes em tr\u00edades?","author":"nevesf","date":"09\/02\/2017","format":false,"excerpt":"J\u00e1 se deparou com a palavra tr\u00edade em teoria musical? Qual o significado dela? Bem, basicamente, tr\u00edades s\u00e3o acordes formados por tr\u00eas notas. Os acordes mais b\u00e1sicos s\u00e3o os maiores formados com a t\u00f4nica, que \u00e9 a nota que d\u00e1 o nome ao acorde, uma ter\u00e7a maior e uma quinta\u2026","rel":"","context":"Em &quot;Teoria Musical&quot;","block_context":{"text":"Teoria Musical","link":"https:\/\/musicasemsegredos.com\/index.php\/category\/teoria-musical\/"},"img":{"alt_text":"","src":"https:\/\/i0.wp.com\/musicasemsegredos.com\/wp-content\/uploads\/2017\/02\/violaoAcorde.jpg?fit=940%2C627&ssl=1&resize=350%2C200","width":350,"height":200,"srcset":"https:\/\/i0.wp.com\/musicasemsegredos.com\/wp-content\/uploads\/2017\/02\/violaoAcorde.jpg?fit=940%2C627&ssl=1&resize=350%2C200 1x, https:\/\/i0.wp.com\/musicasemsegredos.com\/wp-content\/uploads\/2017\/02\/violaoAcorde.jpg?fit=940%2C627&ssl=1&resize=525%2C300 1.5x, https:\/\/i0.wp.com\/musicasemsegredos.com\/wp-content\/uploads\/2017\/02\/violaoAcorde.jpg?fit=940%2C627&ssl=1&resize=700%2C400 2x"},"classes":[]}],"jetpack_likes_enabled":true,"jetpack_featured_media_url":"https:\/\/i0.wp.com\/musicasemsegredos.com\/wp-content\/uploads\/2017\/04\/cafepartitura.jpg?fit=4365%2C2910&ssl=1","_links":{"self":[{"href":"https:\/\/musicasemsegredos.com\/index.php\/wp-json\/wp\/v2\/posts\/596","targetHints":{"allow":["GET"]}}],"collection":[{"href":"https:\/\/musicasemsegredos.com\/index.php\/wp-json\/wp\/v2\/posts"}],"about":[{"href":"https:\/\/musicasemsegredos.com\/index.php\/wp-json\/wp\/v2\/types\/post"}],"author":[{"embeddable":true,"href":"https:\/\/musicasemsegredos.com\/index.php\/wp-json\/wp\/v2\/users\/1"}],"replies":[{"embeddable":true,"href":"https:\/\/musicasemsegredos.com\/index.php\/wp-json\/wp\/v2\/comments?post=596"}],"version-history":[{"count":13,"href":"https:\/\/musicasemsegredos.com\/index.php\/wp-json\/wp\/v2\/posts\/596\/revisions"}],"predecessor-version":[{"id":18992,"href":"https:\/\/musicasemsegredos.com\/index.php\/wp-json\/wp\/v2\/posts\/596\/revisions\/18992"}],"wp:featuredmedia":[{"embeddable":true,"href":"https:\/\/musicasemsegredos.com\/index.php\/wp-json\/wp\/v2\/media\/604"}],"wp:attachment":[{"href":"https:\/\/musicasemsegredos.com\/index.php\/wp-json\/wp\/v2\/media?parent=596"}],"wp:term":[{"taxonomy":"category","embeddable":true,"href":"https:\/\/musicasemsegredos.com\/index.php\/wp-json\/wp\/v2\/categories?post=596"},{"taxonomy":"post_tag","embeddable":true,"href":"https:\/\/musicasemsegredos.com\/index.php\/wp-json\/wp\/v2\/tags?post=596"}],"curies":[{"name":"wp","href":"https:\/\/api.w.org\/{rel}","templated":true}]}}