{"id":20061,"date":"2025-09-02T19:27:14","date_gmt":"2025-09-02T22:27:14","guid":{"rendered":"https:\/\/musicasemsegredos.com\/?p=20061"},"modified":"2025-09-02T19:27:16","modified_gmt":"2025-09-02T22:27:16","slug":"desvendando-a-harmonia-funcional-a-logica-por-tras-da-emocao-na-musica","status":"publish","type":"post","link":"https:\/\/musicasemsegredos.com\/index.php\/2025\/09\/02\/desvendando-a-harmonia-funcional-a-logica-por-tras-da-emocao-na-musica\/","title":{"rendered":"Desvendando a Harmonia Funcional: A L\u00f3gica por Tr\u00e1s da Emo\u00e7\u00e3o na M\u00fasica."},"content":{"rendered":"\n<p class=\"has-drop-cap wp-block-paragraph\">Voc\u00ea j\u00e1 se perguntou por que certas sequ\u00eancias de acordes soam t\u00e3o bem, t\u00e3o &#8220;certas&#8221; aos nossos ouvidos? Por que a transi\u00e7\u00e3o de um acorde para o outro em uma can\u00e7\u00e3o pode nos causar uma sensa\u00e7\u00e3o de tens\u00e3o e, logo em seguida, um al\u00edvio satisfat\u00f3rio? Ou como um arranjador consegue pegar uma melodia simples e vesti-la com uma roupa harm\u00f4nica completamente nova e sofisticada?<\/p>\n\n\n\n<p class=\"wp-block-paragraph\">A resposta para essas perguntas reside em um dos conceitos mais poderosos e fascinantes da teoria musical: a <strong><a href=\"https:\/\/amzn.to\/3I0GYsm\" target=\"_blank\" rel=\"noreferrer noopener\">Harmonia Funciona<\/a>l<\/strong>. Longe de ser um conjunto de regras r\u00edgidas e acad\u00eamicas, a harmonia funcional \u00e9 como um mapa, um verdadeiro GPS que nos guia atrav\u00e9s do terreno emocional da m\u00fasica. Ela n\u00e3o nos diz <em>para onde ir<\/em>, mas explica <em>por que cada caminho nos leva a um lugar diferente<\/em>.<\/p>\n\n\n\n<p class=\"wp-block-paragraph\">Neste post, vamos mergulhar nos conceitos b\u00e1sicos da harmonia funcional. Vamos desvendar o que ela \u00e9, para que serve e como voc\u00ea, m\u00fasico, compositor ou arranjador, pode us\u00e1-la para aprofundar seu entendimento e aprimorar sua arte.<\/p>\n\n\n\n<h4 class=\"wp-block-heading\">Uma Breve Recapitula\u00e7\u00e3o: O que \u00e9 Harmonia?<\/h4>\n\n\n\n<p class=\"wp-block-paragraph\">Antes de falarmos sobre a &#8220;fun\u00e7\u00e3o&#8221;, vamos lembrar o que \u00e9 &#8220;harmonia&#8221;. Se a <strong>melodia<\/strong> \u00e9 a sucess\u00e3o de notas no tempo, uma linha horizontal que podemos cantarolar, a <strong>harmonia<\/strong> \u00e9 a combina\u00e7\u00e3o de notas soando ao mesmo tempo, uma dimens\u00e3o vertical que d\u00e1 profundidade, cor e contexto \u00e0 melodia.<\/p>\n\n\n\n<blockquote class=\"wp-block-quote is-layout-flow wp-block-quote-is-layout-flow\">\n<p class=\"wp-block-paragraph\"><strong>harmonia<\/strong> \u00e9 a combina\u00e7\u00e3o de notas soando ao mesmo tempo, uma dimens\u00e3o vertical que d\u00e1 profundidade, cor e contexto \u00e0 melodia.<\/p>\n<\/blockquote>\n\n\n\n<p class=\"wp-block-paragraph\">Pense na m\u00fasica como um tecido. A melodia \u00e9 o fio principal que desenha o padr\u00e3o, enquanto a harmonia s\u00e3o todos os outros fios entrela\u00e7ados que criam a textura, a riqueza e a estrutura da pe\u00e7a. A harmonia funcional \u00e9 a l\u00f3gica que governa como esses fios se entrela\u00e7am da maneira mais coesa e impactante.<\/p>\n\n\n\n<h4 class=\"wp-block-heading\">O Alicerce de Tudo: O Campo Harm\u00f4nico<\/h4>\n\n\n\n<p class=\"wp-block-paragraph\">Para entender a fun\u00e7\u00e3o, primeiro precisamos conhecer o nosso &#8220;elenco&#8221; de acordes. Esse elenco vem do que chamamos de <strong><a href=\"https:\/\/musicasemsegredos.com\/index.php\/2017\/02\/04\/entenda-os-campos-harmonicos-menores\/\" target=\"_blank\" rel=\"noreferrer noopener\">Campo Harm\u00f4nico<\/a><\/strong>, que nada mais \u00e9 do que o conjunto de acordes formados a partir de cada nota de uma determinada escala.<\/p>\n\n\n\n<p class=\"wp-block-paragraph\">Vamos usar o exemplo mais claro de todos: a escala de D\u00f3 Maior (C D E F G A B). Se construirmos um acorde de tr\u00eas notas (uma tr\u00edade) sobre cada uma dessas notas, usando apenas as teclas brancas do piano (ou seja, as notas da pr\u00f3pria escala), teremos o seguinte resultado:<\/p>\n\n\n\n<ul class=\"wp-block-list\">\n<li><strong>I &#8211; D\u00f3 Maior (C)<\/strong>: formado pelas notas C &#8211; E &#8211; G<\/li>\n\n\n\n<li><strong>ii &#8211; R\u00e9 menor (Dm)<\/strong>: formado pelas notas D &#8211; F &#8211; A<\/li>\n\n\n\n<li><strong>iii &#8211; Mi menor (Em)<\/strong>: formado pelas notas E &#8211; G &#8211; B<\/li>\n\n\n\n<li><strong>IV &#8211; F\u00e1 Maior (F)<\/strong>: formado pelas notas F &#8211; A &#8211; C<\/li>\n\n\n\n<li><strong>V &#8211; Sol Maior (G)<\/strong>: formado pelas notas G &#8211; B &#8211; D<\/li>\n\n\n\n<li><strong>vi &#8211; L\u00e1 menor (Am)<\/strong>: formado pelas notas A &#8211; C &#8211; E<\/li>\n\n\n\n<li><strong>vii\u00b0 &#8211; Si diminuto (Bdim)<\/strong>: formado pelas notas B &#8211; D &#8211; F<\/li>\n<\/ul>\n\n\n\n<p class=\"wp-block-paragraph\">Esses sete acordes s\u00e3o a fam\u00edlia, o DNA da tonalidade de D\u00f3 Maior. \u00c9 a partir da rela\u00e7\u00e3o entre eles que a m\u00e1gica da harmonia funcional acontece. Representamos esses acordes com algarismos romanos, sendo mai\u00fasculos para acordes maiores e min\u00fasculos para acordes menores.<\/p>\n\n\n\n<h4 class=\"wp-block-heading\">As Tr\u00eas For\u00e7as-Motrizes: As Fun\u00e7\u00f5es Harm\u00f4nicas<\/h4>\n\n\n\n<p class=\"wp-block-paragraph\">Dentro dessa fam\u00edlia de acordes, tr\u00eas deles possuem pap\u00e9is de protagonistas. Eles s\u00e3o os pilares que sustentam toda a estrutura e criam o movimento harm\u00f4nico. Suas fun\u00e7\u00f5es s\u00e3o t\u00e3o claras que podemos descrev\u00ea-las com met\u00e1foras:<\/p>\n\n\n\n<ol start=\"1\" class=\"wp-block-list\">\n<li><strong>Fun\u00e7\u00e3o T\u00f4nica (I grau): O Repouso, o Lar.<\/strong> O acorde de T\u00f4nica (em D\u00f3 Maior, o acorde C) \u00e9 o nosso ponto de partida e de chegada. Ele representa estabilidade, resolu\u00e7\u00e3o, a sensa\u00e7\u00e3o de &#8220;estar em casa&#8221;. \u00c9 o centro de gravidade da m\u00fasica. Quando uma can\u00e7\u00e3o termina neste acorde, sentimos que ela chegou a uma conclus\u00e3o natural e satisfat\u00f3ria.<\/li>\n\n\n\n<li><strong>Fun\u00e7\u00e3o Dominante (V grau): A Tens\u00e3o, a Vontade de Voltar.<\/strong> O acorde de Dominante (em D\u00f3 Maior, o acorde G) \u00e9 o oposto da t\u00f4nica. Ele carrega uma forte instabilidade e tens\u00e3o. \u00c9 como estar na porta de casa, ansioso para entrar. O som do acorde dominante &#8220;pede&#8221;, quase implora, por uma resolu\u00e7\u00e3o no acorde de t\u00f4nica. Essa \u00e9 a rela\u00e7\u00e3o de movimento mais forte e fundamental da m\u00fasica ocidental. A transi\u00e7\u00e3o V -&gt; I \u00e9 a espinha dorsal de in\u00fameras can\u00e7\u00f5es.<\/li>\n\n\n\n<li><strong>Fun\u00e7\u00e3o Subdominante (IV grau): O Caminho, a Prepara\u00e7\u00e3o.<\/strong> O acorde de Subdominante (em D\u00f3 Maior, o acorde F) possui uma tens\u00e3o moderada, uma sensa\u00e7\u00e3o de afastamento do repouso, mas sem a urg\u00eancia do dominante. Ele funciona como um caminho que nos leva para longe de casa, muitas vezes em dire\u00e7\u00e3o \u00e0 tens\u00e3o do dominante, preparando o terreno para o cl\u00edmax da resolu\u00e7\u00e3o. Uma progress\u00e3o cl\u00e1ssica \u00e9 I -&gt; IV -&gt; V -&gt; I (T\u00f4nica -&gt; Subdominante -&gt; Dominante -&gt; T\u00f4nica).<\/li>\n<\/ol>\n\n\n\n<p class=\"wp-block-paragraph\">Pense na m\u00fasica como uma pequena hist\u00f3ria:<\/p>\n\n\n\n<ul class=\"wp-block-list\">\n<li>Voc\u00ea come\u00e7a em <strong>casa (T\u00f4nica)<\/strong>.<\/li>\n\n\n\n<li>Voc\u00ea sai para uma <strong>caminhada (Subdominante)<\/strong>.<\/li>\n\n\n\n<li>Voc\u00ea se depara com um <strong>desafio que precisa ser resolvido (Dominante)<\/strong>.<\/li>\n\n\n\n<li>Voc\u00ea resolve o desafio e <strong>volta para casa (T\u00f4nica)<\/strong>.<\/li>\n<\/ul>\n\n\n\n<p class=\"wp-block-paragraph\">Essa jornada <code>I \u2013 IV \u2013 V \u2013 I<\/code> \u00e9 a base de incont\u00e1veis m\u00fasicas, desde cantigas de roda at\u00e9 grandes sucessos do rock e do pop.<\/p>\n\n\n\n<h4 class=\"wp-block-heading\">Expandindo o Vocabul\u00e1rio: As Fun\u00e7\u00f5es Substitutas<\/h4>\n\n\n\n<p class=\"wp-block-paragraph\">Se a m\u00fasica usasse apenas esses tr\u00eas acordes, ela seria funcional, mas talvez um pouco previs\u00edvel. \u00c9 aqui que os outros acordes do campo harm\u00f4nico entram em cena, atuando como &#8220;substitutos&#8221; ou &#8220;representantes&#8221; das fun\u00e7\u00f5es principais<sup><\/sup>. Eles podem desempenhar pap\u00e9is semelhantes porque compartilham notas em comum com os acordes principais, adicionando novas cores e nuances \u00e0 paisagem harm\u00f4nica.<\/p>\n\n\n\n<ul class=\"wp-block-list\">\n<li><strong>Substitutos da T\u00f4nica (iii e vi):<\/strong> Os acordes de <code>iii<\/code> (Em) e <code>vi<\/code> (Am) compartilham notas com o acorde de T\u00f4nica e podem ser usados para criar uma sensa\u00e7\u00e3o de repouso relativo, um descanso um pouco mais melanc\u00f3lico ou pensativo do que o acorde principal. A progress\u00e3o <code>I \u2013 vi \u2013 IV \u2013 V<\/code> \u00e9 talvez a mais famosa da m\u00fasica pop, presente em can\u00e7\u00f5es como &#8220;Stand By Me&#8221; de Ben E. King.<\/li>\n\n\n\n<li><strong>Substituto da Subdominante (ii):<\/strong> O acorde de <code>ii<\/code> (Dm) \u00e9 o principal substituto do Subdominante (IV). Ele tem uma sonoridade muito parecida e cumpre a mesma fun\u00e7\u00e3o de &#8220;afastamento&#8221;. A progress\u00e3o <code>ii \u2013 V \u2013 I<\/code> \u00e9 o p\u00e3o com manteiga do Jazz e da Bossa Nova. A introdu\u00e7\u00e3o de &#8220;Garota de Ipanema&#8221; (Tom Jobim\/Vinicius de Moraes) \u00e9 um exemplo cl\u00e1ssico, onde a harmonia se move <code>IVmaj7 \u2013 V7<\/code>, mas a melodia e os versos s\u00e3o constru\u00eddos sobre in\u00fameras progress\u00f5es <code>iim7 \u2013 V7<\/code>.<\/li>\n\n\n\n<li><strong>Substituto do Dominante (vii\u00b0):<\/strong> O acorde de <code>vii\u00b0<\/code> (Bdim) compartilha notas cruciais com o Dominante e tamb\u00e9m cria uma forte tens\u00e3o que pede resolu\u00e7\u00e3o na t\u00f4nica, embora sua sonoridade seja mais inst\u00e1vel e dissonante.<\/li>\n<\/ul>\n\n\n\n<h4 class=\"wp-block-heading\">A Pontua\u00e7\u00e3o da M\u00fasica: O que s\u00e3o Cad\u00eancias?<\/h4>\n\n\n\n<p class=\"wp-block-paragraph\">Se os acordes e suas fun\u00e7\u00f5es s\u00e3o as palavras, as <strong>cad\u00eancias<\/strong> s\u00e3o a pontua\u00e7\u00e3o. Uma cad\u00eancia \u00e9 uma progress\u00e3o de dois ou mais acordes que finaliza uma frase, se\u00e7\u00e3o ou a m\u00fasica inteira, criando diferentes sensa\u00e7\u00f5es de conclus\u00e3o<sup><\/sup>. As mais importantes s\u00e3o:<\/p>\n\n\n\n<ul class=\"wp-block-list\">\n<li><strong>Cad\u00eancia Aut\u00eantica (V \u2013 I):<\/strong> A mais forte e conclusiva. \u00c9 o &#8220;ponto final&#8221; da m\u00fasica. Exemplo: O final da maioria das can\u00e7\u00f5es populares.<\/li>\n\n\n\n<li><strong>Cad\u00eancia Plagal (IV \u2013 I):<\/strong> Tamb\u00e9m conclusiva, mas com uma sonoridade mais suave, serena. \u00c9 frequentemente chamada de &#8220;Cad\u00eancia Am\u00e9m&#8221; por seu uso em hinos religiosos. O famoso final de &#8220;Hey Jude&#8221; dos Beatles, com o coro repetindo &#8220;Na-na-na-na&#8221;, resolve harmonicamente em uma cad\u00eancia plagal.<\/li>\n\n\n\n<li><strong>Cad\u00eancia Rota (ou Deceptiva) (V \u2013 vi):<\/strong> Aqui est\u00e1 a grande surpresa! Quando esperamos a resolu\u00e7\u00e3o final em <code>I<\/code>, o compositor nos &#8220;engana&#8221; e resolve no acorde de <code>vi<\/code>. Isso cria um efeito dram\u00e1tico, adiando a conclus\u00e3o e injetando uma dose de melancolia. A progress\u00e3o no verso de &#8220;Someone Like You&#8221; da Adele usa esse recurso de forma magistral para transmitir a sensa\u00e7\u00e3o de expectativa n\u00e3o resolvida.<\/li>\n<\/ul>\n\n\n\n<h4 class=\"wp-block-heading\">Colocando a Lupa: A An\u00e1lise Harm\u00f4nica<\/h4>\n\n\n\n<p class=\"wp-block-paragraph\">Ent\u00e3o, como descobrimos tudo isso em uma m\u00fasica? Atrav\u00e9s da <strong>an\u00e1lise harm\u00f4nica<\/strong>. Analisar harmonicamente uma can\u00e7\u00e3o \u00e9 o processo de &#8220;traduzir&#8221; os acordes cifrados (C, G, Am, F) para os algarismos romanos de suas fun\u00e7\u00f5es (I, V, vi, IV).<\/p>\n\n\n\n<p class=\"wp-block-paragraph\"><strong>Para que serve isso?<\/strong><\/p>\n\n\n\n<ol start=\"1\" class=\"wp-block-list\">\n<li><strong>Entendimento Profundo:<\/strong> Voc\u00ea deixa de apenas &#8220;tocar os acordes certos&#8221; e passa a entender <em>por que<\/em> eles funcionam e qual o seu papel na estrutura emocional da m\u00fasica.<\/li>\n\n\n\n<li><strong>Transposi\u00e7\u00e3o Facilitada:<\/strong> Uma vez que voc\u00ea sabe que a m\u00fasica \u00e9 uma progress\u00e3o <code>I \u2013 vi \u2013 IV \u2013 V<\/code>, pode transport\u00e1-la para qualquer tonalidade instantaneamente. Em Sol Maior, por exemplo, seria <code>G \u2013 Em \u2013 C \u2013 D<\/code>.<\/li>\n\n\n\n<li><strong>Memoriza\u00e7\u00e3o e Improvisa\u00e7\u00e3o:<\/strong> \u00c9 muito mais f\u00e1cil memorizar &#8220;um, seis, quatro, cinco&#8221; do que uma lista de acordes. Para improvisar, saber a fun\u00e7\u00e3o de cada acorde te ajuda a escolher as notas que melhor se encaixam em cada momento de tens\u00e3o ou repouso.<\/li>\n\n\n\n<li><strong>Base para Arranjos:<\/strong> \u00c9 o ponto de partida para a rearmoniza\u00e7\u00e3o, que veremos a seguir.<\/li>\n<\/ol>\n\n\n\n<h4 class=\"wp-block-heading\">Da Teoria \u00e0 Pr\u00e1tica: A Harmonia Funcional em Arranjos e Composi\u00e7\u00f5es<\/h4>\n\n\n\n<p class=\"wp-block-paragraph\">Aqui \u00e9 onde a harmonia funcional deixa de ser apenas teoria e se torna uma ferramenta criativa poderosa. O processo de <strong>rearmoniza\u00e7\u00e3o<\/strong> nada mais \u00e9 do que aplicar conscientemente esses conceitos para alterar a harmonia original de uma m\u00fasica.<\/p>\n\n\n\n<p class=\"wp-block-paragraph\">Uma t\u00e9cnica simples \u00e9 usar os substitutos funcionais. Se uma passagem da m\u00fasica tem a progress\u00e3o <code>C \u2013 F \u2013 C<\/code> (I \u2013 IV \u2013 I), um arranjador pode decidir substituir o <code>F<\/code> (IV) pelo seu substituto, o <code>Dm<\/code> (ii), resultando em <code>C \u2013 Dm \u2013 C<\/code> (I \u2013 ii \u2013 I). A fun\u00e7\u00e3o geral (T\u00f4nica -&gt; Afastamento -&gt; T\u00f4nica) \u00e9 mantida, mas a cor, a sonoridade, muda sutilmente, tornando-a talvez mais suave ou sofisticada.<\/p>\n\n\n\n<p class=\"wp-block-paragraph\">Uma t\u00e9cnica mais avan\u00e7ada, muito comum no Jazz, MPB e Bossa Nova, \u00e9 o uso de <strong><a href=\"https:\/\/musicasemsegredos.com\/index.php\/2017\/05\/10\/o-que-sao-dominantes-secundarios\/\" target=\"_blank\" rel=\"noreferrer noopener\">Dominantes Secund\u00e1rios<\/a><\/strong>. Lembra que o acorde Dominante (V) cria uma forte atra\u00e7\u00e3o para a T\u00f4nica (I)? E se pud\u00e9ssemos criar essa mesma atra\u00e7\u00e3o para <em>outros<\/em> acordes do campo harm\u00f4nico?<\/p>\n\n\n\n<p class=\"wp-block-paragraph\">\u00c9 exatamente isso que um dominante secund\u00e1rio faz. Por exemplo, na tonalidade de D\u00f3 Maior, nosso acorde de <code>ii<\/code> \u00e9 o R\u00e9 menor (Dm). Qual seria o dominante de R\u00e9? Seria o L\u00e1 Maior com s\u00e9tima (A7). O acorde A7 n\u00e3o pertence ao campo harm\u00f4nico de D\u00f3 Maior (que tem um Am), mas podemos &#8220;peg\u00e1-lo emprestado&#8221; e inseri-lo antes do Dm para criar uma ponte harm\u00f4nica mais forte e interessante.<\/p>\n\n\n\n<p class=\"wp-block-paragraph\">Compare estas duas progress\u00f5es:<\/p>\n\n\n\n<ul class=\"wp-block-list\">\n<li><strong>Simples:<\/strong> <code>C | C | Dm | G7<\/code> (<code>|I | I | iim7 | V7<\/code>)<\/li>\n\n\n\n<li><strong>Com Dominante Secund\u00e1rio:<\/strong> <code>C | A7 | Dm | G7<\/code> (<code>|I | V7\/ii | iim7 | V7<\/code>)<\/li>\n<\/ul>\n\n\n\n<p class=\"wp-block-paragraph\">A segunda vers\u00e3o tem um movimento e uma riqueza harm\u00f4nica muito maiores. A m\u00fasica de Tom Jobim, por exemplo, \u00e9 uma aula magna sobre o uso elegante e expressivo de dominantes secund\u00e1rios e progress\u00f5es <code>ii-V-I<\/code>.<\/p>\n\n\n\n<h4 class=\"wp-block-heading\">Um Mapa, N\u00e3o uma Pris\u00e3o<\/h4>\n\n\n\n<p class=\"wp-block-paragraph\">A harmonia funcional n\u00e3o \u00e9 um conjunto de regras que te aprisiona, mas um mapa que te liberta. Ela te d\u00e1 o conhecimento do terreno para que voc\u00ea possa navegar com inten\u00e7\u00e3o, seja seguindo os camhos mais conhecidos ou explorando atalhos e paisagens inesperadas.<\/p>\n\n\n\n<p class=\"wp-block-paragraph\">Ao entender as fun\u00e7\u00f5es de T\u00f4nica, Dominante e Subdominante, voc\u00ea ganha o poder de manipular as emo\u00e7\u00f5es mais fundamentais da m\u00fasica: tens\u00e3o e repouso. Ao dominar os substitutos, cad\u00eancias e t\u00e9cnicas como os dominantes secund\u00e1rios, voc\u00ea expande sua paleta de cores para pintar quadros sonoros cada vez mais ricos e originais.<\/p>\n\n\n\n<p class=\"wp-block-paragraph\">Da pr\u00f3xima vez que ouvir sua m\u00fasica favorita, tente escutar com &#8220;ouvidos funcionais&#8221;. Perceba a jornada da harmonia. Sinta a tens\u00e3o do dominante pedindo para voltar para casa, a calma do subdominante, a surpresa de uma cad\u00eancia rota. Voc\u00ea descobrir\u00e1 uma nova camada de genialidade e inten\u00e7\u00e3o por tr\u00e1s da emo\u00e7\u00e3o que sempre sentiu.<\/p>\n\n\n\n<hr class=\"wp-block-separator has-alpha-channel-opacity\"\/>\n\n\n\n<h4 class=\"wp-block-heading\">Para Saber Mais <\/h4>\n\n\n\n<ul class=\"wp-block-list\">\n<li><a href=\"https:\/\/amzn.to\/47X0yAg\" target=\"_blank\" rel=\"noreferrer noopener\"><strong>Harmonia Funcional<\/strong> &#8211; Carlos Almada<\/a><\/li>\n\n\n\n<li><a href=\"https:\/\/amzn.to\/41ztvyt\" target=\"_blank\" rel=\"noreferrer noopener\"><strong>Harmonia<\/strong> &#8211; Arnold Schoenberg<\/a><\/li>\n\n\n\n<li><a href=\"https:\/\/amzn.to\/45VqACR\" target=\"_blank\" rel=\"noreferrer noopener\"><strong>O Livro do M\u00fasic<\/strong>o &#8211; Ant\u00f4nio Adolfo<\/a><\/li>\n\n\n\n<li><a href=\"https:\/\/amzn.to\/47kOCYX\" target=\"_blank\" rel=\"noreferrer noopener\"><strong>Harmonia Funcional &#8211; <\/strong>Hans Joachim Koellreutter<\/a><\/li>\n<\/ul>\n","protected":false},"excerpt":{"rendered":"<p>Voc\u00ea j\u00e1 se perguntou por que certas sequ\u00eancias de acordes soam t\u00e3o bem, t\u00e3o &#8220;certas&#8221; aos nossos ouvidos? Por que a transi\u00e7\u00e3o de um acorde para o outro em uma can\u00e7\u00e3o pode nos causar uma sensa\u00e7\u00e3o de tens\u00e3o e, logo em seguida, um al\u00edvio satisfat\u00f3rio? Ou como um arranjador consegue pegar uma melodia simples e &hellip; <a href=\"https:\/\/musicasemsegredos.com\/index.php\/2025\/09\/02\/desvendando-a-harmonia-funcional-a-logica-por-tras-da-emocao-na-musica\/\" class=\"more-link\">Continuar lendo <span class=\"screen-reader-text\">Desvendando a Harmonia Funcional: A L\u00f3gica por Tr\u00e1s da Emo\u00e7\u00e3o na M\u00fasica.<\/span><\/a><\/p>\n","protected":false},"author":1,"featured_media":20064,"comment_status":"open","ping_status":"open","sticky":false,"template":"","format":"standard","meta":{"_jetpack_newsletter_access":"","_jetpack_dont_email_post_to_subs":false,"_jetpack_newsletter_tier_id":0,"_jetpack_memberships_contains_paywalled_content":false,"_jetpack_feature_clip_id":0,"_jetpack_memberships_contains_paid_content":false,"footnotes":"","jetpack_publicize_message":"","jetpack_publicize_feature_enabled":true,"jetpack_social_post_already_shared":true,"jetpack_social_options":{"image_generator_settings":{"template":"highway","default_image_id":0,"font":"","enabled":false},"version":2},"jetpack_post_was_ever_published":false},"categories":[633,415,615,627],"tags":[98,202,1699,1701,1440,1696,1691,576,1165,1700,205,224,1695,1693,1702,1692,775,1184,1697,1698,102,1694,23,231],"class_list":["post-20061","post","type-post","status-publish","format-standard","has-post-thumbnail","hentry","category-educacao","category-harmonia","category-musica","category-rearmonmizacao","tag-acordes","tag-analise-harmonica","tag-aprender-musica-2","tag-arranjadores","tag-arranjo-musical","tag-cadencias-musicais","tag-campo-harmonico-2","tag-composicao-musical","tag-compositores","tag-dicas-para-musicos","tag-dominante","tag-dominantes-secundarios","tag-estudantes-de-musica","tag-funcoes-harmonicas","tag-harmonia-avancada","tag-harmonia-funcional","tag-ii-v-i","tag-musica-popular-brasileira","tag-produtores-musicais","tag-progressao-de-acordes","tag-rearmonizacao","tag-subdominante","tag-teoria-musical","tag-tonica"],"aioseo_notices":[],"aioseo_head":"\n\t\t<!-- All in One SEO 5.0.1.1 - aioseo.com -->\n\t<meta name=\"description\" content=\"Voc\u00ea j\u00e1 se perguntou por que certas sequ\u00eancias de acordes soam t\u00e3o bem, t\u00e3o &quot;certas&quot; aos nossos ouvidos? Por que a transi\u00e7\u00e3o de um acorde para o outro em uma can\u00e7\u00e3o pode nos causar uma sensa\u00e7\u00e3o de tens\u00e3o e, logo em seguida, um al\u00edvio satisfat\u00f3rio? Ou como um arranjador consegue pegar uma melodia simples e\" \/>\n\t<meta name=\"robots\" content=\"max-image-preview:large\" \/>\n\t<meta name=\"author\" content=\"nevesf\"\/>\n\t<link rel=\"canonical\" href=\"https:\/\/musicasemsegredos.com\/index.php\/2025\/09\/02\/desvendando-a-harmonia-funcional-a-logica-por-tras-da-emocao-na-musica\/\" \/>\n\t<meta name=\"generator\" content=\"All in One SEO (AIOSEO) 5.0.1.1\" \/>\n\t\t<meta property=\"og:locale\" content=\"pt_BR\" \/>\n\t\t<meta property=\"og:site_name\" content=\"M\u00fasica sem Segredos - Musica para todos\" \/>\n\t\t<meta property=\"og:type\" content=\"article\" \/>\n\t\t<meta property=\"og:title\" content=\"Desvendando a Harmonia Funcional: A L\u00f3gica por Tr\u00e1s da Emo\u00e7\u00e3o na M\u00fasica. - M\u00fasica sem Segredos\" \/>\n\t\t<meta property=\"og:description\" content=\"Voc\u00ea j\u00e1 se perguntou por que certas sequ\u00eancias de acordes soam t\u00e3o bem, t\u00e3o &quot;certas&quot; aos nossos ouvidos? Por que a transi\u00e7\u00e3o de um acorde para o outro em uma can\u00e7\u00e3o pode nos causar uma sensa\u00e7\u00e3o de tens\u00e3o e, logo em seguida, um al\u00edvio satisfat\u00f3rio? Ou como um arranjador consegue pegar uma melodia simples e\" \/>\n\t\t<meta property=\"og:url\" content=\"https:\/\/musicasemsegredos.com\/index.php\/2025\/09\/02\/desvendando-a-harmonia-funcional-a-logica-por-tras-da-emocao-na-musica\/\" \/>\n\t\t<meta property=\"og:image\" content=\"https:\/\/i0.wp.com\/musicasemsegredos.com\/wp-content\/uploads\/2017\/01\/cropped-cropped-MusicaSemSegredos512x512.jpg?fit=248248&#038;ssl=1\" \/>\n\t\t<meta property=\"og:image:secure_url\" content=\"https:\/\/i0.wp.com\/musicasemsegredos.com\/wp-content\/uploads\/2017\/01\/cropped-cropped-MusicaSemSegredos512x512.jpg?fit=248248&#038;ssl=1\" \/>\n\t\t<meta property=\"article:published_time\" content=\"2025-09-02T22:27:14+00:00\" \/>\n\t\t<meta property=\"article:modified_time\" content=\"2025-09-02T22:27:16+00:00\" \/>\n\t\t<meta name=\"twitter:card\" content=\"summary_large_image\" \/>\n\t\t<meta name=\"twitter:title\" content=\"Desvendando a Harmonia Funcional: A L\u00f3gica por Tr\u00e1s da Emo\u00e7\u00e3o na M\u00fasica. - M\u00fasica sem Segredos\" \/>\n\t\t<meta name=\"twitter:description\" content=\"Voc\u00ea j\u00e1 se perguntou por que certas sequ\u00eancias de acordes soam t\u00e3o bem, t\u00e3o &quot;certas&quot; aos nossos ouvidos? Por que a transi\u00e7\u00e3o de um acorde para o outro em uma can\u00e7\u00e3o pode nos causar uma sensa\u00e7\u00e3o de tens\u00e3o e, logo em seguida, um al\u00edvio satisfat\u00f3rio? Ou como um arranjador consegue pegar uma melodia simples e\" \/>\n\t\t<meta name=\"twitter:image\" content=\"https:\/\/i0.wp.com\/musicasemsegredos.com\/wp-content\/uploads\/2017\/01\/cropped-cropped-MusicaSemSegredos512x512.jpg?fit=248248&amp;ssl=1\" \/>\n\t\t<script type=\"application\/ld+json\" class=\"aioseo-schema\">\n\t\t\t{\"@context\":\"https:\\\/\\\/schema.org\",\"@graph\":[{\"@type\":\"BlogPosting\",\"@id\":\"https:\\\/\\\/musicasemsegredos.com\\\/index.php\\\/2025\\\/09\\\/02\\\/desvendando-a-harmonia-funcional-a-logica-por-tras-da-emocao-na-musica\\\/#blogposting\",\"name\":\"Desvendando a Harmonia Funcional: A L\\u00f3gica por Tr\\u00e1s da Emo\\u00e7\\u00e3o na M\\u00fasica. - M\\u00fasica sem Segredos\",\"headline\":\"Desvendando a Harmonia Funcional: A L\\u00f3gica por Tr\\u00e1s da Emo\\u00e7\\u00e3o na M\\u00fasica.\",\"author\":{\"@id\":\"https:\\\/\\\/musicasemsegredos.com\\\/index.php\\\/author\\\/nevesf\\\/#author\"},\"publisher\":{\"@id\":\"https:\\\/\\\/musicasemsegredos.com\\\/#organization\"},\"image\":{\"@type\":\"ImageObject\",\"url\":\"https:\\\/\\\/i0.wp.com\\\/musicasemsegredos.com\\\/wp-content\\\/uploads\\\/2025\\\/09\\\/Harmonia-Funcional.png?fit=%2C&ssl=1\",\"caption\":\"Harmonia Funcional\"},\"datePublished\":\"2025-09-02T19:27:14-03:00\",\"dateModified\":\"2025-09-02T19:27:16-03:00\",\"inLanguage\":\"pt-BR\",\"mainEntityOfPage\":{\"@id\":\"https:\\\/\\\/musicasemsegredos.com\\\/index.php\\\/2025\\\/09\\\/02\\\/desvendando-a-harmonia-funcional-a-logica-por-tras-da-emocao-na-musica\\\/#webpage\"},\"isPartOf\":{\"@id\":\"https:\\\/\\\/musicasemsegredos.com\\\/index.php\\\/2025\\\/09\\\/02\\\/desvendando-a-harmonia-funcional-a-logica-por-tras-da-emocao-na-musica\\\/#webpage\"},\"articleSection\":\"educacao, Harmonia, musica, rearmonmiza\\u00e7\\u00e3o, acordes, an\\u00e1lise harm\\u00f4nica, Aprender M\\u00fasica, Arranjadores, arranjo musical, Cad\\u00eancias Musicais, Campo Harm\\u00f4nico, composi\\u00e7\\u00e3o musical, compositores, Dicas para M\\u00fasicos, dominante, dominantes secund\\u00e1rios, Estudantes de M\\u00fasica, Fun\\u00e7\\u00f5es Harm\\u00f4nicas, Harmonia Avan\\u00e7ada, Harmonia Funcional, II-V-I, m\\u00fasica popular brasileira, Produtores Musicais, Progress\\u00e3o de Acordes, rearmoniza\\u00e7\\u00e3o, Subdominante, teoria musical, t\\u00f4nica\"},{\"@type\":\"BreadcrumbList\",\"@id\":\"https:\\\/\\\/musicasemsegredos.com\\\/index.php\\\/2025\\\/09\\\/02\\\/desvendando-a-harmonia-funcional-a-logica-por-tras-da-emocao-na-musica\\\/#breadcrumblist\",\"itemListElement\":[{\"@type\":\"ListItem\",\"@id\":\"https:\\\/\\\/musicasemsegredos.com#listItem\",\"position\":1,\"name\":\"Home\",\"item\":\"https:\\\/\\\/musicasemsegredos.com\",\"nextItem\":{\"@type\":\"ListItem\",\"@id\":\"https:\\\/\\\/musicasemsegredos.com\\\/index.php\\\/category\\\/harmonia\\\/#listItem\",\"name\":\"Harmonia\"}},{\"@type\":\"ListItem\",\"@id\":\"https:\\\/\\\/musicasemsegredos.com\\\/index.php\\\/category\\\/harmonia\\\/#listItem\",\"position\":2,\"name\":\"Harmonia\",\"item\":\"https:\\\/\\\/musicasemsegredos.com\\\/index.php\\\/category\\\/harmonia\\\/\",\"nextItem\":{\"@type\":\"ListItem\",\"@id\":\"https:\\\/\\\/musicasemsegredos.com\\\/index.php\\\/2025\\\/09\\\/02\\\/desvendando-a-harmonia-funcional-a-logica-por-tras-da-emocao-na-musica\\\/#listItem\",\"name\":\"Desvendando a Harmonia Funcional: A L\\u00f3gica por Tr\\u00e1s da Emo\\u00e7\\u00e3o na M\\u00fasica.\"},\"previousItem\":{\"@type\":\"ListItem\",\"@id\":\"https:\\\/\\\/musicasemsegredos.com#listItem\",\"name\":\"Home\"}},{\"@type\":\"ListItem\",\"@id\":\"https:\\\/\\\/musicasemsegredos.com\\\/index.php\\\/2025\\\/09\\\/02\\\/desvendando-a-harmonia-funcional-a-logica-por-tras-da-emocao-na-musica\\\/#listItem\",\"position\":3,\"name\":\"Desvendando a Harmonia Funcional: A L\\u00f3gica por Tr\\u00e1s da Emo\\u00e7\\u00e3o na M\\u00fasica.\",\"previousItem\":{\"@type\":\"ListItem\",\"@id\":\"https:\\\/\\\/musicasemsegredos.com\\\/index.php\\\/category\\\/harmonia\\\/#listItem\",\"name\":\"Harmonia\"}}]},{\"@type\":\"Organization\",\"@id\":\"https:\\\/\\\/musicasemsegredos.com\\\/#organization\",\"name\":\"M\\u00fasica sem Segredos\",\"description\":\"Musica para todos\",\"url\":\"https:\\\/\\\/musicasemsegredos.com\\\/\",\"logo\":{\"@type\":\"ImageObject\",\"url\":\"https:\\\/\\\/i0.wp.com\\\/musicasemsegredos.com\\\/wp-content\\\/uploads\\\/2017\\\/01\\\/cropped-cropped-MusicaSemSegredos512x512.jpg?fit=248%2C248&ssl=1\",\"@id\":\"https:\\\/\\\/musicasemsegredos.com\\\/index.php\\\/2025\\\/09\\\/02\\\/desvendando-a-harmonia-funcional-a-logica-por-tras-da-emocao-na-musica\\\/#organizationLogo\",\"width\":248,\"height\":248},\"image\":{\"@id\":\"https:\\\/\\\/musicasemsegredos.com\\\/index.php\\\/2025\\\/09\\\/02\\\/desvendando-a-harmonia-funcional-a-logica-por-tras-da-emocao-na-musica\\\/#organizationLogo\"}},{\"@type\":\"Person\",\"@id\":\"https:\\\/\\\/musicasemsegredos.com\\\/index.php\\\/author\\\/nevesf\\\/#author\",\"url\":\"https:\\\/\\\/musicasemsegredos.com\\\/index.php\\\/author\\\/nevesf\\\/\",\"name\":\"nevesf\",\"image\":{\"@type\":\"ImageObject\",\"@id\":\"https:\\\/\\\/musicasemsegredos.com\\\/index.php\\\/2025\\\/09\\\/02\\\/desvendando-a-harmonia-funcional-a-logica-por-tras-da-emocao-na-musica\\\/#authorImage\",\"url\":\"https:\\\/\\\/secure.gravatar.com\\\/avatar\\\/40a180061deabb68d04bd9f812bde2b372b5d57984baf7dd947ee866377d90fb?s=96&d=blank&r=g\",\"width\":96,\"height\":96,\"caption\":\"nevesf\"}},{\"@type\":\"WebPage\",\"@id\":\"https:\\\/\\\/musicasemsegredos.com\\\/index.php\\\/2025\\\/09\\\/02\\\/desvendando-a-harmonia-funcional-a-logica-por-tras-da-emocao-na-musica\\\/#webpage\",\"url\":\"https:\\\/\\\/musicasemsegredos.com\\\/index.php\\\/2025\\\/09\\\/02\\\/desvendando-a-harmonia-funcional-a-logica-por-tras-da-emocao-na-musica\\\/\",\"name\":\"Desvendando a Harmonia Funcional: A L\\u00f3gica por Tr\\u00e1s da Emo\\u00e7\\u00e3o na M\\u00fasica. - M\\u00fasica sem Segredos\",\"description\":\"Voc\\u00ea j\\u00e1 se perguntou por que certas sequ\\u00eancias de acordes soam t\\u00e3o bem, t\\u00e3o \\\"certas\\\" aos nossos ouvidos? Por que a transi\\u00e7\\u00e3o de um acorde para o outro em uma can\\u00e7\\u00e3o pode nos causar uma sensa\\u00e7\\u00e3o de tens\\u00e3o e, logo em seguida, um al\\u00edvio satisfat\\u00f3rio? Ou como um arranjador consegue pegar uma melodia simples e\",\"inLanguage\":\"pt-BR\",\"isPartOf\":{\"@id\":\"https:\\\/\\\/musicasemsegredos.com\\\/#website\"},\"breadcrumb\":{\"@id\":\"https:\\\/\\\/musicasemsegredos.com\\\/index.php\\\/2025\\\/09\\\/02\\\/desvendando-a-harmonia-funcional-a-logica-por-tras-da-emocao-na-musica\\\/#breadcrumblist\"},\"author\":{\"@id\":\"https:\\\/\\\/musicasemsegredos.com\\\/index.php\\\/author\\\/nevesf\\\/#author\"},\"creator\":{\"@id\":\"https:\\\/\\\/musicasemsegredos.com\\\/index.php\\\/author\\\/nevesf\\\/#author\"},\"image\":{\"@type\":\"ImageObject\",\"url\":\"https:\\\/\\\/i0.wp.com\\\/musicasemsegredos.com\\\/wp-content\\\/uploads\\\/2025\\\/09\\\/Harmonia-Funcional.png?fit=%2C&ssl=1\",\"@id\":\"https:\\\/\\\/musicasemsegredos.com\\\/index.php\\\/2025\\\/09\\\/02\\\/desvendando-a-harmonia-funcional-a-logica-por-tras-da-emocao-na-musica\\\/#mainImage\",\"caption\":\"Harmonia Funcional\"},\"primaryImageOfPage\":{\"@id\":\"https:\\\/\\\/musicasemsegredos.com\\\/index.php\\\/2025\\\/09\\\/02\\\/desvendando-a-harmonia-funcional-a-logica-por-tras-da-emocao-na-musica\\\/#mainImage\"},\"datePublished\":\"2025-09-02T19:27:14-03:00\",\"dateModified\":\"2025-09-02T19:27:16-03:00\"},{\"@type\":\"WebSite\",\"@id\":\"https:\\\/\\\/musicasemsegredos.com\\\/#website\",\"url\":\"https:\\\/\\\/musicasemsegredos.com\\\/\",\"name\":\"M\\u00fasica sem Segredos\",\"description\":\"Musica para todos\",\"inLanguage\":\"pt-BR\",\"publisher\":{\"@id\":\"https:\\\/\\\/musicasemsegredos.com\\\/#organization\"}}]}\n\t\t<\/script>\n\t\t<!-- All in One SEO -->\n\n","aioseo_head_json":{"title":"Desvendando a Harmonia Funcional: A L\u00f3gica por Tr\u00e1s da Emo\u00e7\u00e3o na M\u00fasica. - M\u00fasica sem Segredos","description":"Voc\u00ea j\u00e1 se perguntou por que certas sequ\u00eancias de acordes soam t\u00e3o bem, t\u00e3o \"certas\" aos nossos ouvidos? Por que a transi\u00e7\u00e3o de um acorde para o outro em uma can\u00e7\u00e3o pode nos causar uma sensa\u00e7\u00e3o de tens\u00e3o e, logo em seguida, um al\u00edvio satisfat\u00f3rio? Ou como um arranjador consegue pegar uma melodia simples e","canonical_url":"https:\/\/musicasemsegredos.com\/index.php\/2025\/09\/02\/desvendando-a-harmonia-funcional-a-logica-por-tras-da-emocao-na-musica\/","robots":"max-image-preview:large","keywords":"","webmasterTools":{"miscellaneous":""},"schema":{"@context":"https:\/\/schema.org","@graph":[{"@type":"BlogPosting","@id":"https:\/\/musicasemsegredos.com\/index.php\/2025\/09\/02\/desvendando-a-harmonia-funcional-a-logica-por-tras-da-emocao-na-musica\/#blogposting","name":"Desvendando a Harmonia Funcional: A L\u00f3gica por Tr\u00e1s da Emo\u00e7\u00e3o na M\u00fasica. - M\u00fasica sem Segredos","headline":"Desvendando a Harmonia Funcional: A L\u00f3gica por Tr\u00e1s da Emo\u00e7\u00e3o na M\u00fasica.","author":{"@id":"https:\/\/musicasemsegredos.com\/index.php\/author\/nevesf\/#author"},"publisher":{"@id":"https:\/\/musicasemsegredos.com\/#organization"},"image":{"@type":"ImageObject","url":"https:\/\/i0.wp.com\/musicasemsegredos.com\/wp-content\/uploads\/2025\/09\/Harmonia-Funcional.png?fit=%2C&ssl=1","caption":"Harmonia Funcional"},"datePublished":"2025-09-02T19:27:14-03:00","dateModified":"2025-09-02T19:27:16-03:00","inLanguage":"pt-BR","mainEntityOfPage":{"@id":"https:\/\/musicasemsegredos.com\/index.php\/2025\/09\/02\/desvendando-a-harmonia-funcional-a-logica-por-tras-da-emocao-na-musica\/#webpage"},"isPartOf":{"@id":"https:\/\/musicasemsegredos.com\/index.php\/2025\/09\/02\/desvendando-a-harmonia-funcional-a-logica-por-tras-da-emocao-na-musica\/#webpage"},"articleSection":"educacao, Harmonia, musica, rearmonmiza\u00e7\u00e3o, acordes, an\u00e1lise harm\u00f4nica, Aprender M\u00fasica, Arranjadores, arranjo musical, Cad\u00eancias Musicais, Campo Harm\u00f4nico, composi\u00e7\u00e3o musical, compositores, Dicas para M\u00fasicos, dominante, dominantes secund\u00e1rios, Estudantes de M\u00fasica, Fun\u00e7\u00f5es Harm\u00f4nicas, Harmonia Avan\u00e7ada, Harmonia Funcional, II-V-I, m\u00fasica popular brasileira, Produtores Musicais, Progress\u00e3o de Acordes, rearmoniza\u00e7\u00e3o, Subdominante, teoria musical, t\u00f4nica"},{"@type":"BreadcrumbList","@id":"https:\/\/musicasemsegredos.com\/index.php\/2025\/09\/02\/desvendando-a-harmonia-funcional-a-logica-por-tras-da-emocao-na-musica\/#breadcrumblist","itemListElement":[{"@type":"ListItem","@id":"https:\/\/musicasemsegredos.com#listItem","position":1,"name":"Home","item":"https:\/\/musicasemsegredos.com","nextItem":{"@type":"ListItem","@id":"https:\/\/musicasemsegredos.com\/index.php\/category\/harmonia\/#listItem","name":"Harmonia"}},{"@type":"ListItem","@id":"https:\/\/musicasemsegredos.com\/index.php\/category\/harmonia\/#listItem","position":2,"name":"Harmonia","item":"https:\/\/musicasemsegredos.com\/index.php\/category\/harmonia\/","nextItem":{"@type":"ListItem","@id":"https:\/\/musicasemsegredos.com\/index.php\/2025\/09\/02\/desvendando-a-harmonia-funcional-a-logica-por-tras-da-emocao-na-musica\/#listItem","name":"Desvendando a Harmonia Funcional: A L\u00f3gica por Tr\u00e1s da Emo\u00e7\u00e3o na M\u00fasica."},"previousItem":{"@type":"ListItem","@id":"https:\/\/musicasemsegredos.com#listItem","name":"Home"}},{"@type":"ListItem","@id":"https:\/\/musicasemsegredos.com\/index.php\/2025\/09\/02\/desvendando-a-harmonia-funcional-a-logica-por-tras-da-emocao-na-musica\/#listItem","position":3,"name":"Desvendando a Harmonia Funcional: A L\u00f3gica por Tr\u00e1s da Emo\u00e7\u00e3o na M\u00fasica.","previousItem":{"@type":"ListItem","@id":"https:\/\/musicasemsegredos.com\/index.php\/category\/harmonia\/#listItem","name":"Harmonia"}}]},{"@type":"Organization","@id":"https:\/\/musicasemsegredos.com\/#organization","name":"M\u00fasica sem Segredos","description":"Musica para todos","url":"https:\/\/musicasemsegredos.com\/","logo":{"@type":"ImageObject","url":"https:\/\/i0.wp.com\/musicasemsegredos.com\/wp-content\/uploads\/2017\/01\/cropped-cropped-MusicaSemSegredos512x512.jpg?fit=248%2C248&ssl=1","@id":"https:\/\/musicasemsegredos.com\/index.php\/2025\/09\/02\/desvendando-a-harmonia-funcional-a-logica-por-tras-da-emocao-na-musica\/#organizationLogo","width":248,"height":248},"image":{"@id":"https:\/\/musicasemsegredos.com\/index.php\/2025\/09\/02\/desvendando-a-harmonia-funcional-a-logica-por-tras-da-emocao-na-musica\/#organizationLogo"}},{"@type":"Person","@id":"https:\/\/musicasemsegredos.com\/index.php\/author\/nevesf\/#author","url":"https:\/\/musicasemsegredos.com\/index.php\/author\/nevesf\/","name":"nevesf","image":{"@type":"ImageObject","@id":"https:\/\/musicasemsegredos.com\/index.php\/2025\/09\/02\/desvendando-a-harmonia-funcional-a-logica-por-tras-da-emocao-na-musica\/#authorImage","url":"https:\/\/secure.gravatar.com\/avatar\/40a180061deabb68d04bd9f812bde2b372b5d57984baf7dd947ee866377d90fb?s=96&d=blank&r=g","width":96,"height":96,"caption":"nevesf"}},{"@type":"WebPage","@id":"https:\/\/musicasemsegredos.com\/index.php\/2025\/09\/02\/desvendando-a-harmonia-funcional-a-logica-por-tras-da-emocao-na-musica\/#webpage","url":"https:\/\/musicasemsegredos.com\/index.php\/2025\/09\/02\/desvendando-a-harmonia-funcional-a-logica-por-tras-da-emocao-na-musica\/","name":"Desvendando a Harmonia Funcional: A L\u00f3gica por Tr\u00e1s da Emo\u00e7\u00e3o na M\u00fasica. - M\u00fasica sem Segredos","description":"Voc\u00ea j\u00e1 se perguntou por que certas sequ\u00eancias de acordes soam t\u00e3o bem, t\u00e3o \"certas\" aos nossos ouvidos? Por que a transi\u00e7\u00e3o de um acorde para o outro em uma can\u00e7\u00e3o pode nos causar uma sensa\u00e7\u00e3o de tens\u00e3o e, logo em seguida, um al\u00edvio satisfat\u00f3rio? Ou como um arranjador consegue pegar uma melodia simples e","inLanguage":"pt-BR","isPartOf":{"@id":"https:\/\/musicasemsegredos.com\/#website"},"breadcrumb":{"@id":"https:\/\/musicasemsegredos.com\/index.php\/2025\/09\/02\/desvendando-a-harmonia-funcional-a-logica-por-tras-da-emocao-na-musica\/#breadcrumblist"},"author":{"@id":"https:\/\/musicasemsegredos.com\/index.php\/author\/nevesf\/#author"},"creator":{"@id":"https:\/\/musicasemsegredos.com\/index.php\/author\/nevesf\/#author"},"image":{"@type":"ImageObject","url":"https:\/\/i0.wp.com\/musicasemsegredos.com\/wp-content\/uploads\/2025\/09\/Harmonia-Funcional.png?fit=%2C&ssl=1","@id":"https:\/\/musicasemsegredos.com\/index.php\/2025\/09\/02\/desvendando-a-harmonia-funcional-a-logica-por-tras-da-emocao-na-musica\/#mainImage","caption":"Harmonia Funcional"},"primaryImageOfPage":{"@id":"https:\/\/musicasemsegredos.com\/index.php\/2025\/09\/02\/desvendando-a-harmonia-funcional-a-logica-por-tras-da-emocao-na-musica\/#mainImage"},"datePublished":"2025-09-02T19:27:14-03:00","dateModified":"2025-09-02T19:27:16-03:00"},{"@type":"WebSite","@id":"https:\/\/musicasemsegredos.com\/#website","url":"https:\/\/musicasemsegredos.com\/","name":"M\u00fasica sem Segredos","description":"Musica para todos","inLanguage":"pt-BR","publisher":{"@id":"https:\/\/musicasemsegredos.com\/#organization"}}]},"og:locale":"pt_BR","og:site_name":"M\u00fasica sem Segredos - Musica para todos","og:type":"article","og:title":"Desvendando a Harmonia Funcional: A L\u00f3gica por Tr\u00e1s da Emo\u00e7\u00e3o na M\u00fasica. - M\u00fasica sem Segredos","og:description":"Voc\u00ea j\u00e1 se perguntou por que certas sequ\u00eancias de acordes soam t\u00e3o bem, t\u00e3o &quot;certas&quot; aos nossos ouvidos? Por que a transi\u00e7\u00e3o de um acorde para o outro em uma can\u00e7\u00e3o pode nos causar uma sensa\u00e7\u00e3o de tens\u00e3o e, logo em seguida, um al\u00edvio satisfat\u00f3rio? Ou como um arranjador consegue pegar uma melodia simples e","og:url":"https:\/\/musicasemsegredos.com\/index.php\/2025\/09\/02\/desvendando-a-harmonia-funcional-a-logica-por-tras-da-emocao-na-musica\/","og:image":"https:\/\/i0.wp.com\/musicasemsegredos.com\/wp-content\/uploads\/2017\/01\/cropped-cropped-MusicaSemSegredos512x512.jpg?fit=248248&#038;ssl=1","og:image:secure_url":"https:\/\/i0.wp.com\/musicasemsegredos.com\/wp-content\/uploads\/2017\/01\/cropped-cropped-MusicaSemSegredos512x512.jpg?fit=248248&#038;ssl=1","article:published_time":"2025-09-02T22:27:14+00:00","article:modified_time":"2025-09-02T22:27:16+00:00","twitter:card":"summary_large_image","twitter:title":"Desvendando a Harmonia Funcional: A L\u00f3gica por Tr\u00e1s da Emo\u00e7\u00e3o na M\u00fasica. - M\u00fasica sem Segredos","twitter:description":"Voc\u00ea j\u00e1 se perguntou por que certas sequ\u00eancias de acordes soam t\u00e3o bem, t\u00e3o &quot;certas&quot; aos nossos ouvidos? Por que a transi\u00e7\u00e3o de um acorde para o outro em uma can\u00e7\u00e3o pode nos causar uma sensa\u00e7\u00e3o de tens\u00e3o e, logo em seguida, um al\u00edvio satisfat\u00f3rio? Ou como um arranjador consegue pegar uma melodia simples e","twitter:image":"https:\/\/i0.wp.com\/musicasemsegredos.com\/wp-content\/uploads\/2017\/01\/cropped-cropped-MusicaSemSegredos512x512.jpg?fit=248248&ssl=1"},"aioseo_meta_data":{"post_id":"20061","title":null,"description":null,"keywords":null,"keyphrases":{"focus":[],"additional":[]},"focus_keyword":null,"additional_keywords":null,"truseo_locale":null,"primary_term":null,"canonical_url":null,"og_title":null,"og_description":null,"og_object_type":"default","og_image_type":"default","og_image_custom_url":null,"og_image_custom_fields":null,"og_image_url":null,"og_image_width":null,"og_image_height":null,"og_video":null,"og_custom_url":null,"og_article_section":null,"og_article_tags":null,"twitter_use_og":false,"twitter_card":"default","twitter_image_type":"default","twitter_image_custom_url":null,"twitter_image_custom_fields":null,"twitter_image_url":null,"twitter_title":null,"twitter_description":null,"schema_type":"default","schema_type_options":null,"schema":{"blockGraphs":[],"customGraphs":[],"default":{"data":{"Article":[],"Course":[],"Dataset":[],"FAQPage":[],"Movie":[],"Person":[],"Product":[],"ProductReview":[],"Car":[],"Recipe":[],"Service":[],"SoftwareApplication":[],"WebPage":[]},"graphName":"","isEnabled":true},"graphs":[]},"pillar_content":false,"robots_default":true,"robots_noindex":false,"robots_noarchive":false,"robots_nosnippet":false,"robots_nofollow":false,"robots_noimageindex":false,"robots_noodp":false,"robots_notranslate":false,"robots_max_snippet":null,"robots_max_videopreview":null,"robots_max_imagepreview":"large","priority":null,"frequency":null,"local_seo":null,"limit_modified_date":false,"ai":null,"breadcrumb_settings":null,"seo_analyzer_scan_date":null,"created":"2026-09-02 17:28:38","updated":"2026-09-02 23:36:18"},"aioseo_breadcrumb":"<div class=\"aioseo-breadcrumbs\"><span class=\"aioseo-breadcrumb\">\n\t\t\t<a href=\"https:\/\/musicasemsegredos.com\" title=\"Home\">Home<\/a>\n\t\t<\/span><span class=\"aioseo-breadcrumb-separator\">&raquo;<\/span><span class=\"aioseo-breadcrumb\">\n\t\t\t<a href=\"https:\/\/musicasemsegredos.com\/index.php\/category\/harmonia\/\" title=\"Harmonia\">Harmonia<\/a>\n\t\t<\/span><span class=\"aioseo-breadcrumb-separator\">&raquo;<\/span><span class=\"aioseo-breadcrumb\">\n\t\t\tDesvendando a Harmonia Funcional: A L\u00f3gica por Tr\u00e1s da Emo\u00e7\u00e3o na M\u00fasica.\n\t\t<\/span><\/div>","aioseo_breadcrumb_json":[{"label":"Home","link":"https:\/\/musicasemsegredos.com"},{"label":"Harmonia","link":"https:\/\/musicasemsegredos.com\/index.php\/category\/harmonia\/"},{"label":"Desvendando a Harmonia Funcional: A L\u00f3gica por Tr\u00e1s da Emo\u00e7\u00e3o na M\u00fasica.","link":"https:\/\/musicasemsegredos.com\/index.php\/2025\/09\/02\/desvendando-a-harmonia-funcional-a-logica-por-tras-da-emocao-na-musica\/"}],"jetpack_publicize_connections":[],"jetpack_sharing_enabled":true,"jetpack_shortlink":"https:\/\/wp.me\/p8f7pv-5dz","jetpack-related-posts":[{"id":18366,"url":"https:\/\/musicasemsegredos.com\/index.php\/2019\/10\/28\/o-que-e-substituicao-diatonica-ou-rearmonizacao\/","url_meta":{"origin":20061,"position":0},"title":"O que \u00e9 substitui\u00e7\u00e3o diat\u00f4nica ou rearmoniza\u00e7\u00e3o","author":"nevesf","date":"28\/10\/2019","format":false,"excerpt":"Pense em uma m\u00fasica que voc\u00ea considere trivial e em geral \u00e9 tocada com apenas tr\u00eas acordes. Agora imagine o Tom Jobim tocando esta m\u00fasica usando todas os acordes do campo harm\u00f4nico daquela tonalidade. Isso \u00e9 o que chamamos de rearmoniza\u00e7\u00e3o, onde diferentes acordes do campo harm\u00f4nico podem assumir a\u2026","rel":"","context":"Em &quot;Acordes&quot;","block_context":{"text":"Acordes","link":"https:\/\/musicasemsegredos.com\/index.php\/category\/acordes\/"},"img":{"alt_text":"Rearmoniza\u00e7\u00e3o","src":"https:\/\/i0.wp.com\/musicasemsegredos.com\/wp-content\/uploads\/2019\/10\/PartituraLapisRearmonizar-1.jpg?fit=1200%2C900&ssl=1&resize=350%2C200","width":350,"height":200,"srcset":"https:\/\/i0.wp.com\/musicasemsegredos.com\/wp-content\/uploads\/2019\/10\/PartituraLapisRearmonizar-1.jpg?fit=1200%2C900&ssl=1&resize=350%2C200 1x, https:\/\/i0.wp.com\/musicasemsegredos.com\/wp-content\/uploads\/2019\/10\/PartituraLapisRearmonizar-1.jpg?fit=1200%2C900&ssl=1&resize=525%2C300 1.5x, https:\/\/i0.wp.com\/musicasemsegredos.com\/wp-content\/uploads\/2019\/10\/PartituraLapisRearmonizar-1.jpg?fit=1200%2C900&ssl=1&resize=700%2C400 2x, https:\/\/i0.wp.com\/musicasemsegredos.com\/wp-content\/uploads\/2019\/10\/PartituraLapisRearmonizar-1.jpg?fit=1200%2C900&ssl=1&resize=1050%2C600 3x"},"classes":[]},{"id":19923,"url":"https:\/\/musicasemsegredos.com\/index.php\/2024\/08\/24\/acordes-fora-da-escala-como-o-emprestimo-modal-pode-dar-um-up-em-suas-progressoes-harmonicas\/","url_meta":{"origin":20061,"position":1},"title":"Acordes Fora da Escala: Como o Empr\u00e9stimo Modal Pode dar um Up em Suas Progress\u00f5es Harm\u00f4nicas","author":"nevesf","date":"24\/08\/2024","format":false,"excerpt":"Voc\u00ea j\u00e1 se perguntou como algumas m\u00fasicas conseguem surpreender nossos ouvidos com harmonias inesperadas e emocionantes? Bem-vindo ao fascinante mundo do empr\u00e9stimo modal! Neste post, vamos mergulhar fundo nesse conceito musical que tem o poder de transformar progress\u00f5es comuns em experi\u00eancias sonoras \u00fanicas. Seja voc\u00ea um m\u00fasico iniciante, um profissional\u2026","rel":"","context":"Em &quot;Acordes&quot;","block_context":{"text":"Acordes","link":"https:\/\/musicasemsegredos.com\/index.php\/category\/acordes\/"},"img":{"alt_text":"Musical Note puzzle","src":"https:\/\/i0.wp.com\/musicasemsegredos.com\/wp-content\/uploads\/2024\/08\/MusicalNotesPuzzle.jpeg?fit=1024%2C1024&ssl=1&resize=350%2C200","width":350,"height":200,"srcset":"https:\/\/i0.wp.com\/musicasemsegredos.com\/wp-content\/uploads\/2024\/08\/MusicalNotesPuzzle.jpeg?fit=1024%2C1024&ssl=1&resize=350%2C200 1x, https:\/\/i0.wp.com\/musicasemsegredos.com\/wp-content\/uploads\/2024\/08\/MusicalNotesPuzzle.jpeg?fit=1024%2C1024&ssl=1&resize=525%2C300 1.5x, https:\/\/i0.wp.com\/musicasemsegredos.com\/wp-content\/uploads\/2024\/08\/MusicalNotesPuzzle.jpeg?fit=1024%2C1024&ssl=1&resize=700%2C400 2x"},"classes":[]},{"id":661,"url":"https:\/\/musicasemsegredos.com\/index.php\/2017\/05\/10\/o-que-sao-dominantes-secundarios\/","url_meta":{"origin":20061,"position":2},"title":"O que s\u00e3o dominantes secund\u00e1rios?","author":"nevesf","date":"10\/05\/2017","format":false,"excerpt":"Sabe aquelas coisas que parecem ser muito complicadas, mas na verdade s\u00e3o bem simples? \u00c9 exatamente isso que acontece com os acordes dominantes secund\u00e1rios. A primeira vez que ouvi falar sobre eles, confesso que fiquei perdido. Mas depois de entender como eles funcionam, percebi que s\u00e3o fundamentais para dar mais\u2026","rel":"","context":"Em &quot;Pr\u00e1tica de instrumento&quot;","block_context":{"text":"Pr\u00e1tica de instrumento","link":"https:\/\/musicasemsegredos.com\/index.php\/category\/pratica-de-instrumento\/"},"img":{"alt_text":"dominante secund\u00e1rio. C7","src":"https:\/\/i0.wp.com\/musicasemsegredos.com\/wp-content\/uploads\/2017\/05\/AdobeStock_456671157-scaled.jpeg?fit=1200%2C800&ssl=1&resize=350%2C200","width":350,"height":200,"srcset":"https:\/\/i0.wp.com\/musicasemsegredos.com\/wp-content\/uploads\/2017\/05\/AdobeStock_456671157-scaled.jpeg?fit=1200%2C800&ssl=1&resize=350%2C200 1x, https:\/\/i0.wp.com\/musicasemsegredos.com\/wp-content\/uploads\/2017\/05\/AdobeStock_456671157-scaled.jpeg?fit=1200%2C800&ssl=1&resize=525%2C300 1.5x, https:\/\/i0.wp.com\/musicasemsegredos.com\/wp-content\/uploads\/2017\/05\/AdobeStock_456671157-scaled.jpeg?fit=1200%2C800&ssl=1&resize=700%2C400 2x, https:\/\/i0.wp.com\/musicasemsegredos.com\/wp-content\/uploads\/2017\/05\/AdobeStock_456671157-scaled.jpeg?fit=1200%2C800&ssl=1&resize=1050%2C600 3x"},"classes":[]},{"id":701,"url":"https:\/\/musicasemsegredos.com\/index.php\/2017\/06\/24\/como-compor-arranjo-para-coral-em-quatro-vozes-amazing-grace\/","url_meta":{"origin":20061,"position":3},"title":"Como compor arranjo para coral em quatro vozes Amazing Grace","author":"nevesf","date":"24\/06\/2017","format":false,"excerpt":"Vamos falar hoje sobre um tema muito interessante e \u00fatil para qualquer g\u00eanero musical: o canto coral. Quando vamos fazer um arranjo para vozes \u00e9 preciso estar atento a algumas regras de vital import\u00e2ncia. Extens\u00e3o das vozes A primeira delas \u00e9 a extens\u00e3o das vozes. Um coro de quatro vozes\u2026","rel":"","context":"Em &quot;canto coral&quot;","block_context":{"text":"canto coral","link":"https:\/\/musicasemsegredos.com\/index.php\/category\/canto-coral\/"},"img":{"alt_text":"","src":"https:\/\/i0.wp.com\/musicasemsegredos.com\/wp-content\/uploads\/2017\/06\/choir-309051.png?fit=1172%2C1200&ssl=1&resize=350%2C200","width":350,"height":200,"srcset":"https:\/\/i0.wp.com\/musicasemsegredos.com\/wp-content\/uploads\/2017\/06\/choir-309051.png?fit=1172%2C1200&ssl=1&resize=350%2C200 1x, https:\/\/i0.wp.com\/musicasemsegredos.com\/wp-content\/uploads\/2017\/06\/choir-309051.png?fit=1172%2C1200&ssl=1&resize=525%2C300 1.5x, https:\/\/i0.wp.com\/musicasemsegredos.com\/wp-content\/uploads\/2017\/06\/choir-309051.png?fit=1172%2C1200&ssl=1&resize=700%2C400 2x, https:\/\/i0.wp.com\/musicasemsegredos.com\/wp-content\/uploads\/2017\/06\/choir-309051.png?fit=1172%2C1200&ssl=1&resize=1050%2C600 3x"},"classes":[]},{"id":20109,"url":"https:\/\/musicasemsegredos.com\/index.php\/2025\/10\/08\/jazz-e-blues-a-combinacao-harmonica-perfeita\/","url_meta":{"origin":20061,"position":4},"title":"Jazz e Blues: A Combina\u00e7\u00e3o Harm\u00f4nica Perfeita","author":"nevesf","date":"08\/10\/2025","format":false,"excerpt":"Voc\u00ea j\u00e1 parou para pensar por que o blues de 12 compassos \u00e9 o esqueleto mais robusto e, ao mesmo tempo, mais male\u00e1vel da hist\u00f3ria do jazz? Como \u00e9 poss\u00edvel que uma forma t\u00e3o concisa e aparentemente simples tenha servido de tela para a express\u00e3o de g\u00eanios como Louis Armstrong,\u2026","rel":"","context":"Em &quot;Acordes&quot;","block_context":{"text":"Acordes","link":"https:\/\/musicasemsegredos.com\/index.php\/category\/acordes\/"},"img":{"alt_text":"jazz band","src":"https:\/\/i0.wp.com\/musicasemsegredos.com\/wp-content\/uploads\/2025\/10\/a_classic_jazz_and_blues_band.png?fit=1200%2C675&ssl=1&resize=350%2C200","width":350,"height":200,"srcset":"https:\/\/i0.wp.com\/musicasemsegredos.com\/wp-content\/uploads\/2025\/10\/a_classic_jazz_and_blues_band.png?fit=1200%2C675&ssl=1&resize=350%2C200 1x, https:\/\/i0.wp.com\/musicasemsegredos.com\/wp-content\/uploads\/2025\/10\/a_classic_jazz_and_blues_band.png?fit=1200%2C675&ssl=1&resize=525%2C300 1.5x, https:\/\/i0.wp.com\/musicasemsegredos.com\/wp-content\/uploads\/2025\/10\/a_classic_jazz_and_blues_band.png?fit=1200%2C675&ssl=1&resize=700%2C400 2x, https:\/\/i0.wp.com\/musicasemsegredos.com\/wp-content\/uploads\/2025\/10\/a_classic_jazz_and_blues_band.png?fit=1200%2C675&ssl=1&resize=1050%2C600 3x"},"classes":[]},{"id":1257,"url":"https:\/\/musicasemsegredos.com\/index.php\/2018\/02\/27\/elementos-da-musica\/","url_meta":{"origin":20061,"position":5},"title":"Elementos da m\u00fasica","author":"nevesf","date":"27\/02\/2018","format":false,"excerpt":"H\u00e1 tr\u00eas elementos b\u00e1sicos na nossa m\u00fasica: A melodia, a harmonia e o ritmo. A combina\u00e7\u00e3o destes elementos \u00e9\u00a0 a base de qualquer composi\u00e7\u00e3o. H\u00e1 outros como: \u00a0timbre, altura, tempo, altura, textura, forma, etc. No entanto se voc\u00ea quer iniciar o estudo musical deve come\u00e7ar pelos tr\u00eas primeiros. Ent\u00e3o valos\u2026","rel":"","context":"Em &quot;Teoria Musical&quot;","block_context":{"text":"Teoria Musical","link":"https:\/\/musicasemsegredos.com\/index.php\/category\/teoria-musical\/"},"img":{"alt_text":"","src":"https:\/\/i0.wp.com\/musicasemsegredos.com\/wp-content\/uploads\/2017\/01\/flauta.jpg?fit=480%2C317&ssl=1&resize=350%2C200","width":350,"height":200},"classes":[]}],"jetpack_likes_enabled":true,"jetpack_featured_media_url":"https:\/\/i0.wp.com\/musicasemsegredos.com\/wp-content\/uploads\/2025\/09\/Harmonia-Funcional.png?fit=%2C&ssl=1","_links":{"self":[{"href":"https:\/\/musicasemsegredos.com\/index.php\/wp-json\/wp\/v2\/posts\/20061","targetHints":{"allow":["GET"]}}],"collection":[{"href":"https:\/\/musicasemsegredos.com\/index.php\/wp-json\/wp\/v2\/posts"}],"about":[{"href":"https:\/\/musicasemsegredos.com\/index.php\/wp-json\/wp\/v2\/types\/post"}],"author":[{"embeddable":true,"href":"https:\/\/musicasemsegredos.com\/index.php\/wp-json\/wp\/v2\/users\/1"}],"replies":[{"embeddable":true,"href":"https:\/\/musicasemsegredos.com\/index.php\/wp-json\/wp\/v2\/comments?post=20061"}],"version-history":[{"count":4,"href":"https:\/\/musicasemsegredos.com\/index.php\/wp-json\/wp\/v2\/posts\/20061\/revisions"}],"predecessor-version":[{"id":20066,"href":"https:\/\/musicasemsegredos.com\/index.php\/wp-json\/wp\/v2\/posts\/20061\/revisions\/20066"}],"wp:featuredmedia":[{"embeddable":true,"href":"https:\/\/musicasemsegredos.com\/index.php\/wp-json\/wp\/v2\/media\/20064"}],"wp:attachment":[{"href":"https:\/\/musicasemsegredos.com\/index.php\/wp-json\/wp\/v2\/media?parent=20061"}],"wp:term":[{"taxonomy":"category","embeddable":true,"href":"https:\/\/musicasemsegredos.com\/index.php\/wp-json\/wp\/v2\/categories?post=20061"},{"taxonomy":"post_tag","embeddable":true,"href":"https:\/\/musicasemsegredos.com\/index.php\/wp-json\/wp\/v2\/tags?post=20061"}],"curies":[{"name":"wp","href":"https:\/\/api.w.org\/{rel}","templated":true}]}}