{"id":20023,"date":"2025-03-19T09:18:31","date_gmt":"2025-03-19T12:18:31","guid":{"rendered":"https:\/\/musicasemsegredos.com\/?p=20023"},"modified":"2025-03-19T09:18:33","modified_gmt":"2025-03-19T12:18:33","slug":"a-historia-por-tras-de-la-vie-en-rose-uma-cancao-que-viu-a-vida-em-cor-de-rosa","status":"publish","type":"post","link":"https:\/\/musicasemsegredos.com\/index.php\/2025\/03\/19\/a-historia-por-tras-de-la-vie-en-rose-uma-cancao-que-viu-a-vida-em-cor-de-rosa\/","title":{"rendered":"A Hist\u00f3ria por Tr\u00e1s de &#8220;La Vie en Rose&#8221;: Uma Can\u00e7\u00e3o que Viu a Vida em Cor-de-Rosa"},"content":{"rendered":"\n<p class=\"has-drop-cap wp-block-paragraph\">Imagine uma Paris de 1945, ainda se recuperando das sombras da Segunda Guerra Mundial. As ruas, antes silenciosas pelo peso do conflito, come\u00e7am a ganhar vida novamente. \u00c9 nesse cen\u00e1rio que Edith Piaf, sentada em um caf\u00e9, pega um guardanapo e rabisca as primeiras palavras de uma can\u00e7\u00e3o que mudaria a m\u00fasica para sempre. &#8220;La Vie en Rose&#8221; n\u00e3o nasceu apenas como uma melodia; ela surgiu como um grito de esperan\u00e7a, um convite para ver o mundo com olhos apaixonados e otimistas. Mas como essa m\u00fasica t\u00e3o simples e poderosa veio a existir? Quem foram as mentes por tr\u00e1s dela? E por que ela continua a encantar gera\u00e7\u00f5es at\u00e9 hoje? Vamos embarcar nessa hist\u00f3ria e descobrir juntos.<\/p>\n\n\n\n<p class=\"wp-block-paragraph\">Neste post, vou te contar um pouco sobre Edith Piaf e Louis Guglielmi, os criadores dessa obra-prima, e depois mergulhar na trajet\u00f3ria da can\u00e7\u00e3o: quando foi composta, suas grava\u00e7\u00f5es mais marcantes e o impacto que ela teve \u2014 e ainda tem \u2014 em diferentes estilos musicais. Tamb\u00e9m vou destacar como &#8220;La Vie en Rose&#8221; ganhou arranjos incr\u00edveis para viol\u00e3o, piano e outros instrumentos como violino, bandolim, flautas e clarinetes. Tudo isso com uma linguagem clara e descontra\u00edda, como quem conversa com um amigo sobre algo que ama. Ent\u00e3o, pegue um caf\u00e9 (ou um vinho, estamos falando de Paris, afinal) e venha comigo!<\/p>\n\n\n\n<hr class=\"wp-block-separator has-alpha-channel-opacity\"\/>\n\n\n\n<h2 class=\"wp-block-heading\">Os Compositores: Edith Piaf e Louis Guglielmi<\/h2>\n\n\n\n<p class=\"wp-block-paragraph\">Antes de falar da can\u00e7\u00e3o, vamos conhecer as pessoas que deram vida a ela. Edith Piaf, nascida Edith Giovanna Gassion em 1915, \u00e9 um nome que dispensa apresenta\u00e7\u00f5es na m\u00fasica francesa. Sua hist\u00f3ria \u00e9 daquelas que parecem roteiro de filme: uma inf\u00e2ncia marcada por dificuldades, cantando nas ruas de Paris para sobreviver, at\u00e9 se transformar em uma das maiores vozes do s\u00e9culo XX. Piaf tinha um talento natural para transmitir emo\u00e7\u00e3o, e sua voz, pequena mas cheia de alma, parecia carregar todas as dores e alegrias de uma vida intensa. Ela n\u00e3o era s\u00f3 uma int\u00e9rprete; tamb\u00e9m escrevia letras, colocando peda\u00e7os de si mesma em cada m\u00fasica.<\/p>\n\n\n\n<p class=\"wp-block-paragraph\">J\u00e1 Louis Guglielmi, mais conhecido como Louiguy, nasceu em 1916 em Barcelona, na Espanha, mas cresceu na Fran\u00e7a. Ele era um compositor vers\u00e1til, com um dom para criar melodias que grudam na cabe\u00e7a. Antes de &#8220;La Vie en Rose&#8221;, Louiguy j\u00e1 tinha trabalhado em m\u00fasicas para filmes e colaborado com outros artistas, mas foi sua parceria com Piaf que o colocou no mapa. Diferente dela, que vivia sob os holofotes, ele preferia o papel de criador nos bastidores, deixando suas notas falarem por ele.<\/p>\n\n\n\n<p class=\"wp-block-paragraph\">Juntos, Piaf e Louiguy formaram uma dupla improv\u00e1vel, mas perfeita. Ela trouxe a poesia e a emo\u00e7\u00e3o crua; ele, a melodia que abra\u00e7ava cada palavra. Agora que conhecemos os protagonistas, vamos \u00e0 hist\u00f3ria da can\u00e7\u00e3o que os uniu.<\/p>\n\n\n\n<hr class=\"wp-block-separator has-alpha-channel-opacity\"\/>\n\n\n\n<h2 class=\"wp-block-heading\">A Cria\u00e7\u00e3o de &#8220;La Vie en Rose&#8221;<\/h2>\n\n\n\n<p class=\"wp-block-paragraph\">A hist\u00f3ria de &#8220;La Vie en Rose&#8221; come\u00e7a em 1945, um ano que marcava o fim da guerra e o in\u00edcio de uma nova era. Edith Piaf, ent\u00e3o com 30 anos, estava em um momento de transi\u00e7\u00e3o na carreira e na vida. Conta-se que, em um caf\u00e9 parisiense, ela escreveu a letra da m\u00fasica quase de improviso, inspirada por um amor que a fazia enxergar o mundo de um jeito mais leve. A express\u00e3o &#8220;la vie en rose&#8221; \u2014 &#8220;a vida em cor-de-rosa&#8221; \u2014 j\u00e1 existia no franc\u00eas como um ditado para descrever um estado de felicidade, mas Piaf a transformou em algo pessoal e universal ao mesmo tempo.<\/p>\n\n\n\n<p class=\"wp-block-paragraph\">A melodia, por outro lado, veio das m\u00e3os de Louiguy. Ele criou uma linha simples, mas cativante, com acordes que parecem flutuar, sustentando a voz de Piaf como um par de asas. O curioso \u00e9 que, no come\u00e7o, nem todo mundo acreditou no potencial da m\u00fasica. Alguns amigos e produtores de Piaf acharam a can\u00e7\u00e3o &#8220;fraca&#8221; e sugeriram que ela a deixasse de lado. Mas ela, teimosa e confiante, insistiu. Em 1946, cantou &#8220;La Vie en Rose&#8221; ao vivo pela primeira vez em um show, e a rea\u00e7\u00e3o do p\u00fablico foi avassaladora. O que era s\u00f3 uma ideia rabiscada em um guardanapo virou um fen\u00f4meno.<\/p>\n\n\n\n<p class=\"wp-block-paragraph\">O lan\u00e7amento oficial veio em 1947, quando a grava\u00e7\u00e3o de Piaf foi publicada como single. O sucesso foi instant\u00e2neo: milh\u00f5es de c\u00f3pias vendidas, r\u00e1dio tocando sem parar e um lugar garantido no cora\u00e7\u00e3o dos franceses \u2014 e, logo depois, do mundo. Mas o que tornava essa m\u00fasica t\u00e3o especial? Talvez fosse a combina\u00e7\u00e3o da voz vulner\u00e1vel de Piaf com uma melodia que parecia abra\u00e7ar o ouvinte, ou talvez a mensagem de esperan\u00e7a em um tempo que precisava tanto dela. Fato \u00e9 que &#8220;La Vie en Rose&#8221; n\u00e3o parou por a\u00ed; ela abriu as portas para uma s\u00e9rie de grava\u00e7\u00f5es e interpreta\u00e7\u00f5es que a levaram ainda mais longe.<\/p>\n\n\n\n<hr class=\"wp-block-separator has-alpha-channel-opacity\"\/>\n\n\n\n<h2 class=\"wp-block-heading\">Principais Grava\u00e7\u00f5es de &#8220;La Vie en Rose&#8221;<\/h2>\n\n\n\n<p class=\"wp-block-paragraph\">A vers\u00e3o de Edith Piaf \u00e9, sem d\u00favida, o ponto de partida e o cora\u00e7\u00e3o de &#8220;La Vie en Rose&#8221;. Gravada em 1947, ela captura a ess\u00eancia da chanson fran\u00e7aise: uma mistura de romantismo, melancolia e for\u00e7a. Mas a can\u00e7\u00e3o n\u00e3o ficou restrita \u00e0 voz de sua criadora. Ao longo das d\u00e9cadas, artistas de diferentes cantos do mundo a reinterpretaram, cada um trazendo algo novo.<\/p>\n\n\n\n<p class=\"wp-block-paragraph\">Em 1950, Louis Armstrong lan\u00e7ou sua vers\u00e3o, e o que j\u00e1 era lindo ganhou um toque de jazz. Com seu trompete inconfund\u00edvel e uma voz rouca cheia de charme, ele transformou a m\u00fasica em algo mais descontra\u00eddo, quase como uma conversa entre amigos. Foi uma ponte importante para levar &#8220;La Vie en Rose&#8221; ao p\u00fablico americano, mostrando que ela podia cruzar fronteiras culturais.<\/p>\n\n\n\n<p class=\"wp-block-paragraph\">Pulemos para 1977, e temos Grace Jones com uma abordagem completamente diferente. Sua vers\u00e3o pop, com batidas dan\u00e7antes e uma vibe moderna, trouxe a can\u00e7\u00e3o para as pistas de dan\u00e7a. Jones manteve a ess\u00eancia rom\u00e2ntica, mas adicionou um tempero contempor\u00e2neo que a fez hit novamente, d\u00e9cadas depois do original. Esse lan\u00e7amento tamb\u00e9m apareceu em filmes, como &#8220;Pr\u00eat-\u00e0-Porter&#8221; (1994), mostrando como a m\u00fasica continuava relevante.<\/p>\n\n\n\n<p class=\"wp-block-paragraph\">Outras grava\u00e7\u00f5es marcantes incluem a de Am\u00e1lia Rodrigues, a rainha do fado portugu\u00eas, que em 1960 deu \u00e0 can\u00e7\u00e3o um tom mais melanc\u00f3lico e profundo, t\u00edpico do g\u00eanero. Donna Summer, em 1993, tamb\u00e9m deixou sua marca com uma vers\u00e3o que misturava elementos pop e dance, enquanto artistas mais recentes, como Michael Bubl\u00e9, exploraram arranjos jazz\u00edsticos que respeitam a raiz da m\u00fasica, mas com um toque atual.<\/p>\n\n\n\n<p class=\"wp-block-paragraph\">Cada uma dessas vers\u00f5es prova que &#8220;La Vie en Rose&#8221; \u00e9 como um diamante: multifacetada, capaz de brilhar de jeitos diferentes dependendo de quem a segura. E isso nos leva ao pr\u00f3ximo ponto: como ela influenciou outros estilos musicais, tanto na \u00e9poca quanto hoje.<\/p>\n\n\n\n<hr class=\"wp-block-separator has-alpha-channel-opacity\"\/>\n\n\n\n<h2 class=\"wp-block-heading\">O Papel de &#8220;La Vie en Rose&#8221; em Outros Estilos Musicais<\/h2>\n\n\n\n<p class=\"wp-block-paragraph\">Quando &#8220;La Vie en Rose&#8221; surgiu, a chanson fran\u00e7aise era o estilo dominante na Fran\u00e7a, e a can\u00e7\u00e3o ajudou a solidificar suas caracter\u00edsticas: letras po\u00e9ticas, melodias emotivas e uma conex\u00e3o direta com o ouvinte. Mas seu impacto n\u00e3o ficou preso a um \u00fanico g\u00eanero ou momento hist\u00f3rico.<\/p>\n\n\n\n<p class=\"wp-block-paragraph\">Na d\u00e9cada de 1950, com a vers\u00e3o de Louis Armstrong, ela entrou no mundo do jazz. O improviso e a liberdade do g\u00eanero deram \u00e0 m\u00fasica uma nova energia, e desde ent\u00e3o, muitos artistas de jazz \u2014 de Ella Fitzgerald a Diana Krall \u2014 a inclu\u00edram em seus repert\u00f3rios. O que era uma balada francesa virou um standard, com arranjos que exploram solos e varia\u00e7\u00f5es harm\u00f4nicas.<\/p>\n\n\n\n<p class=\"wp-block-paragraph\">No pop, Grace Jones abriu as portas para uma releitura mais comercial, e isso influenciou outros artistas a experimentarem com a can\u00e7\u00e3o em contextos modernos. Hoje, voc\u00ea pode ouvir ecos de &#8220;La Vie en Rose&#8221; em trilhas sonoras de filmes, como &#8220;WALL-E&#8221; (2008), ou em covers de cantores pop contempor\u00e2neos, como Lady Gaga, que a cantou em &#8220;A Star Is Born&#8221; (2018). Essa presen\u00e7a constante mostra como a m\u00fasica se adapta sem perder sua ess\u00eancia.<\/p>\n\n\n\n<p class=\"wp-block-paragraph\">Al\u00e9m disso, ela tamb\u00e9m encontrou espa\u00e7o em estilos regionais. A vers\u00e3o em fado de Am\u00e1lia Rodrigues \u00e9 um exemplo de como a can\u00e7\u00e3o pode absorver a identidade de outras culturas musicais. No Brasil, artistas como Marisa Monte j\u00e1 fizeram homenagens indiretas ao estilo de Piaf, enquanto arranjos instrumentais continuam a aparecer em concertos de m\u00fasica cl\u00e1ssica ou popular ao redor do mundo.<\/p>\n\n\n\n<p class=\"wp-block-paragraph\">Na atualidade, &#8220;La Vie en Rose&#8221; \u00e9 um s\u00edmbolo de atemporalidade. Ela aparece em playlists de lo-fi, covers ac\u00fasticos no YouTube e at\u00e9 em remixes eletr\u00f4nicos. Sua melodia simples e sua mensagem universal a tornam um ponto de partida perfeito para m\u00fasicos que querem experimentar, seja mantendo a tradi\u00e7\u00e3o ou levando-a para territ\u00f3rios novos.<\/p>\n\n\n\n<hr class=\"wp-block-separator has-alpha-channel-opacity\"\/>\n\n\n\n<h2 class=\"wp-block-heading\">Arranjos para Viol\u00e3o, Piano e Outros Instrumentos<\/h2>\n\n\n\n<p class=\"wp-block-paragraph\">Agora, vamos falar de algo que todo amante de m\u00fasica adora: como &#8220;La Vie en Rose&#8221; soa em diferentes instrumentos. A melodia de Louiguy \u00e9 t\u00e3o bem constru\u00edda que parece feita para ser explorada de v\u00e1rias formas, e os arranjos para viol\u00e3o, piano, violino, bandolim, flautas e clarinetes mostram isso com clareza.<\/p>\n\n\n\n<h3 class=\"wp-block-heading\">Viol\u00e3o<\/h3>\n\n\n\n<p class=\"wp-block-paragraph\">O viol\u00e3o \u00e9 um dos instrumentos mais queridos para tocar &#8220;La Vie en Rose&#8221;. Com sua sonoridade quente e intimista, ele \u00e9 perfeito para vers\u00f5es solo ou para acompanhar uma voz. Um arranjo t\u00edpico pode usar dedilhados suaves, destacando a melodia com notas limpas e acordes simples como C, G7 e F. Muitos violonistas adicionam pequenas varia\u00e7\u00f5es, como arpejos ou slides, para dar um toque pessoal. \u00c9 comum ver esse tipo de arranjo em caf\u00e9s ou apresenta\u00e7\u00f5es ac\u00fasticas, onde a simplicidade do viol\u00e3o cria uma atmosfera que lembra as ruas de Paris.<\/p>\n\n\n\n<h3 class=\"wp-block-heading\">Piano<\/h3>\n\n\n\n<p class=\"wp-block-paragraph\">No piano, &#8220;La Vie en Rose&#8221; ganha uma camada extra de emo\u00e7\u00e3o. A m\u00e3o esquerda pode tocar os acordes enquanto a direita desenha a melodia, ou o arranjo pode ser mais complexo, com harmonias ricas e improvisa\u00e7\u00f5es. Existem vers\u00f5es cl\u00e1ssicas, com um estilo quase de valsa, e outras mais jazz\u00edsticas, cheias de s\u00e9timas e nonas. O piano consegue capturar tanto o romantismo quanto a melancolia da can\u00e7\u00e3o, tornando-o ideal para solos ou duetos com cantores.<\/p>\n\n\n\n<h3 class=\"wp-block-heading\">Violino<\/h3>\n\n\n\n<p class=\"wp-block-paragraph\">O violino traz um ar de eleg\u00e2ncia a &#8220;La Vie en Rose&#8221;. Seu timbre expressivo destaca a melodia de um jeito que parece cantar, com vibratos e glissandos que adicionam drama. Arranjos para violino solo s\u00e3o comuns, mas tamb\u00e9m h\u00e1 vers\u00f5es para quartetos de cordas, onde viola, violoncelo e contrabaixo criam uma textura rica. \u00c9 o tipo de arranjo que voc\u00ea imagina em um concerto ou em uma cena rom\u00e2ntica de filme.<\/p>\n\n\n\n<h4 class=\"wp-block-heading\">Arranjo para Violino e Piano<\/h4>\n\n\n\n<figure class=\"wp-block-embed is-type-video is-provider-youtube wp-block-embed-youtube wp-embed-aspect-4-3 wp-has-aspect-ratio\"><div class=\"wp-block-embed__wrapper\">\n<span class=\"embed-youtube\" style=\"text-align:center; display: block;\"><iframe loading=\"lazy\" class=\"youtube-player\" width=\"660\" height=\"372\" src=\"https:\/\/www.youtube.com\/embed\/_1KN5-QUWgg?version=3&#038;rel=1&#038;showsearch=0&#038;showinfo=1&#038;iv_load_policy=1&#038;fs=1&#038;hl=pt-BR&#038;autohide=2&#038;wmode=transparent\" allowfullscreen=\"true\" style=\"border:0;\" sandbox=\"allow-scripts allow-same-origin allow-popups allow-presentation allow-popups-to-escape-sandbox\"><\/iframe><\/span>\n<\/div><\/figure>\n\n\n\n<div class=\"wp-block-buttons is-content-justification-center is-layout-flex wp-container-core-buttons-is-layout-fe48e5de wp-block-buttons-is-layout-flex\">\n<div class=\"wp-block-button\"><a class=\"wp-block-button__link wp-element-button\" href=\"https:\/\/www.sheetmusicdirect.com\/en-US\/se\/ID_No\/1621714\/Product.aspx?affiliate=65400\" target=\"_blank\" rel=\"noreferrer noopener\">adquira a partitura<\/a><\/div>\n<\/div>\n\n\n\n<h3 class=\"wp-block-heading\">Bandolim<\/h3>\n\n\n\n<p class=\"wp-block-paragraph\">O bandolim, com seu som brilhante e delicado, d\u00e1 \u00e0 can\u00e7\u00e3o um charme nost\u00e1lgico. Ele \u00e9 menos comum, mas muito usado em arranjos folk ou em ensembles menores. A t\u00e9cnica de tremolo, t\u00edpica do bandolim, pode imitar a suavidade da voz de Piaf, enquanto os acordes r\u00e1pidos trazem um ritmo leve e dan\u00e7ante.<\/p>\n\n\n\n<h4 class=\"wp-block-heading\">Arranjo para Bandolim e Piano<\/h4>\n\n\n\n<figure class=\"wp-block-embed is-type-video is-provider-youtube wp-block-embed-youtube wp-embed-aspect-16-9 wp-has-aspect-ratio\"><div class=\"wp-block-embed__wrapper\">\n<span class=\"embed-youtube\" style=\"text-align:center; display: block;\"><iframe loading=\"lazy\" class=\"youtube-player\" width=\"660\" height=\"372\" src=\"https:\/\/www.youtube.com\/embed\/YLnW46jB0bc?version=3&#038;rel=1&#038;showsearch=0&#038;showinfo=1&#038;iv_load_policy=1&#038;fs=1&#038;hl=pt-BR&#038;autohide=2&#038;wmode=transparent\" allowfullscreen=\"true\" style=\"border:0;\" sandbox=\"allow-scripts allow-same-origin allow-popups allow-presentation allow-popups-to-escape-sandbox\"><\/iframe><\/span>\n<\/div><\/figure>\n\n\n\n<div class=\"wp-block-buttons is-content-justification-center is-layout-flex wp-container-core-buttons-is-layout-fe48e5de wp-block-buttons-is-layout-flex\">\n<div class=\"wp-block-button\"><a class=\"wp-block-button__link wp-element-button\" href=\"https:\/\/www.sheetmusicdirect.com\/en-US\/se\/ID_No\/1588530\/Product.aspx?affiliate=65400\" target=\"_blank\" rel=\"noreferrer noopener\">Adquira a partitura com tablatura para bandolim<\/a><\/div>\n<\/div>\n\n\n\n<h3 class=\"wp-block-heading\">Flautas e Clarinetes<\/h3>\n\n\n\n<p class=\"wp-block-paragraph\">Flautas e clarinetes s\u00e3o escolhas naturais para &#8220;La Vie en Rose&#8221; por causa de suas qualidades mel\u00f3dicas. A flauta, com seu som doce e et\u00e9reo, real\u00e7a o lado sonhador da m\u00fasica, enquanto o clarinete, mais quente e aveludado, adiciona uma profundidade emocional. Esses instrumentos aparecem tanto em solos quanto em arranjos de banda, especialmente em vers\u00f5es jazz ou cl\u00e1ssicas. Juntos, eles criam uma sensa\u00e7\u00e3o de leveza que combina perfeitamente com a ideia de &#8220;ver a vida em cor-de-rosa&#8221;.<\/p>\n\n\n\n<p class=\"wp-block-paragraph\">Esses arranjos mostram como &#8220;La Vie en Rose&#8221; \u00e9 vers\u00e1til. Seja em uma partitura para iniciantes ou em uma adapta\u00e7\u00e3o complexa para orquestra, a m\u00fasica se mant\u00e9m reconhec\u00edvel e emocionante. E \u00e9 exatamente essa flexibilidade que a ajudou a atravessar d\u00e9cadas e estilos.<\/p>\n\n\n\n<h4 class=\"wp-block-heading\">Arranjo para Clarinete em Bb e Piano<\/h4>\n\n\n\n<figure class=\"wp-block-embed is-type-video is-provider-youtube wp-block-embed-youtube wp-embed-aspect-16-9 wp-has-aspect-ratio\"><div class=\"wp-block-embed__wrapper\">\n<span class=\"embed-youtube\" style=\"text-align:center; display: block;\"><iframe loading=\"lazy\" class=\"youtube-player\" width=\"660\" height=\"372\" src=\"https:\/\/www.youtube.com\/embed\/fViTQ6xbWJg?version=3&#038;rel=1&#038;showsearch=0&#038;showinfo=1&#038;iv_load_policy=1&#038;fs=1&#038;hl=pt-BR&#038;autohide=2&#038;wmode=transparent\" allowfullscreen=\"true\" style=\"border:0;\" sandbox=\"allow-scripts allow-same-origin allow-popups allow-presentation allow-popups-to-escape-sandbox\"><\/iframe><\/span>\n<\/div><\/figure>\n\n\n\n<hr class=\"wp-block-separator has-alpha-channel-opacity\"\/>\n\n\n\n<div class=\"wp-block-buttons is-content-justification-center is-layout-flex wp-container-core-buttons-is-layout-fe48e5de wp-block-buttons-is-layout-flex\">\n<div class=\"wp-block-button\"><a class=\"wp-block-button__link wp-element-button\" href=\"https:\/\/www.sheetmusicdirect.com\/en-US\/se\/ID_No\/1588506\/Product.aspx?affiliate=65400\" target=\"_blank\" rel=\"noreferrer noopener\">adquira a partitura<\/a><\/div>\n<\/div>\n\n\n\n<h2 class=\"wp-block-heading\">Uma Can\u00e7\u00e3o que N\u00e3o Envelhece<\/h2>\n\n\n\n<p class=\"wp-block-paragraph\">Chegamos ao fim dessa viagem pela hist\u00f3ria de &#8220;La Vie en Rose&#8221;, mas a verdade \u00e9 que a can\u00e7\u00e3o nunca termina de verdade. Desde aquele guardanapo em 1945 at\u00e9 os palcos e est\u00fadios de hoje, ela continua a inspirar m\u00fasicos e ouvintes. Edith Piaf e Louis Guglielmi criaram algo maior do que eles mesmos: uma melodia que fala de amor, esperan\u00e7a e resili\u00eancia, coisas que nunca saem de moda.<\/p>\n\n\n\n<p class=\"wp-block-paragraph\">Seja na voz rouca de Piaf, no trompete de Armstrong ou em um arranjo suave de viol\u00e3o, &#8220;La Vie en Rose&#8221; tem o poder de nos transportar. Ela nos lembra que, mesmo nos dias mais cinzentos, \u00e9 poss\u00edvel encontrar um pouco de cor. Ent\u00e3o, que tal ouvir a m\u00fasica agora? Escolha sua vers\u00e3o favorita, feche os olhos e deixe-se levar por essa hist\u00f3ria que, mais de 70 anos depois, ainda est\u00e1 sendo contada.<\/p>\n","protected":false},"excerpt":{"rendered":"<p>Imagine uma Paris de 1945, ainda se recuperando das sombras da Segunda Guerra Mundial. As ruas, antes silenciosas pelo peso do conflito, come\u00e7am a ganhar vida novamente. \u00c9 nesse cen\u00e1rio que Edith Piaf, sentada em um caf\u00e9, pega um guardanapo e rabisca as primeiras palavras de uma can\u00e7\u00e3o que mudaria a m\u00fasica para sempre. &#8220;La &hellip; <a href=\"https:\/\/musicasemsegredos.com\/index.php\/2025\/03\/19\/a-historia-por-tras-de-la-vie-en-rose-uma-cancao-que-viu-a-vida-em-cor-de-rosa\/\" class=\"more-link\">Continuar lendo <span class=\"screen-reader-text\">A Hist\u00f3ria por Tr\u00e1s de &#8220;La Vie en Rose&#8221;: Uma Can\u00e7\u00e3o que Viu a Vida em Cor-de-Rosa<\/span><\/a><\/p>\n","protected":false},"author":1,"featured_media":20026,"comment_status":"open","ping_status":"open","sticky":false,"template":"","format":"standard","meta":{"_jetpack_newsletter_access":"","_jetpack_dont_email_post_to_subs":false,"_jetpack_newsletter_tier_id":0,"_jetpack_memberships_contains_paywalled_content":false,"_jetpack_feature_clip_id":0,"_jetpack_memberships_contains_paid_content":false,"footnotes":"","jetpack_publicize_message":"","jetpack_publicize_feature_enabled":true,"jetpack_social_post_already_shared":true,"jetpack_social_options":{"image_generator_settings":{"template":"highway","default_image_id":0,"font":"","enabled":false},"version":2},"jetpack_post_was_ever_published":false},"categories":[647,633,1188,615,178,718],"tags":[1654,109,1661,1653,1650,1655,1649,1662,1645,1660,1656,711,1665,1659,1644,1648,1658,5,1664,1646,1663,1652,1647,13,876,719,1657,1651],"class_list":["post-20023","post","type-post","status-publish","format-standard","has-post-thumbnail","hentry","category-bandolim","category-educacao","category-historia-da-musica","category-musica","category-partituras","category-tablatura","tag-arranjos-para-violao","tag-bandolim","tag-blog-de-musica-2","tag-cancoes-romanticas","tag-chanson-francaise","tag-clarinetes","tag-compositores-franceses","tag-curiosidades-musicais","tag-edith-piaf","tag-edith-piaf-biografia","tag-flautas","tag-historia-da-musica","tag-historia-musical","tag-influencia-no-jazz","tag-la-vie-en-rose","tag-louiguy","tag-louiguy-compositor","tag-musica","tag-musica-em-filmes","tag-musica-francesa","tag-musica-na-segunda-guerra-mundial","tag-musica-para-piano","tag-musicas-iconicas","tag-partitura","tag-solo","tag-tablatura","tag-versoes-famosas","tag-violino-na-musica-popular"],"aioseo_notices":[],"aioseo_head":"\n\t\t<!-- All in One SEO 5.0.1.1 - aioseo.com -->\n\t<meta name=\"description\" content=\"Imagine uma Paris de 1945, ainda se recuperando das sombras da Segunda Guerra Mundial. As ruas, antes silenciosas pelo peso do conflito, come\u00e7am a ganhar vida novamente. \u00c9 nesse cen\u00e1rio que Edith Piaf, sentada em um caf\u00e9, pega um guardanapo e rabisca as primeiras palavras de uma can\u00e7\u00e3o que mudaria a m\u00fasica para sempre. &quot;La\" \/>\n\t<meta name=\"robots\" content=\"max-image-preview:large\" \/>\n\t<meta name=\"author\" content=\"nevesf\"\/>\n\t<link rel=\"canonical\" href=\"https:\/\/musicasemsegredos.com\/index.php\/2025\/03\/19\/a-historia-por-tras-de-la-vie-en-rose-uma-cancao-que-viu-a-vida-em-cor-de-rosa\/\" \/>\n\t<meta name=\"generator\" content=\"All in One SEO (AIOSEO) 5.0.1.1\" \/>\n\t\t<meta property=\"og:locale\" content=\"pt_BR\" \/>\n\t\t<meta property=\"og:site_name\" content=\"M\u00fasica sem Segredos - Musica para todos\" \/>\n\t\t<meta property=\"og:type\" content=\"article\" \/>\n\t\t<meta property=\"og:title\" content=\"A Hist\u00f3ria por Tr\u00e1s de \u201cLa Vie en Rose\u201d: Uma Can\u00e7\u00e3o que Viu a Vida em Cor-de-Rosa - M\u00fasica sem Segredos\" \/>\n\t\t<meta property=\"og:description\" content=\"Imagine uma Paris de 1945, ainda se recuperando das sombras da Segunda Guerra Mundial. As ruas, antes silenciosas pelo peso do conflito, come\u00e7am a ganhar vida novamente. \u00c9 nesse cen\u00e1rio que Edith Piaf, sentada em um caf\u00e9, pega um guardanapo e rabisca as primeiras palavras de uma can\u00e7\u00e3o que mudaria a m\u00fasica para sempre. &quot;La\" \/>\n\t\t<meta property=\"og:url\" content=\"https:\/\/musicasemsegredos.com\/index.php\/2025\/03\/19\/a-historia-por-tras-de-la-vie-en-rose-uma-cancao-que-viu-a-vida-em-cor-de-rosa\/\" \/>\n\t\t<meta property=\"og:image\" content=\"https:\/\/i0.wp.com\/musicasemsegredos.com\/wp-content\/uploads\/2017\/01\/cropped-cropped-MusicaSemSegredos512x512.jpg?fit=248248&#038;ssl=1\" \/>\n\t\t<meta property=\"og:image:secure_url\" content=\"https:\/\/i0.wp.com\/musicasemsegredos.com\/wp-content\/uploads\/2017\/01\/cropped-cropped-MusicaSemSegredos512x512.jpg?fit=248248&#038;ssl=1\" \/>\n\t\t<meta property=\"article:published_time\" content=\"2025-03-19T12:18:31+00:00\" \/>\n\t\t<meta property=\"article:modified_time\" content=\"2025-03-19T12:18:33+00:00\" \/>\n\t\t<meta name=\"twitter:card\" content=\"summary_large_image\" \/>\n\t\t<meta name=\"twitter:title\" content=\"A Hist\u00f3ria por Tr\u00e1s de \u201cLa Vie en Rose\u201d: Uma Can\u00e7\u00e3o que Viu a Vida em Cor-de-Rosa - M\u00fasica sem Segredos\" \/>\n\t\t<meta name=\"twitter:description\" content=\"Imagine uma Paris de 1945, ainda se recuperando das sombras da Segunda Guerra Mundial. As ruas, antes silenciosas pelo peso do conflito, come\u00e7am a ganhar vida novamente. \u00c9 nesse cen\u00e1rio que Edith Piaf, sentada em um caf\u00e9, pega um guardanapo e rabisca as primeiras palavras de uma can\u00e7\u00e3o que mudaria a m\u00fasica para sempre. &quot;La\" \/>\n\t\t<meta name=\"twitter:image\" content=\"https:\/\/i0.wp.com\/musicasemsegredos.com\/wp-content\/uploads\/2017\/01\/cropped-cropped-MusicaSemSegredos512x512.jpg?fit=248248&amp;ssl=1\" \/>\n\t\t<script type=\"application\/ld+json\" class=\"aioseo-schema\">\n\t\t\t{\"@context\":\"https:\\\/\\\/schema.org\",\"@graph\":[{\"@type\":\"BlogPosting\",\"@id\":\"https:\\\/\\\/musicasemsegredos.com\\\/index.php\\\/2025\\\/03\\\/19\\\/a-historia-por-tras-de-la-vie-en-rose-uma-cancao-que-viu-a-vida-em-cor-de-rosa\\\/#blogposting\",\"name\":\"A Hist\\u00f3ria por Tr\\u00e1s de \\u201cLa Vie en Rose\\u201d: Uma Can\\u00e7\\u00e3o que Viu a Vida em Cor-de-Rosa - M\\u00fasica sem Segredos\",\"headline\":\"A Hist\\u00f3ria por Tr\\u00e1s de &#8220;La Vie en Rose&#8221;: Uma Can\\u00e7\\u00e3o que Viu a Vida em Cor-de-Rosa\",\"author\":{\"@id\":\"https:\\\/\\\/musicasemsegredos.com\\\/index.php\\\/author\\\/nevesf\\\/#author\"},\"publisher\":{\"@id\":\"https:\\\/\\\/musicasemsegredos.com\\\/#organization\"},\"image\":{\"@type\":\"ImageObject\",\"url\":\"https:\\\/\\\/i0.wp.com\\\/musicasemsegredos.com\\\/wp-content\\\/uploads\\\/2025\\\/03\\\/La-vie-en-rose-Piaf.png?fit=1198%2C662&ssl=1\",\"width\":1198,\"height\":662,\"caption\":\"La vie en Rose\"},\"datePublished\":\"2025-03-19T09:18:31-03:00\",\"dateModified\":\"2025-03-19T09:18:33-03:00\",\"inLanguage\":\"pt-BR\",\"mainEntityOfPage\":{\"@id\":\"https:\\\/\\\/musicasemsegredos.com\\\/index.php\\\/2025\\\/03\\\/19\\\/a-historia-por-tras-de-la-vie-en-rose-uma-cancao-que-viu-a-vida-em-cor-de-rosa\\\/#webpage\"},\"isPartOf\":{\"@id\":\"https:\\\/\\\/musicasemsegredos.com\\\/index.php\\\/2025\\\/03\\\/19\\\/a-historia-por-tras-de-la-vie-en-rose-uma-cancao-que-viu-a-vida-em-cor-de-rosa\\\/#webpage\"},\"articleSection\":\"bandolim, educacao, Hist\\u00f3ria da m\\u00fasica, musica, Partituras, tablatura, arranjos para viol\\u00e3o, bandolim, blog de m\\u00fasica, can\\u00e7\\u00f5es rom\\u00e2nticas, chanson fran\\u00e7aise, clarinetes, compositores franceses, curiosidades musicais, Edith Piaf, Edith Piaf biografia, flautas, hist\\u00f3ria da m\\u00fasica, hist\\u00f3ria musical, influ\\u00eancia no jazz, La Vie en Rose, Louiguy, Louiguy compositor, musica, m\\u00fasica em filmes, m\\u00fasica francesa, m\\u00fasica na Segunda Guerra Mundial, m\\u00fasica para piano, m\\u00fasicas ic\\u00f4nicas, partitura, solo, tablatura, vers\\u00f5es famosas, violino na m\\u00fasica popular\"},{\"@type\":\"BreadcrumbList\",\"@id\":\"https:\\\/\\\/musicasemsegredos.com\\\/index.php\\\/2025\\\/03\\\/19\\\/a-historia-por-tras-de-la-vie-en-rose-uma-cancao-que-viu-a-vida-em-cor-de-rosa\\\/#breadcrumblist\",\"itemListElement\":[{\"@type\":\"ListItem\",\"@id\":\"https:\\\/\\\/musicasemsegredos.com#listItem\",\"position\":1,\"name\":\"Home\",\"item\":\"https:\\\/\\\/musicasemsegredos.com\",\"nextItem\":{\"@type\":\"ListItem\",\"@id\":\"https:\\\/\\\/musicasemsegredos.com\\\/index.php\\\/category\\\/partituras\\\/#listItem\",\"name\":\"Partituras\"}},{\"@type\":\"ListItem\",\"@id\":\"https:\\\/\\\/musicasemsegredos.com\\\/index.php\\\/category\\\/partituras\\\/#listItem\",\"position\":2,\"name\":\"Partituras\",\"item\":\"https:\\\/\\\/musicasemsegredos.com\\\/index.php\\\/category\\\/partituras\\\/\",\"nextItem\":{\"@type\":\"ListItem\",\"@id\":\"https:\\\/\\\/musicasemsegredos.com\\\/index.php\\\/2025\\\/03\\\/19\\\/a-historia-por-tras-de-la-vie-en-rose-uma-cancao-que-viu-a-vida-em-cor-de-rosa\\\/#listItem\",\"name\":\"A Hist\\u00f3ria por Tr\\u00e1s de &#8220;La Vie en Rose&#8221;: Uma Can\\u00e7\\u00e3o que Viu a Vida em Cor-de-Rosa\"},\"previousItem\":{\"@type\":\"ListItem\",\"@id\":\"https:\\\/\\\/musicasemsegredos.com#listItem\",\"name\":\"Home\"}},{\"@type\":\"ListItem\",\"@id\":\"https:\\\/\\\/musicasemsegredos.com\\\/index.php\\\/2025\\\/03\\\/19\\\/a-historia-por-tras-de-la-vie-en-rose-uma-cancao-que-viu-a-vida-em-cor-de-rosa\\\/#listItem\",\"position\":3,\"name\":\"A Hist\\u00f3ria por Tr\\u00e1s de &#8220;La Vie en Rose&#8221;: Uma Can\\u00e7\\u00e3o que Viu a Vida em Cor-de-Rosa\",\"previousItem\":{\"@type\":\"ListItem\",\"@id\":\"https:\\\/\\\/musicasemsegredos.com\\\/index.php\\\/category\\\/partituras\\\/#listItem\",\"name\":\"Partituras\"}}]},{\"@type\":\"Organization\",\"@id\":\"https:\\\/\\\/musicasemsegredos.com\\\/#organization\",\"name\":\"M\\u00fasica sem Segredos\",\"description\":\"Musica para todos\",\"url\":\"https:\\\/\\\/musicasemsegredos.com\\\/\",\"logo\":{\"@type\":\"ImageObject\",\"url\":\"https:\\\/\\\/i0.wp.com\\\/musicasemsegredos.com\\\/wp-content\\\/uploads\\\/2017\\\/01\\\/cropped-cropped-MusicaSemSegredos512x512.jpg?fit=248%2C248&ssl=1\",\"@id\":\"https:\\\/\\\/musicasemsegredos.com\\\/index.php\\\/2025\\\/03\\\/19\\\/a-historia-por-tras-de-la-vie-en-rose-uma-cancao-que-viu-a-vida-em-cor-de-rosa\\\/#organizationLogo\",\"width\":248,\"height\":248},\"image\":{\"@id\":\"https:\\\/\\\/musicasemsegredos.com\\\/index.php\\\/2025\\\/03\\\/19\\\/a-historia-por-tras-de-la-vie-en-rose-uma-cancao-que-viu-a-vida-em-cor-de-rosa\\\/#organizationLogo\"}},{\"@type\":\"Person\",\"@id\":\"https:\\\/\\\/musicasemsegredos.com\\\/index.php\\\/author\\\/nevesf\\\/#author\",\"url\":\"https:\\\/\\\/musicasemsegredos.com\\\/index.php\\\/author\\\/nevesf\\\/\",\"name\":\"nevesf\",\"image\":{\"@type\":\"ImageObject\",\"@id\":\"https:\\\/\\\/musicasemsegredos.com\\\/index.php\\\/2025\\\/03\\\/19\\\/a-historia-por-tras-de-la-vie-en-rose-uma-cancao-que-viu-a-vida-em-cor-de-rosa\\\/#authorImage\",\"url\":\"https:\\\/\\\/secure.gravatar.com\\\/avatar\\\/40a180061deabb68d04bd9f812bde2b372b5d57984baf7dd947ee866377d90fb?s=96&d=blank&r=g\",\"width\":96,\"height\":96,\"caption\":\"nevesf\"}},{\"@type\":\"WebPage\",\"@id\":\"https:\\\/\\\/musicasemsegredos.com\\\/index.php\\\/2025\\\/03\\\/19\\\/a-historia-por-tras-de-la-vie-en-rose-uma-cancao-que-viu-a-vida-em-cor-de-rosa\\\/#webpage\",\"url\":\"https:\\\/\\\/musicasemsegredos.com\\\/index.php\\\/2025\\\/03\\\/19\\\/a-historia-por-tras-de-la-vie-en-rose-uma-cancao-que-viu-a-vida-em-cor-de-rosa\\\/\",\"name\":\"A Hist\\u00f3ria por Tr\\u00e1s de \\u201cLa Vie en Rose\\u201d: Uma Can\\u00e7\\u00e3o que Viu a Vida em Cor-de-Rosa - M\\u00fasica sem Segredos\",\"description\":\"Imagine uma Paris de 1945, ainda se recuperando das sombras da Segunda Guerra Mundial. As ruas, antes silenciosas pelo peso do conflito, come\\u00e7am a ganhar vida novamente. \\u00c9 nesse cen\\u00e1rio que Edith Piaf, sentada em um caf\\u00e9, pega um guardanapo e rabisca as primeiras palavras de uma can\\u00e7\\u00e3o que mudaria a m\\u00fasica para sempre. \\\"La\",\"inLanguage\":\"pt-BR\",\"isPartOf\":{\"@id\":\"https:\\\/\\\/musicasemsegredos.com\\\/#website\"},\"breadcrumb\":{\"@id\":\"https:\\\/\\\/musicasemsegredos.com\\\/index.php\\\/2025\\\/03\\\/19\\\/a-historia-por-tras-de-la-vie-en-rose-uma-cancao-que-viu-a-vida-em-cor-de-rosa\\\/#breadcrumblist\"},\"author\":{\"@id\":\"https:\\\/\\\/musicasemsegredos.com\\\/index.php\\\/author\\\/nevesf\\\/#author\"},\"creator\":{\"@id\":\"https:\\\/\\\/musicasemsegredos.com\\\/index.php\\\/author\\\/nevesf\\\/#author\"},\"image\":{\"@type\":\"ImageObject\",\"url\":\"https:\\\/\\\/i0.wp.com\\\/musicasemsegredos.com\\\/wp-content\\\/uploads\\\/2025\\\/03\\\/La-vie-en-rose-Piaf.png?fit=1198%2C662&ssl=1\",\"@id\":\"https:\\\/\\\/musicasemsegredos.com\\\/index.php\\\/2025\\\/03\\\/19\\\/a-historia-por-tras-de-la-vie-en-rose-uma-cancao-que-viu-a-vida-em-cor-de-rosa\\\/#mainImage\",\"width\":1198,\"height\":662,\"caption\":\"La vie en Rose\"},\"primaryImageOfPage\":{\"@id\":\"https:\\\/\\\/musicasemsegredos.com\\\/index.php\\\/2025\\\/03\\\/19\\\/a-historia-por-tras-de-la-vie-en-rose-uma-cancao-que-viu-a-vida-em-cor-de-rosa\\\/#mainImage\"},\"datePublished\":\"2025-03-19T09:18:31-03:00\",\"dateModified\":\"2025-03-19T09:18:33-03:00\"},{\"@type\":\"WebSite\",\"@id\":\"https:\\\/\\\/musicasemsegredos.com\\\/#website\",\"url\":\"https:\\\/\\\/musicasemsegredos.com\\\/\",\"name\":\"M\\u00fasica sem Segredos\",\"description\":\"Musica para todos\",\"inLanguage\":\"pt-BR\",\"publisher\":{\"@id\":\"https:\\\/\\\/musicasemsegredos.com\\\/#organization\"}}]}\n\t\t<\/script>\n\t\t<!-- All in One SEO -->\n\n","aioseo_head_json":{"title":"A Hist\u00f3ria por Tr\u00e1s de \u201cLa Vie en Rose\u201d: Uma Can\u00e7\u00e3o que Viu a Vida em Cor-de-Rosa - M\u00fasica sem Segredos","description":"Imagine uma Paris de 1945, ainda se recuperando das sombras da Segunda Guerra Mundial. As ruas, antes silenciosas pelo peso do conflito, come\u00e7am a ganhar vida novamente. \u00c9 nesse cen\u00e1rio que Edith Piaf, sentada em um caf\u00e9, pega um guardanapo e rabisca as primeiras palavras de uma can\u00e7\u00e3o que mudaria a m\u00fasica para sempre. \"La","canonical_url":"https:\/\/musicasemsegredos.com\/index.php\/2025\/03\/19\/a-historia-por-tras-de-la-vie-en-rose-uma-cancao-que-viu-a-vida-em-cor-de-rosa\/","robots":"max-image-preview:large","keywords":"","webmasterTools":{"miscellaneous":""},"schema":{"@context":"https:\/\/schema.org","@graph":[{"@type":"BlogPosting","@id":"https:\/\/musicasemsegredos.com\/index.php\/2025\/03\/19\/a-historia-por-tras-de-la-vie-en-rose-uma-cancao-que-viu-a-vida-em-cor-de-rosa\/#blogposting","name":"A Hist\u00f3ria por Tr\u00e1s de \u201cLa Vie en Rose\u201d: Uma Can\u00e7\u00e3o que Viu a Vida em Cor-de-Rosa - M\u00fasica sem Segredos","headline":"A Hist\u00f3ria por Tr\u00e1s de &#8220;La Vie en Rose&#8221;: Uma Can\u00e7\u00e3o que Viu a Vida em Cor-de-Rosa","author":{"@id":"https:\/\/musicasemsegredos.com\/index.php\/author\/nevesf\/#author"},"publisher":{"@id":"https:\/\/musicasemsegredos.com\/#organization"},"image":{"@type":"ImageObject","url":"https:\/\/i0.wp.com\/musicasemsegredos.com\/wp-content\/uploads\/2025\/03\/La-vie-en-rose-Piaf.png?fit=1198%2C662&ssl=1","width":1198,"height":662,"caption":"La vie en Rose"},"datePublished":"2025-03-19T09:18:31-03:00","dateModified":"2025-03-19T09:18:33-03:00","inLanguage":"pt-BR","mainEntityOfPage":{"@id":"https:\/\/musicasemsegredos.com\/index.php\/2025\/03\/19\/a-historia-por-tras-de-la-vie-en-rose-uma-cancao-que-viu-a-vida-em-cor-de-rosa\/#webpage"},"isPartOf":{"@id":"https:\/\/musicasemsegredos.com\/index.php\/2025\/03\/19\/a-historia-por-tras-de-la-vie-en-rose-uma-cancao-que-viu-a-vida-em-cor-de-rosa\/#webpage"},"articleSection":"bandolim, educacao, Hist\u00f3ria da m\u00fasica, musica, Partituras, tablatura, arranjos para viol\u00e3o, bandolim, blog de m\u00fasica, can\u00e7\u00f5es rom\u00e2nticas, chanson fran\u00e7aise, clarinetes, compositores franceses, curiosidades musicais, Edith Piaf, Edith Piaf biografia, flautas, hist\u00f3ria da m\u00fasica, hist\u00f3ria musical, influ\u00eancia no jazz, La Vie en Rose, Louiguy, Louiguy compositor, musica, m\u00fasica em filmes, m\u00fasica francesa, m\u00fasica na Segunda Guerra Mundial, m\u00fasica para piano, m\u00fasicas ic\u00f4nicas, partitura, solo, tablatura, vers\u00f5es famosas, violino na m\u00fasica popular"},{"@type":"BreadcrumbList","@id":"https:\/\/musicasemsegredos.com\/index.php\/2025\/03\/19\/a-historia-por-tras-de-la-vie-en-rose-uma-cancao-que-viu-a-vida-em-cor-de-rosa\/#breadcrumblist","itemListElement":[{"@type":"ListItem","@id":"https:\/\/musicasemsegredos.com#listItem","position":1,"name":"Home","item":"https:\/\/musicasemsegredos.com","nextItem":{"@type":"ListItem","@id":"https:\/\/musicasemsegredos.com\/index.php\/category\/partituras\/#listItem","name":"Partituras"}},{"@type":"ListItem","@id":"https:\/\/musicasemsegredos.com\/index.php\/category\/partituras\/#listItem","position":2,"name":"Partituras","item":"https:\/\/musicasemsegredos.com\/index.php\/category\/partituras\/","nextItem":{"@type":"ListItem","@id":"https:\/\/musicasemsegredos.com\/index.php\/2025\/03\/19\/a-historia-por-tras-de-la-vie-en-rose-uma-cancao-que-viu-a-vida-em-cor-de-rosa\/#listItem","name":"A Hist\u00f3ria por Tr\u00e1s de &#8220;La Vie en Rose&#8221;: Uma Can\u00e7\u00e3o que Viu a Vida em Cor-de-Rosa"},"previousItem":{"@type":"ListItem","@id":"https:\/\/musicasemsegredos.com#listItem","name":"Home"}},{"@type":"ListItem","@id":"https:\/\/musicasemsegredos.com\/index.php\/2025\/03\/19\/a-historia-por-tras-de-la-vie-en-rose-uma-cancao-que-viu-a-vida-em-cor-de-rosa\/#listItem","position":3,"name":"A Hist\u00f3ria por Tr\u00e1s de &#8220;La Vie en Rose&#8221;: Uma Can\u00e7\u00e3o que Viu a Vida em Cor-de-Rosa","previousItem":{"@type":"ListItem","@id":"https:\/\/musicasemsegredos.com\/index.php\/category\/partituras\/#listItem","name":"Partituras"}}]},{"@type":"Organization","@id":"https:\/\/musicasemsegredos.com\/#organization","name":"M\u00fasica sem Segredos","description":"Musica para todos","url":"https:\/\/musicasemsegredos.com\/","logo":{"@type":"ImageObject","url":"https:\/\/i0.wp.com\/musicasemsegredos.com\/wp-content\/uploads\/2017\/01\/cropped-cropped-MusicaSemSegredos512x512.jpg?fit=248%2C248&ssl=1","@id":"https:\/\/musicasemsegredos.com\/index.php\/2025\/03\/19\/a-historia-por-tras-de-la-vie-en-rose-uma-cancao-que-viu-a-vida-em-cor-de-rosa\/#organizationLogo","width":248,"height":248},"image":{"@id":"https:\/\/musicasemsegredos.com\/index.php\/2025\/03\/19\/a-historia-por-tras-de-la-vie-en-rose-uma-cancao-que-viu-a-vida-em-cor-de-rosa\/#organizationLogo"}},{"@type":"Person","@id":"https:\/\/musicasemsegredos.com\/index.php\/author\/nevesf\/#author","url":"https:\/\/musicasemsegredos.com\/index.php\/author\/nevesf\/","name":"nevesf","image":{"@type":"ImageObject","@id":"https:\/\/musicasemsegredos.com\/index.php\/2025\/03\/19\/a-historia-por-tras-de-la-vie-en-rose-uma-cancao-que-viu-a-vida-em-cor-de-rosa\/#authorImage","url":"https:\/\/secure.gravatar.com\/avatar\/40a180061deabb68d04bd9f812bde2b372b5d57984baf7dd947ee866377d90fb?s=96&d=blank&r=g","width":96,"height":96,"caption":"nevesf"}},{"@type":"WebPage","@id":"https:\/\/musicasemsegredos.com\/index.php\/2025\/03\/19\/a-historia-por-tras-de-la-vie-en-rose-uma-cancao-que-viu-a-vida-em-cor-de-rosa\/#webpage","url":"https:\/\/musicasemsegredos.com\/index.php\/2025\/03\/19\/a-historia-por-tras-de-la-vie-en-rose-uma-cancao-que-viu-a-vida-em-cor-de-rosa\/","name":"A Hist\u00f3ria por Tr\u00e1s de \u201cLa Vie en Rose\u201d: Uma Can\u00e7\u00e3o que Viu a Vida em Cor-de-Rosa - M\u00fasica sem Segredos","description":"Imagine uma Paris de 1945, ainda se recuperando das sombras da Segunda Guerra Mundial. As ruas, antes silenciosas pelo peso do conflito, come\u00e7am a ganhar vida novamente. \u00c9 nesse cen\u00e1rio que Edith Piaf, sentada em um caf\u00e9, pega um guardanapo e rabisca as primeiras palavras de uma can\u00e7\u00e3o que mudaria a m\u00fasica para sempre. \"La","inLanguage":"pt-BR","isPartOf":{"@id":"https:\/\/musicasemsegredos.com\/#website"},"breadcrumb":{"@id":"https:\/\/musicasemsegredos.com\/index.php\/2025\/03\/19\/a-historia-por-tras-de-la-vie-en-rose-uma-cancao-que-viu-a-vida-em-cor-de-rosa\/#breadcrumblist"},"author":{"@id":"https:\/\/musicasemsegredos.com\/index.php\/author\/nevesf\/#author"},"creator":{"@id":"https:\/\/musicasemsegredos.com\/index.php\/author\/nevesf\/#author"},"image":{"@type":"ImageObject","url":"https:\/\/i0.wp.com\/musicasemsegredos.com\/wp-content\/uploads\/2025\/03\/La-vie-en-rose-Piaf.png?fit=1198%2C662&ssl=1","@id":"https:\/\/musicasemsegredos.com\/index.php\/2025\/03\/19\/a-historia-por-tras-de-la-vie-en-rose-uma-cancao-que-viu-a-vida-em-cor-de-rosa\/#mainImage","width":1198,"height":662,"caption":"La vie en Rose"},"primaryImageOfPage":{"@id":"https:\/\/musicasemsegredos.com\/index.php\/2025\/03\/19\/a-historia-por-tras-de-la-vie-en-rose-uma-cancao-que-viu-a-vida-em-cor-de-rosa\/#mainImage"},"datePublished":"2025-03-19T09:18:31-03:00","dateModified":"2025-03-19T09:18:33-03:00"},{"@type":"WebSite","@id":"https:\/\/musicasemsegredos.com\/#website","url":"https:\/\/musicasemsegredos.com\/","name":"M\u00fasica sem Segredos","description":"Musica para todos","inLanguage":"pt-BR","publisher":{"@id":"https:\/\/musicasemsegredos.com\/#organization"}}]},"og:locale":"pt_BR","og:site_name":"M\u00fasica sem Segredos - Musica para todos","og:type":"article","og:title":"A Hist\u00f3ria por Tr\u00e1s de \u201cLa Vie en Rose\u201d: Uma Can\u00e7\u00e3o que Viu a Vida em Cor-de-Rosa - M\u00fasica sem Segredos","og:description":"Imagine uma Paris de 1945, ainda se recuperando das sombras da Segunda Guerra Mundial. As ruas, antes silenciosas pelo peso do conflito, come\u00e7am a ganhar vida novamente. \u00c9 nesse cen\u00e1rio que Edith Piaf, sentada em um caf\u00e9, pega um guardanapo e rabisca as primeiras palavras de uma can\u00e7\u00e3o que mudaria a m\u00fasica para sempre. &quot;La","og:url":"https:\/\/musicasemsegredos.com\/index.php\/2025\/03\/19\/a-historia-por-tras-de-la-vie-en-rose-uma-cancao-que-viu-a-vida-em-cor-de-rosa\/","og:image":"https:\/\/i0.wp.com\/musicasemsegredos.com\/wp-content\/uploads\/2017\/01\/cropped-cropped-MusicaSemSegredos512x512.jpg?fit=248248&#038;ssl=1","og:image:secure_url":"https:\/\/i0.wp.com\/musicasemsegredos.com\/wp-content\/uploads\/2017\/01\/cropped-cropped-MusicaSemSegredos512x512.jpg?fit=248248&#038;ssl=1","article:published_time":"2025-03-19T12:18:31+00:00","article:modified_time":"2025-03-19T12:18:33+00:00","twitter:card":"summary_large_image","twitter:title":"A Hist\u00f3ria por Tr\u00e1s de \u201cLa Vie en Rose\u201d: Uma Can\u00e7\u00e3o que Viu a Vida em Cor-de-Rosa - M\u00fasica sem Segredos","twitter:description":"Imagine uma Paris de 1945, ainda se recuperando das sombras da Segunda Guerra Mundial. As ruas, antes silenciosas pelo peso do conflito, come\u00e7am a ganhar vida novamente. \u00c9 nesse cen\u00e1rio que Edith Piaf, sentada em um caf\u00e9, pega um guardanapo e rabisca as primeiras palavras de uma can\u00e7\u00e3o que mudaria a m\u00fasica para sempre. &quot;La","twitter:image":"https:\/\/i0.wp.com\/musicasemsegredos.com\/wp-content\/uploads\/2017\/01\/cropped-cropped-MusicaSemSegredos512x512.jpg?fit=248248&ssl=1"},"aioseo_meta_data":{"post_id":"20023","title":null,"description":null,"keywords":null,"keyphrases":{"focus":[],"additional":[]},"focus_keyword":null,"additional_keywords":null,"truseo_locale":null,"primary_term":null,"canonical_url":null,"og_title":null,"og_description":null,"og_object_type":"default","og_image_type":"default","og_image_custom_url":null,"og_image_custom_fields":null,"og_image_url":null,"og_image_width":null,"og_image_height":null,"og_video":null,"og_custom_url":null,"og_article_section":null,"og_article_tags":null,"twitter_use_og":false,"twitter_card":"default","twitter_image_type":"default","twitter_image_custom_url":null,"twitter_image_custom_fields":null,"twitter_image_url":null,"twitter_title":null,"twitter_description":null,"schema_type":"default","schema_type_options":null,"schema":{"blockGraphs":[],"customGraphs":[],"default":{"data":{"Article":[],"Course":[],"Dataset":[],"FAQPage":[],"Movie":[],"Person":[],"Product":[],"ProductReview":[],"Car":[],"Recipe":[],"Service":[],"SoftwareApplication":[],"WebPage":[]},"graphName":"","isEnabled":true},"graphs":[]},"pillar_content":false,"robots_default":true,"robots_noindex":false,"robots_noarchive":false,"robots_nosnippet":false,"robots_nofollow":false,"robots_noimageindex":false,"robots_noodp":false,"robots_notranslate":false,"robots_max_snippet":null,"robots_max_videopreview":null,"robots_max_imagepreview":"large","priority":null,"frequency":null,"local_seo":null,"limit_modified_date":false,"ai":null,"breadcrumb_settings":null,"seo_analyzer_scan_date":null,"created":"2026-09-02 17:28:39","updated":"2026-09-02 23:36:18"},"aioseo_breadcrumb":"<div class=\"aioseo-breadcrumbs\"><span class=\"aioseo-breadcrumb\">\n\t\t\t<a href=\"https:\/\/musicasemsegredos.com\" title=\"Home\">Home<\/a>\n\t\t<\/span><span class=\"aioseo-breadcrumb-separator\">&raquo;<\/span><span class=\"aioseo-breadcrumb\">\n\t\t\t<a href=\"https:\/\/musicasemsegredos.com\/index.php\/category\/partituras\/\" title=\"Partituras\">Partituras<\/a>\n\t\t<\/span><span class=\"aioseo-breadcrumb-separator\">&raquo;<\/span><span class=\"aioseo-breadcrumb\">\n\t\t\tA Hist\u00f3ria por Tr\u00e1s de \u201cLa Vie en Rose\u201d: Uma Can\u00e7\u00e3o que Viu a Vida em Cor-de-Rosa\n\t\t<\/span><\/div>","aioseo_breadcrumb_json":[{"label":"Home","link":"https:\/\/musicasemsegredos.com"},{"label":"Partituras","link":"https:\/\/musicasemsegredos.com\/index.php\/category\/partituras\/"},{"label":"A Hist\u00f3ria por Tr\u00e1s de &#8220;La Vie en Rose&#8221;: Uma Can\u00e7\u00e3o que Viu a Vida em Cor-de-Rosa","link":"https:\/\/musicasemsegredos.com\/index.php\/2025\/03\/19\/a-historia-por-tras-de-la-vie-en-rose-uma-cancao-que-viu-a-vida-em-cor-de-rosa\/"}],"jetpack_publicize_connections":[],"jetpack_sharing_enabled":true,"jetpack_shortlink":"https:\/\/wp.me\/p8f7pv-5cX","jetpack-related-posts":[{"id":19593,"url":"https:\/\/musicasemsegredos.com\/index.php\/2023\/07\/25\/mandolin-tabs-4-you-canal-no-youtube-com-tablaturas-e-partituras-para-bandolim\/","url_meta":{"origin":20023,"position":0},"title":"&#8220;Mandolin Tabs 4 You&#8221;: Canal no Youtube com Tablaturas e Partituras para Bandolim.","author":"nevesf","date":"25\/07\/2023","format":false,"excerpt":"Voc\u00ea est\u00e1 com dificuldades em encontrar Partituras para Bandolim com Tablatura? Seus problemas acabaram. Vou te apresentar um novo canal no Youtube com v\u00eddeos de alta qualidade mostrando arranjos de diversos estilos musicais para o bandolim. Este \u00e9 um canal dedicado exclusivamente a entusiastas deste instrumento que buscam arranjos e\u2026","rel":"","context":"Em &quot;bandolim&quot;","block_context":{"text":"bandolim","link":"https:\/\/musicasemsegredos.com\/index.php\/category\/bandolim\/"},"img":{"alt_text":"tablatura de bandolim","src":"https:\/\/i0.wp.com\/musicasemsegredos.com\/wp-content\/uploads\/2023\/07\/Mandolin-Tabs-4-You.png?fit=1200%2C675&ssl=1&resize=350%2C200","width":350,"height":200,"srcset":"https:\/\/i0.wp.com\/musicasemsegredos.com\/wp-content\/uploads\/2023\/07\/Mandolin-Tabs-4-You.png?fit=1200%2C675&ssl=1&resize=350%2C200 1x, https:\/\/i0.wp.com\/musicasemsegredos.com\/wp-content\/uploads\/2023\/07\/Mandolin-Tabs-4-You.png?fit=1200%2C675&ssl=1&resize=525%2C300 1.5x, https:\/\/i0.wp.com\/musicasemsegredos.com\/wp-content\/uploads\/2023\/07\/Mandolin-Tabs-4-You.png?fit=1200%2C675&ssl=1&resize=700%2C400 2x, https:\/\/i0.wp.com\/musicasemsegredos.com\/wp-content\/uploads\/2023\/07\/Mandolin-Tabs-4-You.png?fit=1200%2C675&ssl=1&resize=1050%2C600 3x"},"classes":[]},{"id":19735,"url":"https:\/\/musicasemsegredos.com\/index.php\/2023\/12\/18\/e-natal-e-eu-quero-te-dar-alguns-presentes\/","url_meta":{"origin":20023,"position":1},"title":"\u00c9 Natal! E eu quero te dar alguns Presentes!","author":"nevesf","date":"18\/12\/2023","format":false,"excerpt":"Eu amo o Natal! \u00c9 tempo de alegria, reuni\u00e3o de fam\u00edlia e tamb\u00e9m tempo para lembrar do amor de Deus pela humanidade. \u00c9 tamb\u00e9m tempo de olhar para tr\u00e1s para celebrar as conquistas ou corrigir o rumo para os planos que n\u00e3o deram certo. Este \u00e9 um bom momento para\u2026","rel":"","context":"Em &quot;bandolim&quot;","block_context":{"text":"bandolim","link":"https:\/\/musicasemsegredos.com\/index.php\/category\/bandolim\/"},"img":{"alt_text":"Natal","src":"https:\/\/i0.wp.com\/musicasemsegredos.com\/wp-content\/uploads\/2023\/12\/Feliz-Natal.png?fit=1200%2C675&ssl=1&resize=350%2C200","width":350,"height":200,"srcset":"https:\/\/i0.wp.com\/musicasemsegredos.com\/wp-content\/uploads\/2023\/12\/Feliz-Natal.png?fit=1200%2C675&ssl=1&resize=350%2C200 1x, https:\/\/i0.wp.com\/musicasemsegredos.com\/wp-content\/uploads\/2023\/12\/Feliz-Natal.png?fit=1200%2C675&ssl=1&resize=525%2C300 1.5x, https:\/\/i0.wp.com\/musicasemsegredos.com\/wp-content\/uploads\/2023\/12\/Feliz-Natal.png?fit=1200%2C675&ssl=1&resize=700%2C400 2x, https:\/\/i0.wp.com\/musicasemsegredos.com\/wp-content\/uploads\/2023\/12\/Feliz-Natal.png?fit=1200%2C675&ssl=1&resize=1050%2C600 3x"},"classes":[]},{"id":19188,"url":"https:\/\/musicasemsegredos.com\/index.php\/2022\/08\/17\/love-of-my-life-queen-tablatura-facil-para-violao-guitarra-e-bandolim\/","url_meta":{"origin":20023,"position":2},"title":"Love of My Life (Queen) Tablatura F\u00c1CIL para  Viol\u00e3o, Guitarra e Bandolim","author":"nevesf","date":"17\/08\/2022","format":false,"excerpt":"Freddie Mercury \u00e9 um dos cantores mais ic\u00f4nicos do rock n'roll. Sua voz era uma das reconhecidas do mundo. Ele tinha um estilo muito particular que o fazia se destacar de outros cantores. Sobre Esta M\u00fasica A m\u00fasica \"Love of My Life\" foi composta por Freddie Mercury e gravada pelo\u2026","rel":"","context":"Em &quot;Acordes&quot;","block_context":{"text":"Acordes","link":"https:\/\/musicasemsegredos.com\/index.php\/category\/acordes\/"},"img":{"alt_text":"Love of my life Tab","src":"https:\/\/i0.wp.com\/musicasemsegredos.com\/wp-content\/uploads\/2022\/08\/LoveOfMyLifeTumb.jpg?fit=1200%2C840&ssl=1&resize=350%2C200","width":350,"height":200,"srcset":"https:\/\/i0.wp.com\/musicasemsegredos.com\/wp-content\/uploads\/2022\/08\/LoveOfMyLifeTumb.jpg?fit=1200%2C840&ssl=1&resize=350%2C200 1x, https:\/\/i0.wp.com\/musicasemsegredos.com\/wp-content\/uploads\/2022\/08\/LoveOfMyLifeTumb.jpg?fit=1200%2C840&ssl=1&resize=525%2C300 1.5x, https:\/\/i0.wp.com\/musicasemsegredos.com\/wp-content\/uploads\/2022\/08\/LoveOfMyLifeTumb.jpg?fit=1200%2C840&ssl=1&resize=700%2C400 2x, https:\/\/i0.wp.com\/musicasemsegredos.com\/wp-content\/uploads\/2022\/08\/LoveOfMyLifeTumb.jpg?fit=1200%2C840&ssl=1&resize=1050%2C600 3x"},"classes":[]},{"id":379,"url":"https:\/\/musicasemsegredos.com\/index.php\/2017\/02\/03\/o-que-e-tabladura-e-para-que-serve\/","url_meta":{"origin":20023,"position":3},"title":"O que \u00e9 Tablatura e para que serve?","author":"nevesf","date":"03\/02\/2017","format":false,"excerpt":"Enquanto o pentagrama \u00e9 um sistema que registra as alturas e ritmos da m\u00fasica, a tablatura ou TAB simboliza as cordas do instrumento. Ent\u00e3o uma tablatura para viol\u00e3o \u00e9 diferente de uma tablatura de cavaquinho ou bandolim. Hist\u00f3ria Apesar de seu uso no rock e m\u00fasica pop, a tablatura nasceu\u2026","rel":"","context":"Em &quot;Pr\u00e1tica de instrumento&quot;","block_context":{"text":"Pr\u00e1tica de instrumento","link":"https:\/\/musicasemsegredos.com\/index.php\/category\/pratica-de-instrumento\/"},"img":{"alt_text":"","src":"https:\/\/i0.wp.com\/musicasemsegredos.com\/wp-content\/uploads\/2017\/02\/tabPalheta-1.jpg?fit=1200%2C900&ssl=1&resize=350%2C200","width":350,"height":200,"srcset":"https:\/\/i0.wp.com\/musicasemsegredos.com\/wp-content\/uploads\/2017\/02\/tabPalheta-1.jpg?fit=1200%2C900&ssl=1&resize=350%2C200 1x, https:\/\/i0.wp.com\/musicasemsegredos.com\/wp-content\/uploads\/2017\/02\/tabPalheta-1.jpg?fit=1200%2C900&ssl=1&resize=525%2C300 1.5x, https:\/\/i0.wp.com\/musicasemsegredos.com\/wp-content\/uploads\/2017\/02\/tabPalheta-1.jpg?fit=1200%2C900&ssl=1&resize=700%2C400 2x, https:\/\/i0.wp.com\/musicasemsegredos.com\/wp-content\/uploads\/2017\/02\/tabPalheta-1.jpg?fit=1200%2C900&ssl=1&resize=1050%2C600 3x"},"classes":[]},{"id":19768,"url":"https:\/\/musicasemsegredos.com\/index.php\/2024\/01\/25\/fur-elise-de-beethoven-para-violino-bandolim-e-violao-completo\/","url_meta":{"origin":20023,"position":4},"title":"F\u00fcr Elise de Beethoven para Violino, Bandolim e Viol\u00e3o (Completo).","author":"nevesf","date":"25\/01\/2024","format":false,"excerpt":"Ludwig van Beethoven, um dos maiores compositores da hist\u00f3ria, comp\u00f4s esta pequena obra, por volta de 1809 ou 1810, supostamente em homenagem a uma senhora a quem ele prop\u00f4s casamento, chamada Therese Malfatti, sobrinha do Dr. Giovanni Malfatti, um m\u00e9dico italiano que se estabeleceu em Viena em 1795. O Dr.\u2026","rel":"","context":"Em &quot;bandolim&quot;","block_context":{"text":"bandolim","link":"https:\/\/musicasemsegredos.com\/index.php\/category\/bandolim\/"},"img":{"alt_text":"fur Elise para viol\u00e3o, violino e bandolim","src":"https:\/\/i0.wp.com\/musicasemsegredos.com\/wp-content\/uploads\/2024\/01\/Fur-Elise-PostMakingMusic2.png?fit=1200%2C620&ssl=1&resize=350%2C200","width":350,"height":200,"srcset":"https:\/\/i0.wp.com\/musicasemsegredos.com\/wp-content\/uploads\/2024\/01\/Fur-Elise-PostMakingMusic2.png?fit=1200%2C620&ssl=1&resize=350%2C200 1x, https:\/\/i0.wp.com\/musicasemsegredos.com\/wp-content\/uploads\/2024\/01\/Fur-Elise-PostMakingMusic2.png?fit=1200%2C620&ssl=1&resize=525%2C300 1.5x, https:\/\/i0.wp.com\/musicasemsegredos.com\/wp-content\/uploads\/2024\/01\/Fur-Elise-PostMakingMusic2.png?fit=1200%2C620&ssl=1&resize=700%2C400 2x, https:\/\/i0.wp.com\/musicasemsegredos.com\/wp-content\/uploads\/2024\/01\/Fur-Elise-PostMakingMusic2.png?fit=1200%2C620&ssl=1&resize=1050%2C600 3x"},"classes":[]},{"id":19134,"url":"https:\/\/musicasemsegredos.com\/index.php\/2022\/04\/27\/historia-de-um-amor-partitura-acordes-e-tablatura-para-violao\/","url_meta":{"origin":20023,"position":5},"title":"Hist\u00f3ria de um Amor &#8211; Partitura, Acordes e Tablatura para Viol\u00e3o","author":"nevesf","date":"27\/04\/2022","format":false,"excerpt":"Procurando pela partitura e tablatura da m\u00fasica latina \"Historia de un Amor\"? Temos uma excelente not\u00edcia pra voc\u00ea. Neste post apresentamos um v\u00b4\u00eddeo com a partitura completa para voc\u00ea solar no viol\u00e3o em estilo fingerstyle. A Can\u00e7\u00e3o Esta can\u00e7\u00e3o foi composta pelo compositor panamenho Carlos Almar\u00e1n e relata a hist\u00f3ria\u2026","rel":"","context":"Em &quot;Acordes&quot;","block_context":{"text":"Acordes","link":"https:\/\/musicasemsegredos.com\/index.php\/category\/acordes\/"},"img":{"alt_text":"","src":"https:\/\/i0.wp.com\/musicasemsegredos.com\/wp-content\/uploads\/2022\/04\/historiadeun-amor.png?fit=809%2C398&ssl=1&resize=350%2C200","width":350,"height":200,"srcset":"https:\/\/i0.wp.com\/musicasemsegredos.com\/wp-content\/uploads\/2022\/04\/historiadeun-amor.png?fit=809%2C398&ssl=1&resize=350%2C200 1x, https:\/\/i0.wp.com\/musicasemsegredos.com\/wp-content\/uploads\/2022\/04\/historiadeun-amor.png?fit=809%2C398&ssl=1&resize=525%2C300 1.5x, https:\/\/i0.wp.com\/musicasemsegredos.com\/wp-content\/uploads\/2022\/04\/historiadeun-amor.png?fit=809%2C398&ssl=1&resize=700%2C400 2x"},"classes":[]}],"jetpack_likes_enabled":true,"jetpack_featured_media_url":"https:\/\/i0.wp.com\/musicasemsegredos.com\/wp-content\/uploads\/2025\/03\/La-vie-en-rose-Piaf.png?fit=1198%2C662&ssl=1","_links":{"self":[{"href":"https:\/\/musicasemsegredos.com\/index.php\/wp-json\/wp\/v2\/posts\/20023","targetHints":{"allow":["GET"]}}],"collection":[{"href":"https:\/\/musicasemsegredos.com\/index.php\/wp-json\/wp\/v2\/posts"}],"about":[{"href":"https:\/\/musicasemsegredos.com\/index.php\/wp-json\/wp\/v2\/types\/post"}],"author":[{"embeddable":true,"href":"https:\/\/musicasemsegredos.com\/index.php\/wp-json\/wp\/v2\/users\/1"}],"replies":[{"embeddable":true,"href":"https:\/\/musicasemsegredos.com\/index.php\/wp-json\/wp\/v2\/comments?post=20023"}],"version-history":[{"count":5,"href":"https:\/\/musicasemsegredos.com\/index.php\/wp-json\/wp\/v2\/posts\/20023\/revisions"}],"predecessor-version":[{"id":20029,"href":"https:\/\/musicasemsegredos.com\/index.php\/wp-json\/wp\/v2\/posts\/20023\/revisions\/20029"}],"wp:featuredmedia":[{"embeddable":true,"href":"https:\/\/musicasemsegredos.com\/index.php\/wp-json\/wp\/v2\/media\/20026"}],"wp:attachment":[{"href":"https:\/\/musicasemsegredos.com\/index.php\/wp-json\/wp\/v2\/media?parent=20023"}],"wp:term":[{"taxonomy":"category","embeddable":true,"href":"https:\/\/musicasemsegredos.com\/index.php\/wp-json\/wp\/v2\/categories?post=20023"},{"taxonomy":"post_tag","embeddable":true,"href":"https:\/\/musicasemsegredos.com\/index.php\/wp-json\/wp\/v2\/tags?post=20023"}],"curies":[{"name":"wp","href":"https:\/\/api.w.org\/{rel}","templated":true}]}}