{"id":19802,"date":"2024-04-12T16:03:56","date_gmt":"2024-04-12T19:03:56","guid":{"rendered":"https:\/\/musicasemsegredos.com\/?p=19802"},"modified":"2024-04-12T19:21:38","modified_gmt":"2024-04-12T22:21:38","slug":"villa-lobos-uma-jornada-sonora-pela-cultura-brasileira","status":"publish","type":"post","link":"https:\/\/musicasemsegredos.com\/index.php\/2024\/04\/12\/villa-lobos-uma-jornada-sonora-pela-cultura-brasileira\/","title":{"rendered":"Villa-Lobos: Uma Jornada Sonora pela Cultura brasileira."},"content":{"rendered":"\n<p class=\"has-drop-cap wp-block-paragraph\">Prepare-se para uma viagem fascinante pela vida e obra de <strong>Heitor Villa-Lobos<\/strong>, o maestro que revolucionou a paisagem sonora brasileira e a levou ao palco mundial. Villa-Lobos, mais do que um simples compositor, foi um verdadeiro alquimista sonoro. Ele conseguiu fundir a rica m\u00fasica popular brasileira com a tradi\u00e7\u00e3o cl\u00e1ssica europeia, criando um universo musical \u00fanico e inconfund\u00edvel.<\/p>\n\n\n\n<h3 class=\"wp-block-heading\">Ra\u00edzes&nbsp;Cariocas&nbsp;e&nbsp;Alma&nbsp;Viajante<\/h3>\n\n\n\n<p class=\"wp-block-paragraph\">Nossa jornada come\u00e7a no Rio de Janeiro em 1887, onde <strong>Heitor Villa-Lobos<\/strong> nasceu em meio a um ambiente cultural vibrante. Filho de um violoncelista amador e de uma fam\u00edlia que amava m\u00fasica, Villa-Lobos demonstrou um talento excepcional desde cedo. O viol\u00e3o e o violoncelo se tornaram seus insepar\u00e1veis companheiros, abrindo as portas para um universo de possibilidades sonoras.<\/p>\n\n\n\n<p class=\"wp-block-paragraph\">A inquieta\u00e7\u00e3o, no entanto, pulsava em suas veias. Insatisfeito com a educa\u00e7\u00e3o musical formal, Villa-Lobos decidiu explorar o Brasil profundo, absorvendo as melodias e ritmos das mais diversas regi\u00f5es. Do batuque do samba carioca ao ritmo  nordestino, passando pela energia contagiante do frevo pernambucano, cada experi\u00eancia moldou sua identidade musical.<\/p>\n\n\n\n<h3 class=\"wp-block-heading\">A&nbsp;M\u00fasica&nbsp;como&nbsp;Instrumento&nbsp;de&nbsp;Educa\u00e7\u00e3o<\/h3>\n\n\n\n<p class=\"wp-block-paragraph\">Villa-Lobos n\u00e3o se restringiu apenas \u00e0 composi\u00e7\u00e3o e reg\u00eancia. Ele sonhava com um Brasil onde a m\u00fasica fosse acess\u00edvel a todos, servindo como um instrumento de educa\u00e7\u00e3o e transforma\u00e7\u00e3o social. Sua vis\u00e3o inovadora levou \u00e0 cria\u00e7\u00e3o do Orfe\u00e3o dos Coros Escolares, um projeto que introduziu o canto coral nas escolas p\u00fablicas, despertando o amor pela m\u00fasica em milhares de crian\u00e7as.<\/p>\n\n\n\n<p class=\"wp-block-paragraph\">Villa-Lobos acreditava que a m\u00fasica tinha o poder de despertar a sensibilidade, a criatividade e o senso de coletividade. Para ele, a educa\u00e7\u00e3o musical era essencial para a forma\u00e7\u00e3o do cidad\u00e3o e para a constru\u00e7\u00e3o de uma sociedade mais justa e igualit\u00e1ria.<\/p>\n\n\n\n<h3 class=\"wp-block-heading\">Bachianas&nbsp;Brasileiras<\/h3>\n\n\n\n<p class=\"wp-block-paragraph\">Ao longo de sua prol\u00edfica carreira, Villa-Lobos comp\u00f4s uma vasta obra que abrange desde pe\u00e7as para viol\u00e3o solo at\u00e9 sinfonias e \u00f3peras. As Bachianas Brasileiras \u00e9 uma das obras mais conhecidas internacionalmente do compositor e s\u00e3o verdadeiras obras-primas.<\/p>\n\n\n\n<p class=\"wp-block-paragraph\">Nas Bachianas Brasileiras, Villa-Lobos realiza um di\u00e1logo musical entre o compositor alem\u00e3o Johann Sebastian Bach e a m\u00fasica popular brasileira. Em nove su\u00edtes, ele mescla a complexidade da m\u00fasica barroca com os ritmos e melodias do folclore brasileiro, criando uma obra de beleza e originalidade surpreendentes.<\/p>\n\n\n\n<p class=\"wp-block-paragraph\">As Bachianas s\u00e3o um exemplo da capacidade de Villa-Lobos de transcender as fronteiras entre os g\u00eaneros musicais. Ele demonstra que a m\u00fasica popular brasileira, muitas vezes vista como &#8220;menor&#8221;, pode dialogar em p\u00e9 de igualdade com a tradi\u00e7\u00e3o erudita europeia.<\/p>\n\n\n\n<p class=\"wp-block-paragraph\">Ao todo as Bachianas s\u00e3o compostas de nove composi\u00e7\u00f5es. Os movimentos possuem nomes cl\u00e1ssicos como por exemplo, Introdu\u00e7\u00e3o, mas entre par\u00eantesis trazem alguma palavra em portugu\u00eas como por exemplo Embolada, na Bachianas N.o 1. Essa \u00e9 uma das maneiras de Villa-Lobos envocar a cultura brasileira em sua obra.<\/p>\n\n\n\n<h4 class=\"wp-block-heading\">Bachianas No. 1<\/h4>\n\n\n\n<p class=\"wp-block-paragraph\">No v\u00eddeo a seguir voc\u00ea pode ouvir as Bachianas N0. 1 interpretada pela Orquestra Filarm\u00f4nica de Berlim. Esta obra possui tr\u00eas movimentos e foi composta para Cellos. O primeiro movimento \u00e9 a Introdu\u00e7\u00e3o (Embolada), o segundo \u00e9 o Prel\u00fadio (Modinha) e o terceiro uma Fuga (Conversa)<\/p>\n\n\n\n<p class=\"wp-block-paragraph\"><\/p>\n\n\n\n<figure class=\"wp-block-embed is-type-video is-provider-youtube wp-block-embed-youtube wp-embed-aspect-16-9 wp-has-aspect-ratio\"><div class=\"wp-block-embed__wrapper\">\n<span class=\"embed-youtube\" style=\"text-align:center; display: block;\"><iframe loading=\"lazy\" class=\"youtube-player\" width=\"660\" height=\"372\" src=\"https:\/\/www.youtube.com\/embed\/R0us7Zof_a0?version=3&#038;rel=1&#038;showsearch=0&#038;showinfo=1&#038;iv_load_policy=1&#038;fs=1&#038;hl=pt-BR&#038;autohide=2&#038;wmode=transparent\" allowfullscreen=\"true\" style=\"border:0;\" sandbox=\"allow-scripts allow-same-origin allow-popups allow-presentation allow-popups-to-escape-sandbox\"><\/iframe><\/span>\n<\/div><\/figure>\n\n\n\n<h4 class=\"wp-block-heading\">Bachianas No. 2<\/h4>\n\n\n\n<p class=\"wp-block-paragraph\">Nas Bachianas No.2 encontramos o famoso tema &#8220;O Trenzinho do Caipira&#8221;. Villa-Lobos incorpora em sua m\u00fasica os sons do da viagem de trem atrav\u00e9s dos instrumentos da orquestra. A chegada do trem na esta\u00e7\u00e3o e o barulho dos freios \u00e9 tocada de forma impressionante pelos violinos. <\/p>\n\n\n\n<p class=\"wp-block-paragraph\"> O ritmo constante e pulsante imita o som de um trem em movimento, os instrumentos de sopro, como trompetes e trombones, s\u00e3o usados para imitar o apito do trem. A percuss\u00e3o, especialmente o prato, \u00e9 usada para simular o som do trem passando por trilhos e cruzamentos e as cordas s\u00e3o usadas para criar uma textura sonora que lembra o barulho cont\u00ednuo do trem.<\/p>\n\n\n\n<p class=\"wp-block-paragraph\">No v\u00eddeo a seguir voc\u00ea pode ouvir a obra completa interpretada pela Orquestra Filarm\u00f4nica de Minas Gerais. A composi\u00e7\u00e3o possui 4 movimentos, sendo: Prel\u00fadio (O canto do capad\u00f3cio) , \u00c1ria (O canto da nossa terra), Dan\u00e7a (Lembran\u00e7a do sert\u00e3o)  e Tocata (O trenzinho do caipira).<\/p>\n\n\n\n<figure class=\"wp-block-embed is-type-video is-provider-youtube wp-block-embed-youtube wp-embed-aspect-16-9 wp-has-aspect-ratio\"><div class=\"wp-block-embed__wrapper\">\n<span class=\"embed-youtube\" style=\"text-align:center; display: block;\"><iframe loading=\"lazy\" class=\"youtube-player\" width=\"660\" height=\"372\" src=\"https:\/\/www.youtube.com\/embed\/_bn3HtTjdoQ?version=3&#038;rel=1&#038;showsearch=0&#038;showinfo=1&#038;iv_load_policy=1&#038;fs=1&#038;hl=pt-BR&#038;autohide=2&#038;wmode=transparent\" allowfullscreen=\"true\" style=\"border:0;\" sandbox=\"allow-scripts allow-same-origin allow-popups allow-presentation allow-popups-to-escape-sandbox\"><\/iframe><\/span>\n<\/div><\/figure>\n\n\n\n<h4 class=\"wp-block-heading\">Bachianas No. 3<\/h4>\n\n\n\n<p class=\"wp-block-paragraph\">As Bachianas No. 3 \u00e9 um concerto para piano e orquestra, embora Villa-Lobos n\u00e3o tenha dado nome de concerto \u00e0 obra.<\/p>\n\n\n\n<p class=\"wp-block-paragraph\">A obra tem quatro movimentos: 1. Prel\u00fadio (Ponteio) 2. Fantasia (Devaneio) 3. \u00c1ria (Modinha)  4. Toccata (Picapau). O Prel\u00fadio (Ponteio) Este movimento \u00e9 uma introdu\u00e7\u00e3o lenta e meditativa que estabelece o tom para a pe\u00e7a. \u00c9 caracterizado por sua melodia l\u00edrica e harmonia rica. A Fantasia (Devaneio) &nbsp;\u00e9 o movimento mais longo e complexo da pe\u00e7a. Ele apresenta uma s\u00e9rie de varia\u00e7\u00f5es tem\u00e1ticas e \u00e9 marcado por sua estrutura livre e improvisada. A \u00c1ria (Modinha) \u00e9 uma can\u00e7\u00e3o l\u00edrica e emotiva. \u00c9 uma homenagem \u00e0 modinha, um tipo de can\u00e7\u00e3o popular brasileira e a Toccata (Picapau) &nbsp;\u00e9 o movimento final e \u00e9 caracterizado por seu ritmo r\u00e1pido e energ\u00e9tico. \u00c9 uma representa\u00e7\u00e3o musical do p\u00e1ssaro picapau, conhecido por seu bater r\u00e1pido e repetitivo.<\/p>\n\n\n\n<p class=\"wp-block-paragraph\">No v\u00eddeo a seguir voc\u00ea pode ouvir a Bachianas n\u00famero 3 completa interpretada pela Orquestra Filarm\u00f4nica H\u00fangara.<\/p>\n\n\n\n<figure class=\"wp-block-embed is-type-video is-provider-youtube wp-block-embed-youtube wp-embed-aspect-4-3 wp-has-aspect-ratio\"><div class=\"wp-block-embed__wrapper\">\n<span class=\"embed-youtube\" style=\"text-align:center; display: block;\"><iframe loading=\"lazy\" class=\"youtube-player\" width=\"660\" height=\"372\" src=\"https:\/\/www.youtube.com\/embed\/2ioQABk7AXQ?version=3&#038;rel=1&#038;showsearch=0&#038;showinfo=1&#038;iv_load_policy=1&#038;fs=1&#038;hl=pt-BR&#038;autohide=2&#038;wmode=transparent\" allowfullscreen=\"true\" style=\"border:0;\" sandbox=\"allow-scripts allow-same-origin allow-popups allow-presentation allow-popups-to-escape-sandbox\"><\/iframe><\/span>\n<\/div><\/figure>\n\n\n\n<h4 class=\"wp-block-heading\">Bachianas No.4<\/h4>\n\n\n\n<p class=\"wp-block-paragraph\">As Bachianas No.4 foi composta originalmente para piano. No entanto, Villa-Lobos tamb\u00e9m fez uma transcri\u00e7\u00e3o para orquestra em 1942. Portanto, a pe\u00e7a pode ser executada tanto em uma configura\u00e7\u00e3o solo de piano quanto em uma configura\u00e7\u00e3o orquestral.&nbsp;A vers\u00e3o orquestral \u00e9 conhecida por sua rica instrumenta\u00e7\u00e3o e a vers\u00e3o para piano destaca as converg\u00eancias entre as linguagens barroca e brasileira<\/p>\n\n\n\n<p class=\"wp-block-paragraph\">A obra possui quatro movimentos. S\u00e3o eles: 1.Prel\u00fadio (Introdu\u00e7\u00e3o)  2. Coral (Canto do sert\u00e3o)  3. \u00c1ria (Cantiga) e 4. Dan\u00e7a (Miudinho).<\/p>\n\n\n\n<p class=\"wp-block-paragraph\">No v\u00eddeo a seguir voc\u00ea pode ouvir a Bachianas n\u00famero 3 completa interpretada pela Orquestra Sinf\u00f4nica de S\u00e3o Paulo.<\/p>\n\n\n\n<figure class=\"wp-block-embed is-type-video is-provider-youtube wp-block-embed-youtube wp-embed-aspect-16-9 wp-has-aspect-ratio\"><div class=\"wp-block-embed__wrapper\">\n<span class=\"embed-youtube\" style=\"text-align:center; display: block;\"><iframe loading=\"lazy\" class=\"youtube-player\" width=\"660\" height=\"372\" src=\"https:\/\/www.youtube.com\/embed\/IKjCiENbWoU?version=3&#038;rel=1&#038;showsearch=0&#038;showinfo=1&#038;iv_load_policy=1&#038;fs=1&#038;hl=pt-BR&#038;autohide=2&#038;wmode=transparent\" allowfullscreen=\"true\" style=\"border:0;\" sandbox=\"allow-scripts allow-same-origin allow-popups allow-presentation allow-popups-to-escape-sandbox\"><\/iframe><\/span>\n<\/div><\/figure>\n\n\n\n<h4 class=\"wp-block-heading\">Bachianas No. 5<\/h4>\n\n\n\n<p class=\"wp-block-paragraph\">A Bachianas No. 5 foi composta para oito violoncelos e voz soprano. \u00c9 uma das mais conhecidas obras de Villa-Lobos internacionamente e foi a mais gravada no Brasil e no \u00e2mbito internacional.<\/p>\n\n\n\n<p class=\"wp-block-paragraph\">No v\u00eddeo a seguir voc\u00ea pode ouvir a Bachianas n\u00famero 5 interpretada pela Orquestra Sinf\u00f4nica de Berlin e na voz da soprano Anna Prohaska. Esta Bachiana  possui dois movimentos escritos para 8 violoncellos e Soprano.<\/p>\n\n\n\n<p class=\"wp-block-paragraph\"><strong>Primeiro Movimento (\u00c1ria\/Cantilena)<\/strong>:<\/p>\n\n\n\n<ul class=\"wp-block-list\">\n<li>Este movimento \u00e9 caracterizado por uma melodia vocal expressiva, apoiada pela harmonia dos violoncelos.<\/li>\n\n\n\n<li>A letra \u00e9 um poema de Ruth Correia Leite Cardoso, que Villa-Lobos escolheu por sua beleza l\u00edrica e conex\u00e3o com a natureza.<\/li>\n\n\n\n<li>A pros\u00f3dia do poema \u00e9 cuidadosamente considerada na composi\u00e7\u00e3o, com a melodia e o ritmo da m\u00fasica refletindo o fluxo natural das palavras.<\/li>\n<\/ul>\n\n\n\n<p class=\"wp-block-paragraph\"><strong>Segundo Movimento (Dan\u00e7a\/Martelo)<\/strong>:<\/p>\n\n\n\n<ul class=\"wp-block-list\">\n<li>Este movimento \u00e9 uma representa\u00e7\u00e3o musical dos p\u00e1ssaros brasileiros, com a letra de Manuel Bandeira descrevendo v\u00e1rias esp\u00e9cies em seu habitat natural.<\/li>\n\n\n\n<li>A m\u00fasica neste movimento \u00e9 mais animada e r\u00edtmica, refletindo a energia e a diversidade da vida selvagem brasileira.<\/li>\n\n\n\n<li>O maestro enfatiza a import\u00e2ncia de conhecer e entender ambos os movimentos para apreciar plenamente a pe\u00e7a.<\/li>\n<\/ul>\n\n\n\n<figure class=\"wp-block-embed is-type-video is-provider-youtube wp-block-embed-youtube wp-embed-aspect-16-9 wp-has-aspect-ratio\"><div class=\"wp-block-embed__wrapper\">\n<span class=\"embed-youtube\" style=\"text-align:center; display: block;\"><iframe loading=\"lazy\" class=\"youtube-player\" width=\"660\" height=\"372\" src=\"https:\/\/www.youtube.com\/embed\/Qe7bKttgT6U?version=3&#038;rel=1&#038;showsearch=0&#038;showinfo=1&#038;iv_load_policy=1&#038;fs=1&#038;hl=pt-BR&#038;autohide=2&#038;wmode=transparent\" allowfullscreen=\"true\" style=\"border:0;\" sandbox=\"allow-scripts allow-same-origin allow-popups allow-presentation allow-popups-to-escape-sandbox\"><\/iframe><\/span>\n<\/div><\/figure>\n\n\n\n<h4 class=\"wp-block-heading\">Bachianas No. 6<\/h4>\n\n\n\n<p class=\"wp-block-paragraph\">As Bachianas No.6 \u00e9 a mais curta de todas e possuiu dois movimentos. O primeiro movimento combina choro com seresta e contraponto e o segundo movimento \u00e9 descrito como mais livre e improvisat\u00f3rio. Ele chama o primeiro movimento de \u00c1ria (Choro) e Fantasia (Allegro).<\/p>\n\n\n\n<p class=\"wp-block-paragraph\">No v\u00eddeo a seguir voc\u00ea pode ouvir a Bachianas n\u00famero 6 completa interpretada pela Orquestra Sinf\u00f4nica de Porto Alegre.  Villa-Lobos brinca com elementos da musica popular brasileira e a m\u00fasica barroca.<\/p>\n\n\n\n<figure class=\"wp-block-embed is-type-video is-provider-youtube wp-block-embed-youtube wp-embed-aspect-16-9 wp-has-aspect-ratio\"><div class=\"wp-block-embed__wrapper\">\n<span class=\"embed-youtube\" style=\"text-align:center; display: block;\"><iframe loading=\"lazy\" class=\"youtube-player\" width=\"660\" height=\"372\" src=\"https:\/\/www.youtube.com\/embed\/63FgEKh0Y70?version=3&#038;rel=1&#038;showsearch=0&#038;showinfo=1&#038;iv_load_policy=1&#038;fs=1&#038;hl=pt-BR&#038;autohide=2&#038;wmode=transparent\" allowfullscreen=\"true\" style=\"border:0;\" sandbox=\"allow-scripts allow-same-origin allow-popups allow-presentation allow-popups-to-escape-sandbox\"><\/iframe><\/span>\n<\/div><\/figure>\n\n\n\n<p class=\"wp-block-paragraph\"><\/p>\n\n\n\n<h4 class=\"wp-block-heading\">Bachianas No. 7<\/h4>\n\n\n\n<p class=\"wp-block-paragraph\">A Bachianas No. 7 foi composta com quatro movimentos: O Prel\u00fadio&nbsp;(Ponteio), a Giga&nbsp;(Quadrilha Caipira) , a Toccata&nbsp;(Desafio) e Fuga&nbsp;(Conversa). Vale um destaque para a palavra Giga que \u00e9 uma dan\u00e7a irlandesa. Villa-Lobos tamb\u00e9m apresenta o segundo movimento como uma quadrilha caipira que tamb\u00e9m \u00e9 uma dan\u00e7a. Dessa forma, ele mais uma vez conecta a cultura brasileira com o barroco.<\/p>\n\n\n\n<p class=\"wp-block-paragraph\">No v\u00eddeo a seguir  a Bachianas Brasileiras No.7 \u00e9 interpretada pela Orquestra Sinf\u00f4nica da Radio e Televis\u00e3o Espanhola (RTVE).<\/p>\n\n\n\n<figure class=\"wp-block-embed is-type-video is-provider-youtube wp-block-embed-youtube wp-embed-aspect-16-9 wp-has-aspect-ratio\"><div class=\"wp-block-embed__wrapper\">\n<span class=\"embed-youtube\" style=\"text-align:center; display: block;\"><iframe loading=\"lazy\" class=\"youtube-player\" width=\"660\" height=\"372\" src=\"https:\/\/www.youtube.com\/embed\/bsmeEP8bwR4?version=3&#038;rel=1&#038;showsearch=0&#038;showinfo=1&#038;iv_load_policy=1&#038;fs=1&#038;hl=pt-BR&#038;autohide=2&#038;wmode=transparent\" allowfullscreen=\"true\" style=\"border:0;\" sandbox=\"allow-scripts allow-same-origin allow-popups allow-presentation allow-popups-to-escape-sandbox\"><\/iframe><\/span>\n<\/div><\/figure>\n\n\n\n<h4 class=\"wp-block-heading\">Bachianas No. 8<\/h4>\n\n\n\n<p class=\"wp-block-paragraph\">As Bachianas No. 8 \u00e9 dividida em 4 movimentos: Prel\u00fadio (Ad\u00e1gio), \u00c1ria (Modinha), Toccata (Catira Batida) e Fuga. Mais uma vez vemos ritmos brasileiros como a Catira mostrando o nacionalismo do compositor.<\/p>\n\n\n\n<p class=\"wp-block-paragraph\">Bachianas Brasileiras No. 8, possui tr\u00eas movimentos: \u00c1ria, Toccata (Catira Batida) e Fuga. No v\u00eddeo a seguir voc\u00ea pode ouv\u00ed-la interpretada pela Orquestra Jovem de Madrid.<\/p>\n\n\n\n<figure class=\"wp-block-embed is-type-video is-provider-youtube wp-block-embed-youtube wp-embed-aspect-16-9 wp-has-aspect-ratio\"><div class=\"wp-block-embed__wrapper\">\n<span class=\"embed-youtube\" style=\"text-align:center; display: block;\"><iframe loading=\"lazy\" class=\"youtube-player\" width=\"660\" height=\"372\" src=\"https:\/\/www.youtube.com\/embed\/JJEvF0qSceo?version=3&#038;rel=1&#038;showsearch=0&#038;showinfo=1&#038;iv_load_policy=1&#038;fs=1&#038;hl=pt-BR&#038;autohide=2&#038;wmode=transparent\" allowfullscreen=\"true\" style=\"border:0;\" sandbox=\"allow-scripts allow-same-origin allow-popups allow-presentation allow-popups-to-escape-sandbox\"><\/iframe><\/span>\n<\/div><\/figure>\n\n\n\n<p class=\"wp-block-paragraph\"><\/p>\n\n\n\n<h4 class=\"wp-block-heading\">Bachianas No. 9<\/h4>\n\n\n\n<p class=\"wp-block-paragraph\">A Bachianas Brasileira No. 9 possui dois movimentos, sendo um Prel\u00fadio (Vagaroso e M\u00edstico) e uma Fuga (Pouco Apressado). No v\u00eddeo a seguir voc\u00ea pode ouvir as Bachianas No.9 interpretada pela Orquestra Filarm\u00f4nica de Fresno. <\/p>\n\n\n\n<figure class=\"wp-block-embed is-type-video is-provider-youtube wp-block-embed-youtube wp-embed-aspect-16-9 wp-has-aspect-ratio\"><div class=\"wp-block-embed__wrapper\">\n<span class=\"embed-youtube\" style=\"text-align:center; display: block;\"><iframe loading=\"lazy\" class=\"youtube-player\" width=\"660\" height=\"372\" src=\"https:\/\/www.youtube.com\/embed\/SBegdIfAzXg?version=3&#038;rel=1&#038;showsearch=0&#038;showinfo=1&#038;iv_load_policy=1&#038;fs=1&#038;hl=pt-BR&#038;autohide=2&#038;wmode=transparent\" allowfullscreen=\"true\" style=\"border:0;\" sandbox=\"allow-scripts allow-same-origin allow-popups allow-presentation allow-popups-to-escape-sandbox\"><\/iframe><\/span>\n<\/div><\/figure>\n\n\n\n<h3 class=\"wp-block-heading\"><strong>Choros:&nbsp;A&nbsp;Alma&nbsp;do&nbsp;Brasil&nbsp;em&nbsp;Movimento&nbsp;<\/strong><\/h3>\n\n\n\n<p class=\"wp-block-paragraph\">Os Choros s\u00e3o uma s\u00e9rie de composi\u00e7\u00f5es que exploram a diversidade r\u00edtmica e instrumental da m\u00fasica brasileira. Do solo de viol\u00e3o ao conjunto de c\u00e2mara, os Choros capturam a ess\u00eancia do choro, um g\u00eanero musical tipicamente brasileiro que combina elementos de m\u00fasica europeia, africana e ind\u00edgena.<\/p>\n\n\n\n<p class=\"wp-block-paragraph\">Cada choro \u00e9 um universo em si, com suas particularidades e sua energia contagiante. Em conjunto, eles formam um painel vibrante da cultura brasileira, uma celebra\u00e7\u00e3o da improvisa\u00e7\u00e3o, da virtuosidade e da alegria de fazer m\u00fasica.<\/p>\n\n\n\n<p class=\"wp-block-paragraph\">Heitor Villa-Lobos, o famoso compositor brasileiro, comp\u00f4s uma s\u00e9rie de <strong>14 obras<\/strong> chamadas &#8220;Choros&#8221;. No entanto, duas dessas obras foram perdidas. Portanto, atualmente, temos 12 \u201cChoros\u201d de Villa-Lobos dispon\u00edveis. Essas obras foram compostas entre 1920 e 1929. Cada \u201cChoro\u201d \u00e9 \u00fanico e apresenta uma variedade de estilos musicais.<\/p>\n\n\n\n<h4 class=\"wp-block-heading\">Choro No.1 : Viol\u00e3o<\/h4>\n\n\n\n<p class=\"wp-block-paragraph\">Villa-Lobos comp\u00f4s choros para v\u00e1rios instrumentos. O Choro No.1, por exemplo foi composto para viol\u00e3o. O v\u00eddeo a seguir mostra esta obra interpretada por Julian Bream.<\/p>\n\n\n\n<figure class=\"wp-block-embed is-type-video is-provider-youtube wp-block-embed-youtube wp-embed-aspect-16-9 wp-has-aspect-ratio\"><div class=\"wp-block-embed__wrapper\">\n<span class=\"embed-youtube\" style=\"text-align:center; display: block;\"><iframe loading=\"lazy\" class=\"youtube-player\" width=\"660\" height=\"372\" src=\"https:\/\/www.youtube.com\/embed\/okeDOYlFXb0?version=3&#038;rel=1&#038;showsearch=0&#038;showinfo=1&#038;iv_load_policy=1&#038;fs=1&#038;hl=pt-BR&#038;autohide=2&#038;wmode=transparent\" allowfullscreen=\"true\" style=\"border:0;\" sandbox=\"allow-scripts allow-same-origin allow-popups allow-presentation allow-popups-to-escape-sandbox\"><\/iframe><\/span>\n<\/div><\/figure>\n\n\n\n<h4 class=\"wp-block-heading\">Choro No.2 : Flauta e Clarinete<\/h4>\n\n\n\n<p class=\"wp-block-paragraph\">J\u00e1 o choro No.2 foi composto para flauta e clarinete. O v\u00eddeo a seguir mostra a obra interpretada por Marcelo Bomfim e Cristiano Alves.<\/p>\n\n\n\n<figure class=\"wp-block-embed is-type-video is-provider-youtube wp-block-embed-youtube wp-embed-aspect-16-9 wp-has-aspect-ratio\"><div class=\"wp-block-embed__wrapper\">\n<span class=\"embed-youtube\" style=\"text-align:center; display: block;\"><iframe loading=\"lazy\" class=\"youtube-player\" width=\"660\" height=\"372\" src=\"https:\/\/www.youtube.com\/embed\/lcsIeu6R9oA?version=3&#038;rel=1&#038;showsearch=0&#038;showinfo=1&#038;iv_load_policy=1&#038;fs=1&#038;hl=pt-BR&#038;autohide=2&#038;wmode=transparent\" allowfullscreen=\"true\" style=\"border:0;\" sandbox=\"allow-scripts allow-same-origin allow-popups allow-presentation allow-popups-to-escape-sandbox\"><\/iframe><\/span>\n<\/div><\/figure>\n\n\n\n<p class=\"wp-block-paragraph\">A Seguir mostramos uma lista de todos os choros compostos por Villa-Lobos com os respectivos instrumentos para os quais foram compostos:<\/p>\n\n\n\n<h4 class=\"wp-block-heading\">Lista dos Choros<\/h4>\n\n\n\n<ol class=\"wp-block-list\">\n<li><strong>Choro n\u00ba <\/strong>1: Viol\u00e3o<\/li>\n\n\n\n<li><strong>Choro n\u00ba 2<\/strong>: Flauta e clarinete<\/li>\n\n\n\n<li><strong>Choro n\u00ba 3<\/strong> (\u201cPica-pau\u201d): Coro masculino ou sete instrumentos de sopro, ou ambos juntos<\/li>\n\n\n\n<li><strong>Choro n\u00ba 4<\/strong>: Tr\u00eas trompas e trombone<\/li>\n\n\n\n<li><strong>Choro n\u00ba 5<\/strong> (\u201cAlma brasileira\u201d): Piano<\/li>\n\n\n\n<li><strong>Choro n\u00ba 6<\/strong>: Orquestra<\/li>\n\n\n\n<li><strong>Choro n\u00ba 7<\/strong> (\u201cSettimino\u201d): Flauta, obo\u00e9, clarinete, saxofone, fagote, violino, violoncelo, com o tam-tam ad lib<\/li>\n\n\n\n<li><strong>Choro n\u00ba 8<\/strong>: Orquestra com 2 pianos<\/li>\n\n\n\n<li><strong>Choro n\u00ba 9<\/strong>: Orquestra<\/li>\n\n\n\n<li><strong>Choro n\u00ba 10<\/strong> (\u201cRasga o cora\u00e7\u00e3o\u201d): Coro e orquestra<\/li>\n\n\n\n<li><strong>Choro n\u00ba 11<\/strong>: Piano e orquestra<\/li>\n\n\n\n<li><strong>Choro n\u00ba 12<\/strong>: Orquestra<\/li>\n\n\n\n<li><strong>Choro n\u00ba 13<\/strong>: Duas orquestras e bandas (agora perdido)<\/li>\n\n\n\n<li><strong>Choro n\u00ba 14<\/strong>: Orquestra, banda e coro (agora perdido)<\/li>\n<\/ol>\n\n\n\n<h3 class=\"wp-block-heading\">O Legado de Villa-Lobos: Uma Sinfonia Inacabada<\/h3>\n\n\n\n<p class=\"wp-block-paragraph\">Heitor Villa-Lobos faleceu em 1959, deixando para tr\u00e1s um legado musical inestim\u00e1vel. Sua obra continua a inspirar gera\u00e7\u00f5es de m\u00fasicos e compositores, dentro e fora do Brasil. Sua vis\u00e3o de uma m\u00fasica brasileira universal, que dialoga com o mundo sem perder suas ra\u00edzes, permanece atual e inspiradora.<\/p>\n\n\n\n<p class=\"wp-block-paragraph\">Villa-Lobos nos ensinou que a m\u00fasica \u00e9 um instrumento poderoso de express\u00e3o, educa\u00e7\u00e3o e transforma\u00e7\u00e3o social. Ele nos mostrou que a riqueza cultural do Brasil \u00e9 um tesouro a ser explorado e compartilhado com o mundo. Sua m\u00fasica \u00e9 uma sinfonia inacabada, um convite para continuarmos a construir um pa\u00eds mais justo, mais humano, mais musical.<\/p>\n\n\n\n<h3 class=\"wp-block-heading\">Como&nbsp;Explorar&nbsp;o&nbsp;Universo&nbsp;Sonoro&nbsp;de&nbsp;Villa-Lobos?&nbsp;<\/h3>\n\n\n\n<p class=\"wp-block-paragraph\">Se voc\u00ea deseja se aventurar pelo universo sonoro de Villa-Lobos, aqui est\u00e1 uma lista de suas composi\u00e7\u00f5es:<\/p>\n\n\n\n<p class=\"wp-block-paragraph\">Heitor Villa-Lobos foi um prol\u00edfico compositor brasileiro, e suas obras abrangem uma variedade de g\u00eaneros. Aqui est\u00e3o algumas de suas composi\u00e7\u00f5es mais not\u00e1veis:<\/p>\n\n\n\n<p class=\"wp-block-paragraph\"><a href=\"https:\/\/pt.wikipedia.org\/wiki\/Lista_das_composi%C3%A7%C3%B5es_de_Heitor_Villa-Lobos\" target=\"_blank\" rel=\"noreferrer noopener\"><strong>Choros<\/strong><\/a>:<\/p>\n\n\n\n<ul class=\"wp-block-list\">\n<li>Introdu\u00e7\u00e3o aos Choros, para viol\u00e3o e orquestra (1929)<\/li>\n\n\n\n<li>Choro N\u00ba 1 para viol\u00e3o (1920)<\/li>\n\n\n\n<li>Choro N\u00ba 2 para flauta e clarinete (1924)<\/li>\n\n\n\n<li>Choro N\u00ba 3 \u201cPica-p\u00e1o\u201d (Pica-pau) para clarinete, fagote, saxofone, 3 trompas e trombone, ou para coro masculino, ou os dois juntos (1925)<\/li>\n\n\n\n<li>Choro N\u00ba 4 para 3 trompas e trombone (1926)<\/li>\n\n\n\n<li>Choro N\u00ba 5 para piano (1925) \u201cAlma brasileira\u201d<\/li>\n\n\n\n<li>Choro N\u00ba 6 para orquestra (1926)<\/li>\n\n\n\n<li>Choro N\u00ba 7 \u201cSettimino\u201d para flauta, obo\u00e9, clarinete, saxofone, fagote, violino, violoncelo, com o tam-tam ad lib. (1924)<\/li>\n\n\n\n<li>Choro N\u00ba 8, para orquestra com 2 pianos (1925)<\/li>\n\n\n\n<li>Choro N\u00ba 9, para orquestra (1929)<\/li>\n\n\n\n<li>Choro N\u00ba 10 para coro e orquestra (1926) \u201cRasga o cora\u00e7\u00e3o\u201d<\/li>\n\n\n\n<li>Choro N\u00ba 11 para piano e orquestra (1928)<\/li>\n\n\n\n<li>Choro N\u00ba 12, para orquestra (1929)<\/li>\n\n\n\n<li>Choro N\u00ba 13 para 2 orquestras e bandas (1929) agora perdido<\/li>\n\n\n\n<li>Choro N\u00ba 14 para orquestra, banda e coro (1928) agora perdido<\/li>\n\n\n\n<li>Choro bis, para violino e violoncelo (1928-29)<\/li>\n\n\n\n<li>Quinteto (em forma de choros) para flauta, obo\u00e9, trompa, clarinete e fagote (1928); arr. flauta, obo\u00e9, clarinete, trompa, fagote (1951)<\/li>\n<\/ul>\n\n\n\n<p class=\"wp-block-paragraph\"><a href=\"https:\/\/pt.wikipedia.org\/wiki\/Lista_das_composi%C3%A7%C3%B5es_de_Heitor_Villa-Lobos\" target=\"_blank\" rel=\"noreferrer noopener\"><strong>Bachianas Brasileiras<\/strong><\/a>:<\/p>\n\n\n\n<ul class=\"wp-block-list\">\n<li>N\u00b0 1 para pelo menos 8 violoncelos (1930-38)<\/li>\n\n\n\n<li>N\u00ba 2 para orquestra (1930)<\/li>\n\n\n\n<li>N\u00ba 3 para piano e orquestra (1938)<\/li>\n\n\n\n<li>N\u00ba 4 para piano (1941)<\/li>\n\n\n\n<li>N\u00ba 5 para voz e, pelo menos, 8 violoncelos (1945)<\/li>\n\n\n\n<li>N\u00ba 6 para flauta e fagote (1938)<\/li>\n\n\n\n<li>N\u00ba 7 para orquestra (1942)<\/li>\n\n\n\n<li>N\u00ba 8 para orquestra (1944)<\/li>\n\n\n\n<li>N\u00ba 9, para coro ou orquestra de cordas (1945)<\/li>\n<\/ul>\n\n\n\n<p class=\"wp-block-paragraph\"><a href=\"https:\/\/pt.wikipedia.org\/wiki\/Lista_das_composi%C3%A7%C3%B5es_de_Heitor_Villa-Lobos\" target=\"_blank\" rel=\"noreferrer noopener\"><strong>Concertos<\/strong><\/a>:<\/p>\n\n\n\n<ul class=\"wp-block-list\">\n<li>Su\u00edte para piano e orquestra (1913)<\/li>\n\n\n\n<li>Concerto n\u00ba 1 para violoncelo e orquestra (1915)<\/li>\n\n\n\n<li>Fantasia em movimentos mistos para violino e orquestra (1921)<\/li>\n\n\n\n<li>O Mart\u00edrio dos Insetos para violino e orquestra (1925)<\/li>\n\n\n\n<li>Momoprecoce, Fantasia para piano e orquestra (1929) ou banda (1931)<\/li>\n\n\n\n<li>Ciranda das Sete Notas para fagote e orquestra de cordas (1933)<\/li>\n\n\n\n<li>Concerto n\u00ba 1 para piano e orquestra (1945)<\/li>\n\n\n\n<li>Concerto n\u00ba 2 para piano e orquestra (1948)<\/li>\n\n\n\n<li>Fantasia para saxofone soprano, tr\u00eas trompas e cordas (1948)<\/li>\n\n\n\n<li>Concerto para viol\u00e3o e orquestra Fantasia Concertante (1951), para Andr\u00e9s Segovia<\/li>\n\n\n\n<li>Concerto n\u00ba 3 para piano e orquestra (1957)<\/li>\n\n\n\n<li>Concerto n\u00ba 4 para piano e orquestra (1952)<\/li>\n\n\n\n<li>Concerto para harpa e orquestra (1953), para Zabaleta<\/li>\n\n\n\n<li>Concerto n\u00ba 2 para violoncelo e orquestra (1953)<\/li>\n<\/ul>\n\n\n\n<p class=\"wp-block-paragraph\">Outras composi\u00e7\u00f5es not\u00e1veis incluem \u201cCair da tarde\u201d, \u201cEvoca\u00e7\u00e3o\u201d, \u201cMelodia sentimental\u201d, \u201cMiudinho\u201d, \u201cO Canto do Uirapuru\u201d, &#8220;Quadrilha&#8221;, \u201cDescobrimento do Brasil\u201d, \u201cCantinela\u201d, \u201cA floresta do Amazonas\u201d, \u201cMelodia Sentimental\u201d, \u201cUirapuru\u201d, &#8220;Rudep\u00f4ema&#8221;.<\/p>\n\n\n\n<div class=\"wp-block-group\"><div class=\"wp-block-group__inner-container is-layout-constrained wp-block-group-is-layout-constrained\">\n<p class=\"wp-block-paragraph\">Explore, experimente, descubra! A m\u00fasica de Villa-Lobos \u00e9 uma porta de entrada para um mundo de beleza, emo\u00e7\u00e3o e descobertas.<\/p>\n<\/div><\/div>\n","protected":false},"excerpt":{"rendered":"<p>Prepare-se para uma viagem fascinante pela vida e obra de Heitor Villa-Lobos, o maestro que revolucionou a paisagem sonora brasileira e a levou ao palco mundial. Villa-Lobos, mais do que um simples compositor, foi um verdadeiro alquimista sonoro. Ele conseguiu fundir a rica m\u00fasica popular brasileira com a tradi\u00e7\u00e3o cl\u00e1ssica europeia, criando um universo musical &hellip; <a href=\"https:\/\/musicasemsegredos.com\/index.php\/2024\/04\/12\/villa-lobos-uma-jornada-sonora-pela-cultura-brasileira\/\" class=\"more-link\">Continuar lendo <span class=\"screen-reader-text\">Villa-Lobos: Uma Jornada Sonora pela Cultura brasileira.<\/span><\/a><\/p>\n","protected":false},"author":1,"featured_media":19807,"comment_status":"open","ping_status":"open","sticky":false,"template":"","format":"standard","meta":{"_jetpack_newsletter_access":"","_jetpack_dont_email_post_to_subs":false,"_jetpack_newsletter_tier_id":0,"_jetpack_memberships_contains_paywalled_content":false,"_jetpack_feature_clip_id":0,"_jetpack_memberships_contains_paid_content":false,"footnotes":"","jetpack_publicize_message":"","jetpack_publicize_feature_enabled":true,"jetpack_social_post_already_shared":true,"jetpack_social_options":{"image_generator_settings":{"template":"highway","default_image_id":0,"font":"","enabled":false},"version":2},"jetpack_post_was_ever_published":false},"categories":[633,1188,615],"tags":[1539,8,1538,329,1541,1537,1455,5,1107,1540,1536],"class_list":["post-19802","post","type-post","status-publish","format-standard","has-post-thumbnail","hentry","category-educacao","category-historia-da-musica","category-musica","tag-bachianans","tag-chorinho","tag-choro","tag-compositor","tag-concertos-para-violao-e-orquestra","tag-heitor-villa-lobos","tag-historia-da-musica-2","tag-musica","tag-rio-de-janeiro","tag-sinfonia-inacabada","tag-villa-lobos"],"aioseo_notices":[],"aioseo_head":"\n\t\t<!-- All in One SEO 5.0.1.1 - aioseo.com -->\n\t<meta name=\"description\" content=\"Prepare-se para uma viagem fascinante pela vida e obra de Heitor Villa-Lobos, o maestro que revolucionou a paisagem sonora brasileira e a levou ao palco mundial. Villa-Lobos, mais do que um simples compositor, foi um verdadeiro alquimista sonoro. Ele conseguiu fundir a rica m\u00fasica popular brasileira com a tradi\u00e7\u00e3o cl\u00e1ssica europeia, criando um universo musical\" \/>\n\t<meta name=\"robots\" content=\"max-image-preview:large\" \/>\n\t<meta name=\"author\" content=\"nevesf\"\/>\n\t<link rel=\"canonical\" href=\"https:\/\/musicasemsegredos.com\/index.php\/2024\/04\/12\/villa-lobos-uma-jornada-sonora-pela-cultura-brasileira\/\" \/>\n\t<meta name=\"generator\" content=\"All in One SEO (AIOSEO) 5.0.1.1\" \/>\n\t\t<meta property=\"og:locale\" content=\"pt_BR\" \/>\n\t\t<meta property=\"og:site_name\" content=\"M\u00fasica sem Segredos - Musica para todos\" \/>\n\t\t<meta property=\"og:type\" content=\"article\" \/>\n\t\t<meta property=\"og:title\" content=\"Villa-Lobos: Uma Jornada Sonora pela Cultura brasileira. - M\u00fasica sem Segredos\" \/>\n\t\t<meta property=\"og:description\" content=\"Prepare-se para uma viagem fascinante pela vida e obra de Heitor Villa-Lobos, o maestro que revolucionou a paisagem sonora brasileira e a levou ao palco mundial. Villa-Lobos, mais do que um simples compositor, foi um verdadeiro alquimista sonoro. Ele conseguiu fundir a rica m\u00fasica popular brasileira com a tradi\u00e7\u00e3o cl\u00e1ssica europeia, criando um universo musical\" \/>\n\t\t<meta property=\"og:url\" content=\"https:\/\/musicasemsegredos.com\/index.php\/2024\/04\/12\/villa-lobos-uma-jornada-sonora-pela-cultura-brasileira\/\" \/>\n\t\t<meta property=\"og:image\" content=\"https:\/\/i0.wp.com\/musicasemsegredos.com\/wp-content\/uploads\/2017\/01\/cropped-cropped-MusicaSemSegredos512x512.jpg?fit=248248&#038;ssl=1\" \/>\n\t\t<meta property=\"og:image:secure_url\" content=\"https:\/\/i0.wp.com\/musicasemsegredos.com\/wp-content\/uploads\/2017\/01\/cropped-cropped-MusicaSemSegredos512x512.jpg?fit=248248&#038;ssl=1\" \/>\n\t\t<meta property=\"article:published_time\" content=\"2024-04-12T19:03:56+00:00\" \/>\n\t\t<meta property=\"article:modified_time\" content=\"2024-04-12T22:21:38+00:00\" \/>\n\t\t<meta name=\"twitter:card\" content=\"summary_large_image\" \/>\n\t\t<meta name=\"twitter:title\" content=\"Villa-Lobos: Uma Jornada Sonora pela Cultura brasileira. - M\u00fasica sem Segredos\" \/>\n\t\t<meta name=\"twitter:description\" content=\"Prepare-se para uma viagem fascinante pela vida e obra de Heitor Villa-Lobos, o maestro que revolucionou a paisagem sonora brasileira e a levou ao palco mundial. Villa-Lobos, mais do que um simples compositor, foi um verdadeiro alquimista sonoro. Ele conseguiu fundir a rica m\u00fasica popular brasileira com a tradi\u00e7\u00e3o cl\u00e1ssica europeia, criando um universo musical\" \/>\n\t\t<meta name=\"twitter:image\" content=\"https:\/\/i0.wp.com\/musicasemsegredos.com\/wp-content\/uploads\/2017\/01\/cropped-cropped-MusicaSemSegredos512x512.jpg?fit=248248&amp;ssl=1\" \/>\n\t\t<script type=\"application\/ld+json\" class=\"aioseo-schema\">\n\t\t\t{\"@context\":\"https:\\\/\\\/schema.org\",\"@graph\":[{\"@type\":\"BlogPosting\",\"@id\":\"https:\\\/\\\/musicasemsegredos.com\\\/index.php\\\/2024\\\/04\\\/12\\\/villa-lobos-uma-jornada-sonora-pela-cultura-brasileira\\\/#blogposting\",\"name\":\"Villa-Lobos: Uma Jornada Sonora pela Cultura brasileira. - M\\u00fasica sem Segredos\",\"headline\":\"Villa-Lobos: Uma Jornada Sonora pela Cultura brasileira.\",\"author\":{\"@id\":\"https:\\\/\\\/musicasemsegredos.com\\\/index.php\\\/author\\\/nevesf\\\/#author\"},\"publisher\":{\"@id\":\"https:\\\/\\\/musicasemsegredos.com\\\/#organization\"},\"image\":{\"@type\":\"ImageObject\",\"url\":\"https:\\\/\\\/i0.wp.com\\\/musicasemsegredos.com\\\/wp-content\\\/uploads\\\/2024\\\/04\\\/heitorVilla-Lobos-1.png?fit=1280%2C699&ssl=1\",\"width\":1280,\"height\":699,\"caption\":\"Heitor Villa-Lobos\"},\"datePublished\":\"2024-04-12T16:03:56-03:00\",\"dateModified\":\"2024-04-12T19:21:38-03:00\",\"inLanguage\":\"pt-BR\",\"mainEntityOfPage\":{\"@id\":\"https:\\\/\\\/musicasemsegredos.com\\\/index.php\\\/2024\\\/04\\\/12\\\/villa-lobos-uma-jornada-sonora-pela-cultura-brasileira\\\/#webpage\"},\"isPartOf\":{\"@id\":\"https:\\\/\\\/musicasemsegredos.com\\\/index.php\\\/2024\\\/04\\\/12\\\/villa-lobos-uma-jornada-sonora-pela-cultura-brasileira\\\/#webpage\"},\"articleSection\":\"educacao, Hist\\u00f3ria da m\\u00fasica, musica, bachianans, chorinho, choro, compositor, concertos para viol\\u00e3o e orquestra, heitor villa-lobos, historia da musica, musica, rio de janeiro, sinfonia inacabada, villa-lobos\"},{\"@type\":\"BreadcrumbList\",\"@id\":\"https:\\\/\\\/musicasemsegredos.com\\\/index.php\\\/2024\\\/04\\\/12\\\/villa-lobos-uma-jornada-sonora-pela-cultura-brasileira\\\/#breadcrumblist\",\"itemListElement\":[{\"@type\":\"ListItem\",\"@id\":\"https:\\\/\\\/musicasemsegredos.com#listItem\",\"position\":1,\"name\":\"Home\",\"item\":\"https:\\\/\\\/musicasemsegredos.com\",\"nextItem\":{\"@type\":\"ListItem\",\"@id\":\"https:\\\/\\\/musicasemsegredos.com\\\/index.php\\\/category\\\/musica\\\/#listItem\",\"name\":\"musica\"}},{\"@type\":\"ListItem\",\"@id\":\"https:\\\/\\\/musicasemsegredos.com\\\/index.php\\\/category\\\/musica\\\/#listItem\",\"position\":2,\"name\":\"musica\",\"item\":\"https:\\\/\\\/musicasemsegredos.com\\\/index.php\\\/category\\\/musica\\\/\",\"nextItem\":{\"@type\":\"ListItem\",\"@id\":\"https:\\\/\\\/musicasemsegredos.com\\\/index.php\\\/2024\\\/04\\\/12\\\/villa-lobos-uma-jornada-sonora-pela-cultura-brasileira\\\/#listItem\",\"name\":\"Villa-Lobos: Uma Jornada Sonora pela Cultura brasileira.\"},\"previousItem\":{\"@type\":\"ListItem\",\"@id\":\"https:\\\/\\\/musicasemsegredos.com#listItem\",\"name\":\"Home\"}},{\"@type\":\"ListItem\",\"@id\":\"https:\\\/\\\/musicasemsegredos.com\\\/index.php\\\/2024\\\/04\\\/12\\\/villa-lobos-uma-jornada-sonora-pela-cultura-brasileira\\\/#listItem\",\"position\":3,\"name\":\"Villa-Lobos: Uma Jornada Sonora pela Cultura brasileira.\",\"previousItem\":{\"@type\":\"ListItem\",\"@id\":\"https:\\\/\\\/musicasemsegredos.com\\\/index.php\\\/category\\\/musica\\\/#listItem\",\"name\":\"musica\"}}]},{\"@type\":\"Organization\",\"@id\":\"https:\\\/\\\/musicasemsegredos.com\\\/#organization\",\"name\":\"M\\u00fasica sem Segredos\",\"description\":\"Musica para todos\",\"url\":\"https:\\\/\\\/musicasemsegredos.com\\\/\",\"logo\":{\"@type\":\"ImageObject\",\"url\":\"https:\\\/\\\/i0.wp.com\\\/musicasemsegredos.com\\\/wp-content\\\/uploads\\\/2017\\\/01\\\/cropped-cropped-MusicaSemSegredos512x512.jpg?fit=248%2C248&ssl=1\",\"@id\":\"https:\\\/\\\/musicasemsegredos.com\\\/index.php\\\/2024\\\/04\\\/12\\\/villa-lobos-uma-jornada-sonora-pela-cultura-brasileira\\\/#organizationLogo\",\"width\":248,\"height\":248},\"image\":{\"@id\":\"https:\\\/\\\/musicasemsegredos.com\\\/index.php\\\/2024\\\/04\\\/12\\\/villa-lobos-uma-jornada-sonora-pela-cultura-brasileira\\\/#organizationLogo\"}},{\"@type\":\"Person\",\"@id\":\"https:\\\/\\\/musicasemsegredos.com\\\/index.php\\\/author\\\/nevesf\\\/#author\",\"url\":\"https:\\\/\\\/musicasemsegredos.com\\\/index.php\\\/author\\\/nevesf\\\/\",\"name\":\"nevesf\",\"image\":{\"@type\":\"ImageObject\",\"@id\":\"https:\\\/\\\/musicasemsegredos.com\\\/index.php\\\/2024\\\/04\\\/12\\\/villa-lobos-uma-jornada-sonora-pela-cultura-brasileira\\\/#authorImage\",\"url\":\"https:\\\/\\\/secure.gravatar.com\\\/avatar\\\/40a180061deabb68d04bd9f812bde2b372b5d57984baf7dd947ee866377d90fb?s=96&d=blank&r=g\",\"width\":96,\"height\":96,\"caption\":\"nevesf\"}},{\"@type\":\"WebPage\",\"@id\":\"https:\\\/\\\/musicasemsegredos.com\\\/index.php\\\/2024\\\/04\\\/12\\\/villa-lobos-uma-jornada-sonora-pela-cultura-brasileira\\\/#webpage\",\"url\":\"https:\\\/\\\/musicasemsegredos.com\\\/index.php\\\/2024\\\/04\\\/12\\\/villa-lobos-uma-jornada-sonora-pela-cultura-brasileira\\\/\",\"name\":\"Villa-Lobos: Uma Jornada Sonora pela Cultura brasileira. - M\\u00fasica sem Segredos\",\"description\":\"Prepare-se para uma viagem fascinante pela vida e obra de Heitor Villa-Lobos, o maestro que revolucionou a paisagem sonora brasileira e a levou ao palco mundial. Villa-Lobos, mais do que um simples compositor, foi um verdadeiro alquimista sonoro. Ele conseguiu fundir a rica m\\u00fasica popular brasileira com a tradi\\u00e7\\u00e3o cl\\u00e1ssica europeia, criando um universo musical\",\"inLanguage\":\"pt-BR\",\"isPartOf\":{\"@id\":\"https:\\\/\\\/musicasemsegredos.com\\\/#website\"},\"breadcrumb\":{\"@id\":\"https:\\\/\\\/musicasemsegredos.com\\\/index.php\\\/2024\\\/04\\\/12\\\/villa-lobos-uma-jornada-sonora-pela-cultura-brasileira\\\/#breadcrumblist\"},\"author\":{\"@id\":\"https:\\\/\\\/musicasemsegredos.com\\\/index.php\\\/author\\\/nevesf\\\/#author\"},\"creator\":{\"@id\":\"https:\\\/\\\/musicasemsegredos.com\\\/index.php\\\/author\\\/nevesf\\\/#author\"},\"image\":{\"@type\":\"ImageObject\",\"url\":\"https:\\\/\\\/i0.wp.com\\\/musicasemsegredos.com\\\/wp-content\\\/uploads\\\/2024\\\/04\\\/heitorVilla-Lobos-1.png?fit=1280%2C699&ssl=1\",\"@id\":\"https:\\\/\\\/musicasemsegredos.com\\\/index.php\\\/2024\\\/04\\\/12\\\/villa-lobos-uma-jornada-sonora-pela-cultura-brasileira\\\/#mainImage\",\"width\":1280,\"height\":699,\"caption\":\"Heitor Villa-Lobos\"},\"primaryImageOfPage\":{\"@id\":\"https:\\\/\\\/musicasemsegredos.com\\\/index.php\\\/2024\\\/04\\\/12\\\/villa-lobos-uma-jornada-sonora-pela-cultura-brasileira\\\/#mainImage\"},\"datePublished\":\"2024-04-12T16:03:56-03:00\",\"dateModified\":\"2024-04-12T19:21:38-03:00\"},{\"@type\":\"WebSite\",\"@id\":\"https:\\\/\\\/musicasemsegredos.com\\\/#website\",\"url\":\"https:\\\/\\\/musicasemsegredos.com\\\/\",\"name\":\"M\\u00fasica sem Segredos\",\"description\":\"Musica para todos\",\"inLanguage\":\"pt-BR\",\"publisher\":{\"@id\":\"https:\\\/\\\/musicasemsegredos.com\\\/#organization\"}}]}\n\t\t<\/script>\n\t\t<!-- All in One SEO -->\n\n","aioseo_head_json":{"title":"Villa-Lobos: Uma Jornada Sonora pela Cultura brasileira. - M\u00fasica sem Segredos","description":"Prepare-se para uma viagem fascinante pela vida e obra de Heitor Villa-Lobos, o maestro que revolucionou a paisagem sonora brasileira e a levou ao palco mundial. Villa-Lobos, mais do que um simples compositor, foi um verdadeiro alquimista sonoro. Ele conseguiu fundir a rica m\u00fasica popular brasileira com a tradi\u00e7\u00e3o cl\u00e1ssica europeia, criando um universo musical","canonical_url":"https:\/\/musicasemsegredos.com\/index.php\/2024\/04\/12\/villa-lobos-uma-jornada-sonora-pela-cultura-brasileira\/","robots":"max-image-preview:large","keywords":"","webmasterTools":{"miscellaneous":""},"schema":{"@context":"https:\/\/schema.org","@graph":[{"@type":"BlogPosting","@id":"https:\/\/musicasemsegredos.com\/index.php\/2024\/04\/12\/villa-lobos-uma-jornada-sonora-pela-cultura-brasileira\/#blogposting","name":"Villa-Lobos: Uma Jornada Sonora pela Cultura brasileira. - M\u00fasica sem Segredos","headline":"Villa-Lobos: Uma Jornada Sonora pela Cultura brasileira.","author":{"@id":"https:\/\/musicasemsegredos.com\/index.php\/author\/nevesf\/#author"},"publisher":{"@id":"https:\/\/musicasemsegredos.com\/#organization"},"image":{"@type":"ImageObject","url":"https:\/\/i0.wp.com\/musicasemsegredos.com\/wp-content\/uploads\/2024\/04\/heitorVilla-Lobos-1.png?fit=1280%2C699&ssl=1","width":1280,"height":699,"caption":"Heitor Villa-Lobos"},"datePublished":"2024-04-12T16:03:56-03:00","dateModified":"2024-04-12T19:21:38-03:00","inLanguage":"pt-BR","mainEntityOfPage":{"@id":"https:\/\/musicasemsegredos.com\/index.php\/2024\/04\/12\/villa-lobos-uma-jornada-sonora-pela-cultura-brasileira\/#webpage"},"isPartOf":{"@id":"https:\/\/musicasemsegredos.com\/index.php\/2024\/04\/12\/villa-lobos-uma-jornada-sonora-pela-cultura-brasileira\/#webpage"},"articleSection":"educacao, Hist\u00f3ria da m\u00fasica, musica, bachianans, chorinho, choro, compositor, concertos para viol\u00e3o e orquestra, heitor villa-lobos, historia da musica, musica, rio de janeiro, sinfonia inacabada, villa-lobos"},{"@type":"BreadcrumbList","@id":"https:\/\/musicasemsegredos.com\/index.php\/2024\/04\/12\/villa-lobos-uma-jornada-sonora-pela-cultura-brasileira\/#breadcrumblist","itemListElement":[{"@type":"ListItem","@id":"https:\/\/musicasemsegredos.com#listItem","position":1,"name":"Home","item":"https:\/\/musicasemsegredos.com","nextItem":{"@type":"ListItem","@id":"https:\/\/musicasemsegredos.com\/index.php\/category\/musica\/#listItem","name":"musica"}},{"@type":"ListItem","@id":"https:\/\/musicasemsegredos.com\/index.php\/category\/musica\/#listItem","position":2,"name":"musica","item":"https:\/\/musicasemsegredos.com\/index.php\/category\/musica\/","nextItem":{"@type":"ListItem","@id":"https:\/\/musicasemsegredos.com\/index.php\/2024\/04\/12\/villa-lobos-uma-jornada-sonora-pela-cultura-brasileira\/#listItem","name":"Villa-Lobos: Uma Jornada Sonora pela Cultura brasileira."},"previousItem":{"@type":"ListItem","@id":"https:\/\/musicasemsegredos.com#listItem","name":"Home"}},{"@type":"ListItem","@id":"https:\/\/musicasemsegredos.com\/index.php\/2024\/04\/12\/villa-lobos-uma-jornada-sonora-pela-cultura-brasileira\/#listItem","position":3,"name":"Villa-Lobos: Uma Jornada Sonora pela Cultura brasileira.","previousItem":{"@type":"ListItem","@id":"https:\/\/musicasemsegredos.com\/index.php\/category\/musica\/#listItem","name":"musica"}}]},{"@type":"Organization","@id":"https:\/\/musicasemsegredos.com\/#organization","name":"M\u00fasica sem Segredos","description":"Musica para todos","url":"https:\/\/musicasemsegredos.com\/","logo":{"@type":"ImageObject","url":"https:\/\/i0.wp.com\/musicasemsegredos.com\/wp-content\/uploads\/2017\/01\/cropped-cropped-MusicaSemSegredos512x512.jpg?fit=248%2C248&ssl=1","@id":"https:\/\/musicasemsegredos.com\/index.php\/2024\/04\/12\/villa-lobos-uma-jornada-sonora-pela-cultura-brasileira\/#organizationLogo","width":248,"height":248},"image":{"@id":"https:\/\/musicasemsegredos.com\/index.php\/2024\/04\/12\/villa-lobos-uma-jornada-sonora-pela-cultura-brasileira\/#organizationLogo"}},{"@type":"Person","@id":"https:\/\/musicasemsegredos.com\/index.php\/author\/nevesf\/#author","url":"https:\/\/musicasemsegredos.com\/index.php\/author\/nevesf\/","name":"nevesf","image":{"@type":"ImageObject","@id":"https:\/\/musicasemsegredos.com\/index.php\/2024\/04\/12\/villa-lobos-uma-jornada-sonora-pela-cultura-brasileira\/#authorImage","url":"https:\/\/secure.gravatar.com\/avatar\/40a180061deabb68d04bd9f812bde2b372b5d57984baf7dd947ee866377d90fb?s=96&d=blank&r=g","width":96,"height":96,"caption":"nevesf"}},{"@type":"WebPage","@id":"https:\/\/musicasemsegredos.com\/index.php\/2024\/04\/12\/villa-lobos-uma-jornada-sonora-pela-cultura-brasileira\/#webpage","url":"https:\/\/musicasemsegredos.com\/index.php\/2024\/04\/12\/villa-lobos-uma-jornada-sonora-pela-cultura-brasileira\/","name":"Villa-Lobos: Uma Jornada Sonora pela Cultura brasileira. - M\u00fasica sem Segredos","description":"Prepare-se para uma viagem fascinante pela vida e obra de Heitor Villa-Lobos, o maestro que revolucionou a paisagem sonora brasileira e a levou ao palco mundial. Villa-Lobos, mais do que um simples compositor, foi um verdadeiro alquimista sonoro. Ele conseguiu fundir a rica m\u00fasica popular brasileira com a tradi\u00e7\u00e3o cl\u00e1ssica europeia, criando um universo musical","inLanguage":"pt-BR","isPartOf":{"@id":"https:\/\/musicasemsegredos.com\/#website"},"breadcrumb":{"@id":"https:\/\/musicasemsegredos.com\/index.php\/2024\/04\/12\/villa-lobos-uma-jornada-sonora-pela-cultura-brasileira\/#breadcrumblist"},"author":{"@id":"https:\/\/musicasemsegredos.com\/index.php\/author\/nevesf\/#author"},"creator":{"@id":"https:\/\/musicasemsegredos.com\/index.php\/author\/nevesf\/#author"},"image":{"@type":"ImageObject","url":"https:\/\/i0.wp.com\/musicasemsegredos.com\/wp-content\/uploads\/2024\/04\/heitorVilla-Lobos-1.png?fit=1280%2C699&ssl=1","@id":"https:\/\/musicasemsegredos.com\/index.php\/2024\/04\/12\/villa-lobos-uma-jornada-sonora-pela-cultura-brasileira\/#mainImage","width":1280,"height":699,"caption":"Heitor Villa-Lobos"},"primaryImageOfPage":{"@id":"https:\/\/musicasemsegredos.com\/index.php\/2024\/04\/12\/villa-lobos-uma-jornada-sonora-pela-cultura-brasileira\/#mainImage"},"datePublished":"2024-04-12T16:03:56-03:00","dateModified":"2024-04-12T19:21:38-03:00"},{"@type":"WebSite","@id":"https:\/\/musicasemsegredos.com\/#website","url":"https:\/\/musicasemsegredos.com\/","name":"M\u00fasica sem Segredos","description":"Musica para todos","inLanguage":"pt-BR","publisher":{"@id":"https:\/\/musicasemsegredos.com\/#organization"}}]},"og:locale":"pt_BR","og:site_name":"M\u00fasica sem Segredos - Musica para todos","og:type":"article","og:title":"Villa-Lobos: Uma Jornada Sonora pela Cultura brasileira. - M\u00fasica sem Segredos","og:description":"Prepare-se para uma viagem fascinante pela vida e obra de Heitor Villa-Lobos, o maestro que revolucionou a paisagem sonora brasileira e a levou ao palco mundial. Villa-Lobos, mais do que um simples compositor, foi um verdadeiro alquimista sonoro. Ele conseguiu fundir a rica m\u00fasica popular brasileira com a tradi\u00e7\u00e3o cl\u00e1ssica europeia, criando um universo musical","og:url":"https:\/\/musicasemsegredos.com\/index.php\/2024\/04\/12\/villa-lobos-uma-jornada-sonora-pela-cultura-brasileira\/","og:image":"https:\/\/i0.wp.com\/musicasemsegredos.com\/wp-content\/uploads\/2017\/01\/cropped-cropped-MusicaSemSegredos512x512.jpg?fit=248248&#038;ssl=1","og:image:secure_url":"https:\/\/i0.wp.com\/musicasemsegredos.com\/wp-content\/uploads\/2017\/01\/cropped-cropped-MusicaSemSegredos512x512.jpg?fit=248248&#038;ssl=1","article:published_time":"2024-04-12T19:03:56+00:00","article:modified_time":"2024-04-12T22:21:38+00:00","twitter:card":"summary_large_image","twitter:title":"Villa-Lobos: Uma Jornada Sonora pela Cultura brasileira. - M\u00fasica sem Segredos","twitter:description":"Prepare-se para uma viagem fascinante pela vida e obra de Heitor Villa-Lobos, o maestro que revolucionou a paisagem sonora brasileira e a levou ao palco mundial. Villa-Lobos, mais do que um simples compositor, foi um verdadeiro alquimista sonoro. Ele conseguiu fundir a rica m\u00fasica popular brasileira com a tradi\u00e7\u00e3o cl\u00e1ssica europeia, criando um universo musical","twitter:image":"https:\/\/i0.wp.com\/musicasemsegredos.com\/wp-content\/uploads\/2017\/01\/cropped-cropped-MusicaSemSegredos512x512.jpg?fit=248248&ssl=1"},"aioseo_meta_data":{"post_id":"19802","title":null,"description":null,"keywords":null,"keyphrases":{"focus":[],"additional":[]},"focus_keyword":null,"additional_keywords":null,"truseo_locale":null,"primary_term":null,"canonical_url":null,"og_title":null,"og_description":null,"og_object_type":"default","og_image_type":"default","og_image_custom_url":null,"og_image_custom_fields":null,"og_image_url":null,"og_image_width":null,"og_image_height":null,"og_video":null,"og_custom_url":null,"og_article_section":null,"og_article_tags":null,"twitter_use_og":false,"twitter_card":"default","twitter_image_type":"default","twitter_image_custom_url":null,"twitter_image_custom_fields":null,"twitter_image_url":null,"twitter_title":null,"twitter_description":null,"schema_type":"default","schema_type_options":null,"schema":{"blockGraphs":[],"customGraphs":[],"default":{"data":{"Article":[],"Course":[],"Dataset":[],"FAQPage":[],"Movie":[],"Person":[],"Product":[],"ProductReview":[],"Car":[],"Recipe":[],"Service":[],"SoftwareApplication":[],"WebPage":[]},"graphName":"","isEnabled":true},"graphs":[]},"pillar_content":false,"robots_default":true,"robots_noindex":false,"robots_noarchive":false,"robots_nosnippet":false,"robots_nofollow":false,"robots_noimageindex":false,"robots_noodp":false,"robots_notranslate":false,"robots_max_snippet":null,"robots_max_videopreview":null,"robots_max_imagepreview":"large","priority":null,"frequency":null,"local_seo":null,"limit_modified_date":false,"ai":null,"breadcrumb_settings":null,"seo_analyzer_scan_date":null,"created":"2026-09-02 17:28:41","updated":"2026-09-02 23:35:08"},"aioseo_breadcrumb":"<div class=\"aioseo-breadcrumbs\"><span class=\"aioseo-breadcrumb\">\n\t\t\t<a href=\"https:\/\/musicasemsegredos.com\" title=\"Home\">Home<\/a>\n\t\t<\/span><span class=\"aioseo-breadcrumb-separator\">&raquo;<\/span><span class=\"aioseo-breadcrumb\">\n\t\t\t<a href=\"https:\/\/musicasemsegredos.com\/index.php\/category\/musica\/\" title=\"musica\">musica<\/a>\n\t\t<\/span><span class=\"aioseo-breadcrumb-separator\">&raquo;<\/span><span class=\"aioseo-breadcrumb\">\n\t\t\tVilla-Lobos: Uma Jornada Sonora pela Cultura brasileira.\n\t\t<\/span><\/div>","aioseo_breadcrumb_json":[{"label":"Home","link":"https:\/\/musicasemsegredos.com"},{"label":"musica","link":"https:\/\/musicasemsegredos.com\/index.php\/category\/musica\/"},{"label":"Villa-Lobos: Uma Jornada Sonora pela Cultura brasileira.","link":"https:\/\/musicasemsegredos.com\/index.php\/2024\/04\/12\/villa-lobos-uma-jornada-sonora-pela-cultura-brasileira\/"}],"jetpack_publicize_connections":[],"jetpack_sharing_enabled":true,"jetpack_shortlink":"https:\/\/wp.me\/p8f7pv-59o","jetpack-related-posts":[{"id":19997,"url":"https:\/\/musicasemsegredos.com\/index.php\/2025\/03\/04\/a-historia-por-tras-de-odeon-uma-joia-do-choro-brasileiro\/","url_meta":{"origin":19802,"position":0},"title":"A Hist\u00f3ria por Tr\u00e1s de &#8220;Odeon&#8221;: Uma Joia do Choro Brasileiro","author":"nevesf","date":"04\/03\/2025","format":false,"excerpt":"Imagine-se caminhando pelas ruas do Rio de Janeiro no in\u00edcio do s\u00e9culo XX. O som de um piano ecoa ao longe, misturando-se ao burburinho das pessoas, ao ritmo das carro\u00e7as e ao calor \u00famido do ver\u00e3o carioca. De repente, uma melodia cativante chama sua aten\u00e7\u00e3o: \u00e9 algo novo, mas ao\u2026","rel":"","context":"Em &quot;bandolim&quot;","block_context":{"text":"bandolim","link":"https:\/\/musicasemsegredos.com\/index.php\/category\/bandolim\/"},"img":{"alt_text":"Odeon","src":"https:\/\/i0.wp.com\/musicasemsegredos.com\/wp-content\/uploads\/2025\/03\/musicosdecada20-violao-bandolim.png?fit=1200%2C675&ssl=1&resize=350%2C200","width":350,"height":200,"srcset":"https:\/\/i0.wp.com\/musicasemsegredos.com\/wp-content\/uploads\/2025\/03\/musicosdecada20-violao-bandolim.png?fit=1200%2C675&ssl=1&resize=350%2C200 1x, https:\/\/i0.wp.com\/musicasemsegredos.com\/wp-content\/uploads\/2025\/03\/musicosdecada20-violao-bandolim.png?fit=1200%2C675&ssl=1&resize=525%2C300 1.5x, https:\/\/i0.wp.com\/musicasemsegredos.com\/wp-content\/uploads\/2025\/03\/musicosdecada20-violao-bandolim.png?fit=1200%2C675&ssl=1&resize=700%2C400 2x, https:\/\/i0.wp.com\/musicasemsegredos.com\/wp-content\/uploads\/2025\/03\/musicosdecada20-violao-bandolim.png?fit=1200%2C675&ssl=1&resize=1050%2C600 3x"},"classes":[]},{"id":19416,"url":"https:\/\/musicasemsegredos.com\/index.php\/2023\/03\/29\/garota-de-ipanema-arranjo-para-piano-solo-2\/","url_meta":{"origin":19802,"position":1},"title":"Garota de Ipanema &#8211; Arranjo para Piano Solo","author":"nevesf","date":"29\/03\/2023","format":false,"excerpt":"Garota de Ipanema \u00e9 uma das m\u00fasicas mais conhecidas e amadas em todo o mundo, e \u00e9 um \u00edcone da m\u00fasica brasileira. \u00c9 uma can\u00e7\u00e3o que evoca imagens do sol, do mar e da beleza natural do Rio de Janeiro, mas tamb\u00e9m \u00e9 uma m\u00fasica que fala de amor e\u2026","rel":"","context":"Em &quot;Acordes&quot;","block_context":{"text":"Acordes","link":"https:\/\/musicasemsegredos.com\/index.php\/category\/acordes\/"},"img":{"alt_text":"Garota de Ipanema para piano","src":"https:\/\/i0.wp.com\/musicasemsegredos.com\/wp-content\/uploads\/2023\/03\/Garota-de-Ipanema-Website-full-width.jpeg?fit=1200%2C800&ssl=1&resize=350%2C200","width":350,"height":200,"srcset":"https:\/\/i0.wp.com\/musicasemsegredos.com\/wp-content\/uploads\/2023\/03\/Garota-de-Ipanema-Website-full-width.jpeg?fit=1200%2C800&ssl=1&resize=350%2C200 1x, https:\/\/i0.wp.com\/musicasemsegredos.com\/wp-content\/uploads\/2023\/03\/Garota-de-Ipanema-Website-full-width.jpeg?fit=1200%2C800&ssl=1&resize=525%2C300 1.5x, https:\/\/i0.wp.com\/musicasemsegredos.com\/wp-content\/uploads\/2023\/03\/Garota-de-Ipanema-Website-full-width.jpeg?fit=1200%2C800&ssl=1&resize=700%2C400 2x, https:\/\/i0.wp.com\/musicasemsegredos.com\/wp-content\/uploads\/2023\/03\/Garota-de-Ipanema-Website-full-width.jpeg?fit=1200%2C800&ssl=1&resize=1050%2C600 3x"},"classes":[]},{"id":19407,"url":"https:\/\/musicasemsegredos.com\/index.php\/2023\/03\/23\/a-historia-do-samba-no-brasil\/","url_meta":{"origin":19802,"position":2},"title":"A Hist\u00f3ria do Samba no Brasil","author":"nevesf","date":"23\/03\/2023","format":false,"excerpt":"Quem nunca se pegou batucando em ritmo de samba? Como j\u00e1 dizia Dorival Caymmi: \u201cquem n\u00e3o gosta de samba, bom sujeito n\u00e3o \u00e9. Ou \u00e9 ruim da cabe\u00e7a ou doente do p\u00e9. Hoje, eu quero compartilhar com voc\u00eas um tema muito importante na cultura brasileira: a hist\u00f3ria do samba. Esse\u2026","rel":"","context":"Em &quot;educacao&quot;","block_context":{"text":"educacao","link":"https:\/\/musicasemsegredos.com\/index.php\/category\/educacao\/"},"img":{"alt_text":"Hist\u00f3ria do Samba","src":"https:\/\/i0.wp.com\/musicasemsegredos.com\/wp-content\/uploads\/2023\/03\/Samba_Historia.jpeg?fit=1200%2C629&ssl=1&resize=350%2C200","width":350,"height":200,"srcset":"https:\/\/i0.wp.com\/musicasemsegredos.com\/wp-content\/uploads\/2023\/03\/Samba_Historia.jpeg?fit=1200%2C629&ssl=1&resize=350%2C200 1x, https:\/\/i0.wp.com\/musicasemsegredos.com\/wp-content\/uploads\/2023\/03\/Samba_Historia.jpeg?fit=1200%2C629&ssl=1&resize=525%2C300 1.5x, https:\/\/i0.wp.com\/musicasemsegredos.com\/wp-content\/uploads\/2023\/03\/Samba_Historia.jpeg?fit=1200%2C629&ssl=1&resize=700%2C400 2x, https:\/\/i0.wp.com\/musicasemsegredos.com\/wp-content\/uploads\/2023\/03\/Samba_Historia.jpeg?fit=1200%2C629&ssl=1&resize=1050%2C600 3x"},"classes":[]},{"id":19386,"url":"https:\/\/musicasemsegredos.com\/index.php\/2023\/02\/24\/garota-de-ipanema-arranjo-para-piano-solo\/","url_meta":{"origin":19802,"position":3},"title":"Garota de Ipanema: Arranjo para Piano Solo","author":"nevesf","date":"24\/02\/2023","format":false,"excerpt":"Garota de Ipanema \u00e9 uma das mais famosas e ic\u00f4nicas can\u00e7\u00f5es da m\u00fasica popular brasileira. Escrita por Tom Jobim e Vin\u00edcius de Moraes em 1962, a m\u00fasica conta a hist\u00f3ria de uma garota que passa pela rua Vin\u00edcius de Moraes, em Ipanema, no Rio de Janeiro, e que chama a\u2026","rel":"","context":"Em &quot;composi\u00e7\u00e3o&quot;","block_context":{"text":"composi\u00e7\u00e3o","link":"https:\/\/musicasemsegredos.com\/index.php\/category\/composicao\/"},"img":{"alt_text":"Garota de Ipanema","src":"https:\/\/i0.wp.com\/musicasemsegredos.com\/wp-content\/uploads\/2023\/02\/resized-GarotadeIpanema-1.jpeg?fit=1200%2C675&ssl=1&resize=350%2C200","width":350,"height":200,"srcset":"https:\/\/i0.wp.com\/musicasemsegredos.com\/wp-content\/uploads\/2023\/02\/resized-GarotadeIpanema-1.jpeg?fit=1200%2C675&ssl=1&resize=350%2C200 1x, https:\/\/i0.wp.com\/musicasemsegredos.com\/wp-content\/uploads\/2023\/02\/resized-GarotadeIpanema-1.jpeg?fit=1200%2C675&ssl=1&resize=525%2C300 1.5x, https:\/\/i0.wp.com\/musicasemsegredos.com\/wp-content\/uploads\/2023\/02\/resized-GarotadeIpanema-1.jpeg?fit=1200%2C675&ssl=1&resize=700%2C400 2x, https:\/\/i0.wp.com\/musicasemsegredos.com\/wp-content\/uploads\/2023\/02\/resized-GarotadeIpanema-1.jpeg?fit=1200%2C675&ssl=1&resize=1050%2C600 3x"},"classes":[]},{"id":19952,"url":"https:\/\/musicasemsegredos.com\/index.php\/2024\/12\/12\/viaje-no-tempo-os-marcos-musicais-que-transformaram-o-mundo-ao-longo-dos-seculos\/","url_meta":{"origin":19802,"position":4},"title":"Viaje no Tempo: Os Marcos Musicais que Transformaram o Mundo ao Longo dos S\u00e9culos","author":"nevesf","date":"12\/12\/2024","format":false,"excerpt":"Voc\u00ea sabia que a m\u00fasica j\u00e1 faz parte da vida da humanidade h\u00e1 milhares de anos? Desde os primeiros registros de civiliza\u00e7\u00f5es antigas, a m\u00fasica sempre esteve presente, desempenhando um papel fundamental no desenvolvimento da cultura e da sociedade. Neste post, vamos mergulhar nessa fascinante jornada, explorando os principais marcos\u2026","rel":"","context":"Em &quot;educacao&quot;","block_context":{"text":"educacao","link":"https:\/\/musicasemsegredos.com\/index.php\/category\/educacao\/"},"img":{"alt_text":"Music Time Tunnel","src":"https:\/\/i0.wp.com\/musicasemsegredos.com\/wp-content\/uploads\/2024\/12\/MusicTimeTunnel.jpg?fit=1200%2C686&ssl=1&resize=350%2C200","width":350,"height":200,"srcset":"https:\/\/i0.wp.com\/musicasemsegredos.com\/wp-content\/uploads\/2024\/12\/MusicTimeTunnel.jpg?fit=1200%2C686&ssl=1&resize=350%2C200 1x, https:\/\/i0.wp.com\/musicasemsegredos.com\/wp-content\/uploads\/2024\/12\/MusicTimeTunnel.jpg?fit=1200%2C686&ssl=1&resize=525%2C300 1.5x, https:\/\/i0.wp.com\/musicasemsegredos.com\/wp-content\/uploads\/2024\/12\/MusicTimeTunnel.jpg?fit=1200%2C686&ssl=1&resize=700%2C400 2x, https:\/\/i0.wp.com\/musicasemsegredos.com\/wp-content\/uploads\/2024\/12\/MusicTimeTunnel.jpg?fit=1200%2C686&ssl=1&resize=1050%2C600 3x"},"classes":[]},{"id":19510,"url":"https:\/\/musicasemsegredos.com\/index.php\/2023\/06\/22\/muito-alem-dos-12-tons-explorando-as-riquezas-da-musica-microtonal\/","url_meta":{"origin":19802,"position":5},"title":"Muito al\u00e9m dos 12 tons: explorando as Riquezas da M\u00fasica Microtonal","author":"nevesf","date":"22\/06\/2023","format":false,"excerpt":"A m\u00fasica tem o poder de nos transportar para diferentes estados de esp\u00edrito, evocar emo\u00e7\u00f5es e despertar nossa imagina\u00e7\u00e3o. Desde a antiguidade, n\u00f3s humanos buscamos explorar e expandir os limites da m\u00fasica e talvez voc\u00ea esteja se perguntando, mas o que \u00e9 isso de m\u00fasica microtonal? A m\u00fasica ocidental como\u2026","rel":"","context":"Em &quot;educacao&quot;","block_context":{"text":"educacao","link":"https:\/\/musicasemsegredos.com\/index.php\/category\/educacao\/"},"img":{"alt_text":"violao microtonal","src":"https:\/\/i0.wp.com\/musicasemsegredos.com\/wp-content\/uploads\/2023\/06\/MicrotonalGuitarBlog.png?fit=1200%2C675&ssl=1&resize=350%2C200","width":350,"height":200,"srcset":"https:\/\/i0.wp.com\/musicasemsegredos.com\/wp-content\/uploads\/2023\/06\/MicrotonalGuitarBlog.png?fit=1200%2C675&ssl=1&resize=350%2C200 1x, https:\/\/i0.wp.com\/musicasemsegredos.com\/wp-content\/uploads\/2023\/06\/MicrotonalGuitarBlog.png?fit=1200%2C675&ssl=1&resize=525%2C300 1.5x, https:\/\/i0.wp.com\/musicasemsegredos.com\/wp-content\/uploads\/2023\/06\/MicrotonalGuitarBlog.png?fit=1200%2C675&ssl=1&resize=700%2C400 2x, https:\/\/i0.wp.com\/musicasemsegredos.com\/wp-content\/uploads\/2023\/06\/MicrotonalGuitarBlog.png?fit=1200%2C675&ssl=1&resize=1050%2C600 3x"},"classes":[]}],"jetpack_likes_enabled":true,"jetpack_featured_media_url":"https:\/\/i0.wp.com\/musicasemsegredos.com\/wp-content\/uploads\/2024\/04\/heitorVilla-Lobos-1.png?fit=1280%2C699&ssl=1","_links":{"self":[{"href":"https:\/\/musicasemsegredos.com\/index.php\/wp-json\/wp\/v2\/posts\/19802","targetHints":{"allow":["GET"]}}],"collection":[{"href":"https:\/\/musicasemsegredos.com\/index.php\/wp-json\/wp\/v2\/posts"}],"about":[{"href":"https:\/\/musicasemsegredos.com\/index.php\/wp-json\/wp\/v2\/types\/post"}],"author":[{"embeddable":true,"href":"https:\/\/musicasemsegredos.com\/index.php\/wp-json\/wp\/v2\/users\/1"}],"replies":[{"embeddable":true,"href":"https:\/\/musicasemsegredos.com\/index.php\/wp-json\/wp\/v2\/comments?post=19802"}],"version-history":[{"count":35,"href":"https:\/\/musicasemsegredos.com\/index.php\/wp-json\/wp\/v2\/posts\/19802\/revisions"}],"predecessor-version":[{"id":19838,"href":"https:\/\/musicasemsegredos.com\/index.php\/wp-json\/wp\/v2\/posts\/19802\/revisions\/19838"}],"wp:featuredmedia":[{"embeddable":true,"href":"https:\/\/musicasemsegredos.com\/index.php\/wp-json\/wp\/v2\/media\/19807"}],"wp:attachment":[{"href":"https:\/\/musicasemsegredos.com\/index.php\/wp-json\/wp\/v2\/media?parent=19802"}],"wp:term":[{"taxonomy":"category","embeddable":true,"href":"https:\/\/musicasemsegredos.com\/index.php\/wp-json\/wp\/v2\/categories?post=19802"},{"taxonomy":"post_tag","embeddable":true,"href":"https:\/\/musicasemsegredos.com\/index.php\/wp-json\/wp\/v2\/tags?post=19802"}],"curies":[{"name":"wp","href":"https:\/\/api.w.org\/{rel}","templated":true}]}}