{"id":19789,"date":"2024-03-12T18:17:55","date_gmt":"2024-03-12T21:17:55","guid":{"rendered":"https:\/\/musicasemsegredos.com\/?p=19789"},"modified":"2024-03-12T18:17:57","modified_gmt":"2024-03-12T21:17:57","slug":"musica-nordestina-arranjos-e-historias-sobre-a-cancao-feira-de-mangaio-de-sivuca-e-glorinha-gadelha","status":"publish","type":"post","link":"https:\/\/musicasemsegredos.com\/index.php\/2024\/03\/12\/musica-nordestina-arranjos-e-historias-sobre-a-cancao-feira-de-mangaio-de-sivuca-e-glorinha-gadelha\/","title":{"rendered":"M\u00fasica Nordestina: Arranjos e hist\u00f3rias sobre a Can\u00e7\u00e3o Feira de Mangaio de Sivuca e Glorinha Gadelha."},"content":{"rendered":"\n<p class=\"has-drop-cap wp-block-paragraph\">Se voc\u00ea n\u00e3o \u00e9 nordestino como eu, j\u00e1 deve ter se perguntado: O que \u00e9 a feira de Mangaio?  Antes de falarmos sobre a m\u00fasica, vamos fazer uma viagem ao nordeste brasileiro para descobrir o seu significado.<\/p>\n\n\n\n<p class=\"wp-block-paragraph\">A palavra original no dicion\u00e1rio \u00e9 mangalho que refere-se a produtos de pequena lavoura e da ind\u00fastria dom\u00e9stica vendidos nas feiras e mercados do interior (Dicion\u00e1rio Aur\u00e9lio). A forma de falar do interior do nordeste brasileiro alterou a palavra para mangaio. Sivuca e Glorinha Gadelha consagram o termo em sua obra-prima Feira de Mangaio.<\/p>\n\n\n\n<h3 class=\"wp-block-heading\">A hist\u00f3ria da M\u00fasica<\/h3>\n\n\n\n<p class=\"wp-block-paragraph\">Glorinha e Sivuca moravam em Nova York na d\u00e9cada de 1970 e frente \u00e0 grande movimenta\u00e7\u00e3o na cidade tinham saudades das feiras de Itabaiana na Para\u00edba. Glorinha conta que escrevia a letra em qualquer papel que estivesse \u00e0 m\u00e3o e que usou at\u00e9 guardanapos de uma lanchonete de Nova York quando come\u00e7aram sua primeira composi\u00e7\u00e3o juntos. <\/p>\n\n\n\n<p class=\"wp-block-paragraph\">A letra de Feira de Mangaio traz o regionalismo t\u00edpico do nordeste, com palavras usadas na linguagem coloquial.  A pr\u00f3pria palavra mangaio, d\u00b4\u00e1 origem a outros voc\u00e1bulos como mangaieiro, que \u00e9 o feirante que ali trabalha o dia todo e de vez em quando vai tomar sua cachacinha comendo lambu assado, outra palavra que em outras localidades \u00e9 conhecida como nhamb\u00fam nambu ou Inhambu e \u00e9 uma ave. O loambu assado, \u00e9 um prato t\u00edpico da regi\u00e3o onde Sivuca nasceu.<\/p>\n\n\n\n<p class=\"wp-block-paragraph\">Outros regionalismos s\u00e3o cabresto de cavalo, tamb\u00e9m comum em outras regi\u00f5es \u00e9 um tipo de corda que se utiliza para obter o controle do animal, fazendo-o olhar em determinada regi\u00e3o. J\u00e1 rabichola \u00e9 uma tira de couro, usada para segurar um tipo de sela em animais de carga. A m\u00fasica traz ainda o verbo xaxar que significa ro\u00e7ar, ou preparar o campo para o plantio. Outra express\u00e3o pouco comum \u00e9 alpargata de arrasto que \u00e9 um cal\u00e7ado feito de tecido e sola de borracha ou corda. A express\u00e3o de arrasto sugere que o cal\u00e7ado \u00e9 usado de forma a arrast\u00e1-la pelo ch\u00e3o de forma relaxada ou casual ou ainda significando que a ocasi\u00e3o est\u00e1 muito boa e n\u00e3o d\u00e1 vontade ir embora.<\/p>\n\n\n\n<h3 class=\"wp-block-heading\">Letra da M\u00fasica<\/h3>\n\n\n\n<p class=\"wp-block-paragraph\">Fumo de rolo, arreio de cangaia<br>E eu tenho pra vender, quem quer comprar?<br>Bolo de milho, broa e cocada<br>Eu tenho pra vender, quem quer comprar?<\/p>\n\n\n\n<p class=\"wp-block-paragraph\">P\u00e9 de moleque, alecrim, canela<br>Moleque, sai daqui! Me deixa trabaiar<br>E Z\u00e9 saiu correndo pra feira de p\u00e1ssaros<br>E foi p\u00e1ssaro voando pra todo lugar<\/p>\n\n\n\n<p class=\"wp-block-paragraph\">Tinha uma vendinha no canto da rua<br>Onde o mangaieiro ia se animar<br>Tomar uma bicada com lambu assado<br>E olhar pra Maria do Jo\u00e1<\/p>\n\n\n\n<p class=\"wp-block-paragraph\">Cabresto de cavalo e rabichola<br>Eu tenho pra vender, quem quer comprar?<br>Farinha, rapadura, e graviola<br>Eu tenho pra vender, quem quer comprar?<\/p>\n\n\n\n<p class=\"wp-block-paragraph\">Pavio de candeeiro, panela de barro<br>Menino, eu vou-me embora, tenho que voltar<br>Xaxar o meu ro\u00e7ado que nem boi de carro<br>Alpargata de arrasto n\u00e3o quer me levar<\/p>\n\n\n\n<p class=\"wp-block-paragraph\">Porque tem um sanfoneiro no canto da rua<br>Fazendo floreio pra gente dan\u00e7ar<br>Tem o Zefa de Purcina fazendo renda<br>E o ronco do fole sem parar<\/p>\n\n\n\n<p class=\"wp-block-paragraph\">Mas \u00e9 que tem um sanfoneiro no canto da rua<br>Fazendo floreio pra gente dan\u00e7ar<br>Tem o Zefa de Purcina fazendo renda<br>E o ronco do fole sem parar<\/p>\n\n\n\n<p class=\"wp-block-paragraph\">Fumo de rolo, arreio de cangalha<br>Eu tenho pra vender, quem quer comprar?<br>Bolo de milho, broa e cocada<br>Eu tenho pra vender, quem quer comprar?<\/p>\n\n\n\n<p class=\"wp-block-paragraph\">P\u00e9 de moleque, alecrim, canela<br>Moleque, sai daqui! Me deixa trabaiar<br>E Z\u00e9 saiu correndo pra feira de p\u00e1ssaros<br>E foi p\u00e1ssaro voando em todo lugar<\/p>\n\n\n\n<p class=\"wp-block-paragraph\">Tinha uma vendinha no canto da rua<br>Onde o mangaieiro ia se animar<br>Tomar uma bicada com lambu assado<br>E olhar pra Maria do Jo\u00e1<\/p>\n\n\n\n<p class=\"wp-block-paragraph\">Mas \u00e9 que tem um sanfoneiro no canto da rua<br>Fazendo floreio pra gente dan\u00e7ar<br>Tem o Zefa de Purcina fazendo renda<br>E o ronco do fole sem parar<\/p>\n\n\n\n<h3 class=\"wp-block-heading\">Curiosidades<\/h3>\n\n\n\n<p class=\"wp-block-paragraph\">Uma curiosidade \u00e9 o nome art\u00edstico Sivuca. Voc\u00ea pode se perguntar : Por que Sivuca? Ele conta em entrevistas que quando come\u00e7ou sua carreira musical, foi at\u00e9 \u00e0 radio de Itabaiana para se inscrever no programa de calouros. Ali conheceu o Maestro Nelson Ferreira. Ap\u00f3s tocar diversas m\u00fasica, o maestro ficou espantado e disse: Mas voc\u00c7e quer participar de programa de calouro tocando desse jeito? N\u00f3s vamos fazer um programa aqui amanh\u00e3. Chamou ent\u00e3o o produtor e arranjou tudo para que o programa acontecesse. No entanto, o diretor da r\u00e1dio, Sr. Arnaldo Moreira Pinto comentou que o nome dele, Severino Dias de Oliveira, parecia nome de empresa do interior. Nelson ent\u00e3o prop\u00f4s cham\u00e1-lo de Sivuca. Si faz refer\u00eancia a Severino e vuca ao vuco-vuco da sanfona. Assim nasceu o nome art\u00edstico Sivuca.<\/p>\n\n\n\n<h3 class=\"wp-block-heading\">Arranjo para Viol\u00e3o e Bandolim<\/h3>\n\n\n\n<p class=\"wp-block-paragraph\">Originalmente Feira de Mangaio \u00e9 uma m\u00fasica tocada com sanfona, mas neste post gostaria de apresentar uma vers\u00e3o para Bandolim e viol\u00e3o e outra para violino e viol\u00e3o.<\/p>\n\n\n\n<p class=\"wp-block-paragraph\">Os arranjos mant\u00e9m a melodia original, mas trazem uma alternativa interessante para apresenta\u00e7\u00f5es com instrumentos de cordas ou para casos em que a banda n\u00e3o tenha sanfoneiros. <\/p>\n\n\n\n<h3 class=\"wp-block-heading\">Arranjo para Violino e Viol\u00e3o<\/h3>\n\n\n\n<figure class=\"wp-block-embed is-type-video is-provider-youtube wp-block-embed-youtube wp-embed-aspect-16-9 wp-has-aspect-ratio\"><div class=\"wp-block-embed__wrapper\">\n<span class=\"embed-youtube\" style=\"text-align:center; display: block;\"><iframe loading=\"lazy\" class=\"youtube-player\" width=\"660\" height=\"372\" src=\"https:\/\/www.youtube.com\/embed\/oz2c3vwk5NA?version=3&#038;rel=1&#038;showsearch=0&#038;showinfo=1&#038;iv_load_policy=1&#038;fs=1&#038;hl=pt-BR&#038;autohide=2&#038;wmode=transparent\" allowfullscreen=\"true\" style=\"border:0;\" sandbox=\"allow-scripts allow-same-origin allow-popups allow-presentation allow-popups-to-escape-sandbox\"><\/iframe><\/span>\n<\/div><figcaption class=\"wp-element-caption\">Vers\u00e3o para Violino e Viol\u00e3o<\/figcaption><\/figure>\n\n\n\n<div class=\"wp-block-buttons is-content-justification-center is-layout-flex wp-container-core-buttons-is-layout-fe48e5de wp-block-buttons-is-layout-flex\">\n<div class=\"wp-block-button\"><a class=\"wp-block-button__link wp-element-button\" href=\"https:\/\/www.sheetmusicdirect.com\/en-US\/se\/ID_No\/1496657\/Product.aspx?affiliate=65400\" target=\"_blank\" rel=\"noreferrer noopener\">Adquira a Partitura <\/a><\/div>\n<\/div>\n\n\n\n<p class=\"wp-block-paragraph\">Voc\u00ea pode adquirir a partitura desse arranjo clicando no bot\u00e3o e ser\u00e1 direcionaod para o site de partituras <a href=\"https:\/\/www.sheetmusicdirect.com\/en-US\/se\/ID_No\/1496657\/Product.aspx?affiliate=65400\" target=\"_blank\" rel=\"noreferrer noopener\">SheetMusicDirect.com.<\/a>  Nesta vers\u00e3o do arranjo, a partitura traz um arquivo em PDF contendo a partitura completa com  os dois instrumentos e mostrando tamb\u00e9m a tablatura com acordes para viol\u00e3o. No mesmo arquivo voc\u00ea tamb\u00e9m encontra as partes em separado, sendo que a partitura do viol\u00e3o traz tamb\u00e9m a tablatura.<\/p>\n\n\n\n<h3 class=\"wp-block-heading\">Arranjo para Bandolim e Viol\u00e3o<\/h3>\n\n\n\n<figure class=\"wp-block-embed is-type-video is-provider-youtube wp-block-embed-youtube wp-embed-aspect-16-9 wp-has-aspect-ratio\"><div class=\"wp-block-embed__wrapper\">\n<span class=\"embed-youtube\" style=\"text-align:center; display: block;\"><iframe loading=\"lazy\" class=\"youtube-player\" width=\"660\" height=\"372\" src=\"https:\/\/www.youtube.com\/embed\/oYjmi754TGo?version=3&#038;rel=1&#038;showsearch=0&#038;showinfo=1&#038;iv_load_policy=1&#038;fs=1&#038;hl=pt-BR&#038;autohide=2&#038;wmode=transparent\" allowfullscreen=\"true\" style=\"border:0;\" sandbox=\"allow-scripts allow-same-origin allow-popups allow-presentation allow-popups-to-escape-sandbox\"><\/iframe><\/span>\n<\/div><figcaption class=\"wp-element-caption\">Vers\u00e3o para Bandolim e Viol\u00e3o<\/figcaption><\/figure>\n\n\n\n<div class=\"wp-block-buttons is-content-justification-center is-layout-flex wp-container-core-buttons-is-layout-fe48e5de wp-block-buttons-is-layout-flex\">\n<div class=\"wp-block-button\"><a class=\"wp-block-button__link wp-element-button\" href=\"https:\/\/www.sheetmusicdirect.com\/se\/ID_No\/1496653\/Product.aspx?affiliate=65400\" target=\"_blank\" rel=\"noreferrer noopener\">Adquira a partitura<\/a><\/div>\n<\/div>\n\n\n\n<p class=\"wp-block-paragraph\">Nesta vers\u00e3o para Bandolim, al\u00e9m da tablatura para viol\u00e3o, o arquivo em pdf tamb\u00e9m traz a tablatura para bandolim. Da mesma forma que o arranjo anterior, o arquivo em PDF traz a vers\u00e3o completa, neste caso com partituras e tablaturas para ambos instrumentos, al\u00e9m das partes em separado.<\/p>\n","protected":false},"excerpt":{"rendered":"<p>Se voc\u00ea n\u00e3o \u00e9 nordestino como eu, j\u00e1 deve ter se perguntado: O que \u00e9 a feira de Mangaio? Antes de falarmos sobre a m\u00fasica, vamos fazer uma viagem ao nordeste brasileiro para descobrir o seu significado. A palavra original no dicion\u00e1rio \u00e9 mangalho que refere-se a produtos de pequena lavoura e da ind\u00fastria dom\u00e9stica &hellip; <a href=\"https:\/\/musicasemsegredos.com\/index.php\/2024\/03\/12\/musica-nordestina-arranjos-e-historias-sobre-a-cancao-feira-de-mangaio-de-sivuca-e-glorinha-gadelha\/\" class=\"more-link\">Continuar lendo <span class=\"screen-reader-text\">M\u00fasica Nordestina: Arranjos e hist\u00f3rias sobre a Can\u00e7\u00e3o Feira de Mangaio de Sivuca e Glorinha Gadelha.<\/span><\/a><\/p>\n","protected":false},"author":1,"featured_media":19798,"comment_status":"open","ping_status":"open","sticky":false,"template":"","format":"standard","meta":{"_jetpack_newsletter_access":"","_jetpack_dont_email_post_to_subs":false,"_jetpack_newsletter_tier_id":0,"_jetpack_memberships_contains_paywalled_content":false,"_jetpack_feature_clip_id":0,"_jetpack_memberships_contains_paid_content":false,"footnotes":"","jetpack_publicize_message":"","jetpack_publicize_feature_enabled":true,"jetpack_social_post_already_shared":true,"jetpack_social_options":{"image_generator_settings":{"template":"highway","default_image_id":0,"font":"","enabled":false},"version":2},"jetpack_post_was_ever_published":false},"categories":[647,666,615,178,106,718,542],"tags":[109,747,1530,1532,1531,916,1534,926,1533,5,742,1535,13,921,876,719,115,176],"class_list":["post-19789","post","type-post","status-publish","format-standard","has-post-thumbnail","hentry","category-bandolim","category-instrumento-musical","category-musica","category-partituras","category-pratica-de-instrumento","category-tablatura","category-violao","tag-bandolim","tag-brasil","tag-feira-de-mangaio","tag-gloria-gadelha","tag-glorinha-gadelha","tag-instrumental","tag-itabaiana","tag-maestro-sivuca","tag-mangaio","tag-musica","tag-nordeste","tag-paraiba","tag-partitura","tag-sivuca","tag-solo","tag-tablatura","tag-violao","tag-violino"],"aioseo_notices":[],"aioseo_head":"\n\t\t<!-- All in One SEO 5.0.1.1 - aioseo.com -->\n\t<meta name=\"description\" content=\"Se voc\u00ea n\u00e3o \u00e9 nordestino como eu, j\u00e1 deve ter se perguntado: O que \u00e9 a feira de Mangaio? Antes de falarmos sobre a m\u00fasica, vamos fazer uma viagem ao nordeste brasileiro para descobrir o seu significado. A palavra original no dicion\u00e1rio \u00e9 mangalho que refere-se a produtos de pequena lavoura e da ind\u00fastria dom\u00e9stica\" \/>\n\t<meta name=\"robots\" content=\"max-image-preview:large\" \/>\n\t<meta name=\"author\" content=\"nevesf\"\/>\n\t<link rel=\"canonical\" href=\"https:\/\/musicasemsegredos.com\/index.php\/2024\/03\/12\/musica-nordestina-arranjos-e-historias-sobre-a-cancao-feira-de-mangaio-de-sivuca-e-glorinha-gadelha\/\" \/>\n\t<meta name=\"generator\" content=\"All in One SEO (AIOSEO) 5.0.1.1\" \/>\n\t\t<meta property=\"og:locale\" content=\"pt_BR\" \/>\n\t\t<meta property=\"og:site_name\" content=\"M\u00fasica sem Segredos - Musica para todos\" \/>\n\t\t<meta property=\"og:type\" content=\"article\" \/>\n\t\t<meta property=\"og:title\" content=\"M\u00fasica Nordestina: Arranjos e hist\u00f3rias sobre a Can\u00e7\u00e3o Feira de Mangaio de Sivuca e Glorinha Gadelha. - M\u00fasica sem Segredos\" \/>\n\t\t<meta property=\"og:description\" content=\"Se voc\u00ea n\u00e3o \u00e9 nordestino como eu, j\u00e1 deve ter se perguntado: O que \u00e9 a feira de Mangaio? Antes de falarmos sobre a m\u00fasica, vamos fazer uma viagem ao nordeste brasileiro para descobrir o seu significado. A palavra original no dicion\u00e1rio \u00e9 mangalho que refere-se a produtos de pequena lavoura e da ind\u00fastria dom\u00e9stica\" \/>\n\t\t<meta property=\"og:url\" content=\"https:\/\/musicasemsegredos.com\/index.php\/2024\/03\/12\/musica-nordestina-arranjos-e-historias-sobre-a-cancao-feira-de-mangaio-de-sivuca-e-glorinha-gadelha\/\" \/>\n\t\t<meta property=\"og:image\" content=\"https:\/\/i0.wp.com\/musicasemsegredos.com\/wp-content\/uploads\/2017\/01\/cropped-cropped-MusicaSemSegredos512x512.jpg?fit=248248&#038;ssl=1\" \/>\n\t\t<meta property=\"og:image:secure_url\" content=\"https:\/\/i0.wp.com\/musicasemsegredos.com\/wp-content\/uploads\/2017\/01\/cropped-cropped-MusicaSemSegredos512x512.jpg?fit=248248&#038;ssl=1\" \/>\n\t\t<meta property=\"article:published_time\" content=\"2024-03-12T21:17:55+00:00\" \/>\n\t\t<meta property=\"article:modified_time\" content=\"2024-03-12T21:17:57+00:00\" \/>\n\t\t<meta name=\"twitter:card\" content=\"summary_large_image\" \/>\n\t\t<meta name=\"twitter:title\" content=\"M\u00fasica Nordestina: Arranjos e hist\u00f3rias sobre a Can\u00e7\u00e3o Feira de Mangaio de Sivuca e Glorinha Gadelha. - M\u00fasica sem Segredos\" \/>\n\t\t<meta name=\"twitter:description\" content=\"Se voc\u00ea n\u00e3o \u00e9 nordestino como eu, j\u00e1 deve ter se perguntado: O que \u00e9 a feira de Mangaio? Antes de falarmos sobre a m\u00fasica, vamos fazer uma viagem ao nordeste brasileiro para descobrir o seu significado. A palavra original no dicion\u00e1rio \u00e9 mangalho que refere-se a produtos de pequena lavoura e da ind\u00fastria dom\u00e9stica\" \/>\n\t\t<meta name=\"twitter:image\" content=\"https:\/\/i0.wp.com\/musicasemsegredos.com\/wp-content\/uploads\/2017\/01\/cropped-cropped-MusicaSemSegredos512x512.jpg?fit=248248&amp;ssl=1\" \/>\n\t\t<script type=\"application\/ld+json\" class=\"aioseo-schema\">\n\t\t\t{\"@context\":\"https:\\\/\\\/schema.org\",\"@graph\":[{\"@type\":\"BlogPosting\",\"@id\":\"https:\\\/\\\/musicasemsegredos.com\\\/index.php\\\/2024\\\/03\\\/12\\\/musica-nordestina-arranjos-e-historias-sobre-a-cancao-feira-de-mangaio-de-sivuca-e-glorinha-gadelha\\\/#blogposting\",\"name\":\"M\\u00fasica Nordestina: Arranjos e hist\\u00f3rias sobre a Can\\u00e7\\u00e3o Feira de Mangaio de Sivuca e Glorinha Gadelha. - M\\u00fasica sem Segredos\",\"headline\":\"M\\u00fasica Nordestina: Arranjos e hist\\u00f3rias sobre a Can\\u00e7\\u00e3o Feira de Mangaio de Sivuca e Glorinha Gadelha.\",\"author\":{\"@id\":\"https:\\\/\\\/musicasemsegredos.com\\\/index.php\\\/author\\\/nevesf\\\/#author\"},\"publisher\":{\"@id\":\"https:\\\/\\\/musicasemsegredos.com\\\/#organization\"},\"image\":{\"@type\":\"ImageObject\",\"url\":\"https:\\\/\\\/i0.wp.com\\\/musicasemsegredos.com\\\/wp-content\\\/uploads\\\/2024\\\/03\\\/Feira-de-Mangaio-Mandolin.png?fit=1280%2C720&ssl=1\",\"width\":1280,\"height\":720,\"caption\":\"Feira de Mangaio\"},\"datePublished\":\"2024-03-12T18:17:55-03:00\",\"dateModified\":\"2024-03-12T18:17:57-03:00\",\"inLanguage\":\"pt-BR\",\"mainEntityOfPage\":{\"@id\":\"https:\\\/\\\/musicasemsegredos.com\\\/index.php\\\/2024\\\/03\\\/12\\\/musica-nordestina-arranjos-e-historias-sobre-a-cancao-feira-de-mangaio-de-sivuca-e-glorinha-gadelha\\\/#webpage\"},\"isPartOf\":{\"@id\":\"https:\\\/\\\/musicasemsegredos.com\\\/index.php\\\/2024\\\/03\\\/12\\\/musica-nordestina-arranjos-e-historias-sobre-a-cancao-feira-de-mangaio-de-sivuca-e-glorinha-gadelha\\\/#webpage\"},\"articleSection\":\"bandolim, Instrumento Musical, musica, Partituras, Pr\\u00e1tica de instrumento, tablatura, viol\\u00e3o, bandolim, Brasil, feira de mangaio, gloria gadelha, glorinha gadelha, instrumental, Itabaiana, maestro sivuca, mangaio, musica, nordeste, paraiba, partitura, sivuca, solo, tablatura, viol\\u00e3o, violino\"},{\"@type\":\"BreadcrumbList\",\"@id\":\"https:\\\/\\\/musicasemsegredos.com\\\/index.php\\\/2024\\\/03\\\/12\\\/musica-nordestina-arranjos-e-historias-sobre-a-cancao-feira-de-mangaio-de-sivuca-e-glorinha-gadelha\\\/#breadcrumblist\",\"itemListElement\":[{\"@type\":\"ListItem\",\"@id\":\"https:\\\/\\\/musicasemsegredos.com#listItem\",\"position\":1,\"name\":\"Home\",\"item\":\"https:\\\/\\\/musicasemsegredos.com\",\"nextItem\":{\"@type\":\"ListItem\",\"@id\":\"https:\\\/\\\/musicasemsegredos.com\\\/index.php\\\/category\\\/pratica-de-instrumento\\\/#listItem\",\"name\":\"Pr\\u00e1tica de instrumento\"}},{\"@type\":\"ListItem\",\"@id\":\"https:\\\/\\\/musicasemsegredos.com\\\/index.php\\\/category\\\/pratica-de-instrumento\\\/#listItem\",\"position\":2,\"name\":\"Pr\\u00e1tica de instrumento\",\"item\":\"https:\\\/\\\/musicasemsegredos.com\\\/index.php\\\/category\\\/pratica-de-instrumento\\\/\",\"nextItem\":{\"@type\":\"ListItem\",\"@id\":\"https:\\\/\\\/musicasemsegredos.com\\\/index.php\\\/2024\\\/03\\\/12\\\/musica-nordestina-arranjos-e-historias-sobre-a-cancao-feira-de-mangaio-de-sivuca-e-glorinha-gadelha\\\/#listItem\",\"name\":\"M\\u00fasica Nordestina: Arranjos e hist\\u00f3rias sobre a Can\\u00e7\\u00e3o Feira de Mangaio de Sivuca e Glorinha Gadelha.\"},\"previousItem\":{\"@type\":\"ListItem\",\"@id\":\"https:\\\/\\\/musicasemsegredos.com#listItem\",\"name\":\"Home\"}},{\"@type\":\"ListItem\",\"@id\":\"https:\\\/\\\/musicasemsegredos.com\\\/index.php\\\/2024\\\/03\\\/12\\\/musica-nordestina-arranjos-e-historias-sobre-a-cancao-feira-de-mangaio-de-sivuca-e-glorinha-gadelha\\\/#listItem\",\"position\":3,\"name\":\"M\\u00fasica Nordestina: Arranjos e hist\\u00f3rias sobre a Can\\u00e7\\u00e3o Feira de Mangaio de Sivuca e Glorinha Gadelha.\",\"previousItem\":{\"@type\":\"ListItem\",\"@id\":\"https:\\\/\\\/musicasemsegredos.com\\\/index.php\\\/category\\\/pratica-de-instrumento\\\/#listItem\",\"name\":\"Pr\\u00e1tica de instrumento\"}}]},{\"@type\":\"Organization\",\"@id\":\"https:\\\/\\\/musicasemsegredos.com\\\/#organization\",\"name\":\"M\\u00fasica sem Segredos\",\"description\":\"Musica para todos\",\"url\":\"https:\\\/\\\/musicasemsegredos.com\\\/\",\"logo\":{\"@type\":\"ImageObject\",\"url\":\"https:\\\/\\\/i0.wp.com\\\/musicasemsegredos.com\\\/wp-content\\\/uploads\\\/2017\\\/01\\\/cropped-cropped-MusicaSemSegredos512x512.jpg?fit=248%2C248&ssl=1\",\"@id\":\"https:\\\/\\\/musicasemsegredos.com\\\/index.php\\\/2024\\\/03\\\/12\\\/musica-nordestina-arranjos-e-historias-sobre-a-cancao-feira-de-mangaio-de-sivuca-e-glorinha-gadelha\\\/#organizationLogo\",\"width\":248,\"height\":248},\"image\":{\"@id\":\"https:\\\/\\\/musicasemsegredos.com\\\/index.php\\\/2024\\\/03\\\/12\\\/musica-nordestina-arranjos-e-historias-sobre-a-cancao-feira-de-mangaio-de-sivuca-e-glorinha-gadelha\\\/#organizationLogo\"}},{\"@type\":\"Person\",\"@id\":\"https:\\\/\\\/musicasemsegredos.com\\\/index.php\\\/author\\\/nevesf\\\/#author\",\"url\":\"https:\\\/\\\/musicasemsegredos.com\\\/index.php\\\/author\\\/nevesf\\\/\",\"name\":\"nevesf\",\"image\":{\"@type\":\"ImageObject\",\"@id\":\"https:\\\/\\\/musicasemsegredos.com\\\/index.php\\\/2024\\\/03\\\/12\\\/musica-nordestina-arranjos-e-historias-sobre-a-cancao-feira-de-mangaio-de-sivuca-e-glorinha-gadelha\\\/#authorImage\",\"url\":\"https:\\\/\\\/secure.gravatar.com\\\/avatar\\\/40a180061deabb68d04bd9f812bde2b372b5d57984baf7dd947ee866377d90fb?s=96&d=blank&r=g\",\"width\":96,\"height\":96,\"caption\":\"nevesf\"}},{\"@type\":\"WebPage\",\"@id\":\"https:\\\/\\\/musicasemsegredos.com\\\/index.php\\\/2024\\\/03\\\/12\\\/musica-nordestina-arranjos-e-historias-sobre-a-cancao-feira-de-mangaio-de-sivuca-e-glorinha-gadelha\\\/#webpage\",\"url\":\"https:\\\/\\\/musicasemsegredos.com\\\/index.php\\\/2024\\\/03\\\/12\\\/musica-nordestina-arranjos-e-historias-sobre-a-cancao-feira-de-mangaio-de-sivuca-e-glorinha-gadelha\\\/\",\"name\":\"M\\u00fasica Nordestina: Arranjos e hist\\u00f3rias sobre a Can\\u00e7\\u00e3o Feira de Mangaio de Sivuca e Glorinha Gadelha. - M\\u00fasica sem Segredos\",\"description\":\"Se voc\\u00ea n\\u00e3o \\u00e9 nordestino como eu, j\\u00e1 deve ter se perguntado: O que \\u00e9 a feira de Mangaio? Antes de falarmos sobre a m\\u00fasica, vamos fazer uma viagem ao nordeste brasileiro para descobrir o seu significado. A palavra original no dicion\\u00e1rio \\u00e9 mangalho que refere-se a produtos de pequena lavoura e da ind\\u00fastria dom\\u00e9stica\",\"inLanguage\":\"pt-BR\",\"isPartOf\":{\"@id\":\"https:\\\/\\\/musicasemsegredos.com\\\/#website\"},\"breadcrumb\":{\"@id\":\"https:\\\/\\\/musicasemsegredos.com\\\/index.php\\\/2024\\\/03\\\/12\\\/musica-nordestina-arranjos-e-historias-sobre-a-cancao-feira-de-mangaio-de-sivuca-e-glorinha-gadelha\\\/#breadcrumblist\"},\"author\":{\"@id\":\"https:\\\/\\\/musicasemsegredos.com\\\/index.php\\\/author\\\/nevesf\\\/#author\"},\"creator\":{\"@id\":\"https:\\\/\\\/musicasemsegredos.com\\\/index.php\\\/author\\\/nevesf\\\/#author\"},\"image\":{\"@type\":\"ImageObject\",\"url\":\"https:\\\/\\\/i0.wp.com\\\/musicasemsegredos.com\\\/wp-content\\\/uploads\\\/2024\\\/03\\\/Feira-de-Mangaio-Mandolin.png?fit=1280%2C720&ssl=1\",\"@id\":\"https:\\\/\\\/musicasemsegredos.com\\\/index.php\\\/2024\\\/03\\\/12\\\/musica-nordestina-arranjos-e-historias-sobre-a-cancao-feira-de-mangaio-de-sivuca-e-glorinha-gadelha\\\/#mainImage\",\"width\":1280,\"height\":720,\"caption\":\"Feira de Mangaio\"},\"primaryImageOfPage\":{\"@id\":\"https:\\\/\\\/musicasemsegredos.com\\\/index.php\\\/2024\\\/03\\\/12\\\/musica-nordestina-arranjos-e-historias-sobre-a-cancao-feira-de-mangaio-de-sivuca-e-glorinha-gadelha\\\/#mainImage\"},\"datePublished\":\"2024-03-12T18:17:55-03:00\",\"dateModified\":\"2024-03-12T18:17:57-03:00\"},{\"@type\":\"WebSite\",\"@id\":\"https:\\\/\\\/musicasemsegredos.com\\\/#website\",\"url\":\"https:\\\/\\\/musicasemsegredos.com\\\/\",\"name\":\"M\\u00fasica sem Segredos\",\"description\":\"Musica para todos\",\"inLanguage\":\"pt-BR\",\"publisher\":{\"@id\":\"https:\\\/\\\/musicasemsegredos.com\\\/#organization\"}}]}\n\t\t<\/script>\n\t\t<!-- All in One SEO -->\n\n","aioseo_head_json":{"title":"M\u00fasica Nordestina: Arranjos e hist\u00f3rias sobre a Can\u00e7\u00e3o Feira de Mangaio de Sivuca e Glorinha Gadelha. - M\u00fasica sem Segredos","description":"Se voc\u00ea n\u00e3o \u00e9 nordestino como eu, j\u00e1 deve ter se perguntado: O que \u00e9 a feira de Mangaio? Antes de falarmos sobre a m\u00fasica, vamos fazer uma viagem ao nordeste brasileiro para descobrir o seu significado. A palavra original no dicion\u00e1rio \u00e9 mangalho que refere-se a produtos de pequena lavoura e da ind\u00fastria dom\u00e9stica","canonical_url":"https:\/\/musicasemsegredos.com\/index.php\/2024\/03\/12\/musica-nordestina-arranjos-e-historias-sobre-a-cancao-feira-de-mangaio-de-sivuca-e-glorinha-gadelha\/","robots":"max-image-preview:large","keywords":"","webmasterTools":{"miscellaneous":""},"schema":{"@context":"https:\/\/schema.org","@graph":[{"@type":"BlogPosting","@id":"https:\/\/musicasemsegredos.com\/index.php\/2024\/03\/12\/musica-nordestina-arranjos-e-historias-sobre-a-cancao-feira-de-mangaio-de-sivuca-e-glorinha-gadelha\/#blogposting","name":"M\u00fasica Nordestina: Arranjos e hist\u00f3rias sobre a Can\u00e7\u00e3o Feira de Mangaio de Sivuca e Glorinha Gadelha. - M\u00fasica sem Segredos","headline":"M\u00fasica Nordestina: Arranjos e hist\u00f3rias sobre a Can\u00e7\u00e3o Feira de Mangaio de Sivuca e Glorinha Gadelha.","author":{"@id":"https:\/\/musicasemsegredos.com\/index.php\/author\/nevesf\/#author"},"publisher":{"@id":"https:\/\/musicasemsegredos.com\/#organization"},"image":{"@type":"ImageObject","url":"https:\/\/i0.wp.com\/musicasemsegredos.com\/wp-content\/uploads\/2024\/03\/Feira-de-Mangaio-Mandolin.png?fit=1280%2C720&ssl=1","width":1280,"height":720,"caption":"Feira de Mangaio"},"datePublished":"2024-03-12T18:17:55-03:00","dateModified":"2024-03-12T18:17:57-03:00","inLanguage":"pt-BR","mainEntityOfPage":{"@id":"https:\/\/musicasemsegredos.com\/index.php\/2024\/03\/12\/musica-nordestina-arranjos-e-historias-sobre-a-cancao-feira-de-mangaio-de-sivuca-e-glorinha-gadelha\/#webpage"},"isPartOf":{"@id":"https:\/\/musicasemsegredos.com\/index.php\/2024\/03\/12\/musica-nordestina-arranjos-e-historias-sobre-a-cancao-feira-de-mangaio-de-sivuca-e-glorinha-gadelha\/#webpage"},"articleSection":"bandolim, Instrumento Musical, musica, Partituras, Pr\u00e1tica de instrumento, tablatura, viol\u00e3o, bandolim, Brasil, feira de mangaio, gloria gadelha, glorinha gadelha, instrumental, Itabaiana, maestro sivuca, mangaio, musica, nordeste, paraiba, partitura, sivuca, solo, tablatura, viol\u00e3o, violino"},{"@type":"BreadcrumbList","@id":"https:\/\/musicasemsegredos.com\/index.php\/2024\/03\/12\/musica-nordestina-arranjos-e-historias-sobre-a-cancao-feira-de-mangaio-de-sivuca-e-glorinha-gadelha\/#breadcrumblist","itemListElement":[{"@type":"ListItem","@id":"https:\/\/musicasemsegredos.com#listItem","position":1,"name":"Home","item":"https:\/\/musicasemsegredos.com","nextItem":{"@type":"ListItem","@id":"https:\/\/musicasemsegredos.com\/index.php\/category\/pratica-de-instrumento\/#listItem","name":"Pr\u00e1tica de instrumento"}},{"@type":"ListItem","@id":"https:\/\/musicasemsegredos.com\/index.php\/category\/pratica-de-instrumento\/#listItem","position":2,"name":"Pr\u00e1tica de instrumento","item":"https:\/\/musicasemsegredos.com\/index.php\/category\/pratica-de-instrumento\/","nextItem":{"@type":"ListItem","@id":"https:\/\/musicasemsegredos.com\/index.php\/2024\/03\/12\/musica-nordestina-arranjos-e-historias-sobre-a-cancao-feira-de-mangaio-de-sivuca-e-glorinha-gadelha\/#listItem","name":"M\u00fasica Nordestina: Arranjos e hist\u00f3rias sobre a Can\u00e7\u00e3o Feira de Mangaio de Sivuca e Glorinha Gadelha."},"previousItem":{"@type":"ListItem","@id":"https:\/\/musicasemsegredos.com#listItem","name":"Home"}},{"@type":"ListItem","@id":"https:\/\/musicasemsegredos.com\/index.php\/2024\/03\/12\/musica-nordestina-arranjos-e-historias-sobre-a-cancao-feira-de-mangaio-de-sivuca-e-glorinha-gadelha\/#listItem","position":3,"name":"M\u00fasica Nordestina: Arranjos e hist\u00f3rias sobre a Can\u00e7\u00e3o Feira de Mangaio de Sivuca e Glorinha Gadelha.","previousItem":{"@type":"ListItem","@id":"https:\/\/musicasemsegredos.com\/index.php\/category\/pratica-de-instrumento\/#listItem","name":"Pr\u00e1tica de instrumento"}}]},{"@type":"Organization","@id":"https:\/\/musicasemsegredos.com\/#organization","name":"M\u00fasica sem Segredos","description":"Musica para todos","url":"https:\/\/musicasemsegredos.com\/","logo":{"@type":"ImageObject","url":"https:\/\/i0.wp.com\/musicasemsegredos.com\/wp-content\/uploads\/2017\/01\/cropped-cropped-MusicaSemSegredos512x512.jpg?fit=248%2C248&ssl=1","@id":"https:\/\/musicasemsegredos.com\/index.php\/2024\/03\/12\/musica-nordestina-arranjos-e-historias-sobre-a-cancao-feira-de-mangaio-de-sivuca-e-glorinha-gadelha\/#organizationLogo","width":248,"height":248},"image":{"@id":"https:\/\/musicasemsegredos.com\/index.php\/2024\/03\/12\/musica-nordestina-arranjos-e-historias-sobre-a-cancao-feira-de-mangaio-de-sivuca-e-glorinha-gadelha\/#organizationLogo"}},{"@type":"Person","@id":"https:\/\/musicasemsegredos.com\/index.php\/author\/nevesf\/#author","url":"https:\/\/musicasemsegredos.com\/index.php\/author\/nevesf\/","name":"nevesf","image":{"@type":"ImageObject","@id":"https:\/\/musicasemsegredos.com\/index.php\/2024\/03\/12\/musica-nordestina-arranjos-e-historias-sobre-a-cancao-feira-de-mangaio-de-sivuca-e-glorinha-gadelha\/#authorImage","url":"https:\/\/secure.gravatar.com\/avatar\/40a180061deabb68d04bd9f812bde2b372b5d57984baf7dd947ee866377d90fb?s=96&d=blank&r=g","width":96,"height":96,"caption":"nevesf"}},{"@type":"WebPage","@id":"https:\/\/musicasemsegredos.com\/index.php\/2024\/03\/12\/musica-nordestina-arranjos-e-historias-sobre-a-cancao-feira-de-mangaio-de-sivuca-e-glorinha-gadelha\/#webpage","url":"https:\/\/musicasemsegredos.com\/index.php\/2024\/03\/12\/musica-nordestina-arranjos-e-historias-sobre-a-cancao-feira-de-mangaio-de-sivuca-e-glorinha-gadelha\/","name":"M\u00fasica Nordestina: Arranjos e hist\u00f3rias sobre a Can\u00e7\u00e3o Feira de Mangaio de Sivuca e Glorinha Gadelha. - M\u00fasica sem Segredos","description":"Se voc\u00ea n\u00e3o \u00e9 nordestino como eu, j\u00e1 deve ter se perguntado: O que \u00e9 a feira de Mangaio? Antes de falarmos sobre a m\u00fasica, vamos fazer uma viagem ao nordeste brasileiro para descobrir o seu significado. A palavra original no dicion\u00e1rio \u00e9 mangalho que refere-se a produtos de pequena lavoura e da ind\u00fastria dom\u00e9stica","inLanguage":"pt-BR","isPartOf":{"@id":"https:\/\/musicasemsegredos.com\/#website"},"breadcrumb":{"@id":"https:\/\/musicasemsegredos.com\/index.php\/2024\/03\/12\/musica-nordestina-arranjos-e-historias-sobre-a-cancao-feira-de-mangaio-de-sivuca-e-glorinha-gadelha\/#breadcrumblist"},"author":{"@id":"https:\/\/musicasemsegredos.com\/index.php\/author\/nevesf\/#author"},"creator":{"@id":"https:\/\/musicasemsegredos.com\/index.php\/author\/nevesf\/#author"},"image":{"@type":"ImageObject","url":"https:\/\/i0.wp.com\/musicasemsegredos.com\/wp-content\/uploads\/2024\/03\/Feira-de-Mangaio-Mandolin.png?fit=1280%2C720&ssl=1","@id":"https:\/\/musicasemsegredos.com\/index.php\/2024\/03\/12\/musica-nordestina-arranjos-e-historias-sobre-a-cancao-feira-de-mangaio-de-sivuca-e-glorinha-gadelha\/#mainImage","width":1280,"height":720,"caption":"Feira de Mangaio"},"primaryImageOfPage":{"@id":"https:\/\/musicasemsegredos.com\/index.php\/2024\/03\/12\/musica-nordestina-arranjos-e-historias-sobre-a-cancao-feira-de-mangaio-de-sivuca-e-glorinha-gadelha\/#mainImage"},"datePublished":"2024-03-12T18:17:55-03:00","dateModified":"2024-03-12T18:17:57-03:00"},{"@type":"WebSite","@id":"https:\/\/musicasemsegredos.com\/#website","url":"https:\/\/musicasemsegredos.com\/","name":"M\u00fasica sem Segredos","description":"Musica para todos","inLanguage":"pt-BR","publisher":{"@id":"https:\/\/musicasemsegredos.com\/#organization"}}]},"og:locale":"pt_BR","og:site_name":"M\u00fasica sem Segredos - Musica para todos","og:type":"article","og:title":"M\u00fasica Nordestina: Arranjos e hist\u00f3rias sobre a Can\u00e7\u00e3o Feira de Mangaio de Sivuca e Glorinha Gadelha. - M\u00fasica sem Segredos","og:description":"Se voc\u00ea n\u00e3o \u00e9 nordestino como eu, j\u00e1 deve ter se perguntado: O que \u00e9 a feira de Mangaio? Antes de falarmos sobre a m\u00fasica, vamos fazer uma viagem ao nordeste brasileiro para descobrir o seu significado. A palavra original no dicion\u00e1rio \u00e9 mangalho que refere-se a produtos de pequena lavoura e da ind\u00fastria dom\u00e9stica","og:url":"https:\/\/musicasemsegredos.com\/index.php\/2024\/03\/12\/musica-nordestina-arranjos-e-historias-sobre-a-cancao-feira-de-mangaio-de-sivuca-e-glorinha-gadelha\/","og:image":"https:\/\/i0.wp.com\/musicasemsegredos.com\/wp-content\/uploads\/2017\/01\/cropped-cropped-MusicaSemSegredos512x512.jpg?fit=248248&#038;ssl=1","og:image:secure_url":"https:\/\/i0.wp.com\/musicasemsegredos.com\/wp-content\/uploads\/2017\/01\/cropped-cropped-MusicaSemSegredos512x512.jpg?fit=248248&#038;ssl=1","article:published_time":"2024-03-12T21:17:55+00:00","article:modified_time":"2024-03-12T21:17:57+00:00","twitter:card":"summary_large_image","twitter:title":"M\u00fasica Nordestina: Arranjos e hist\u00f3rias sobre a Can\u00e7\u00e3o Feira de Mangaio de Sivuca e Glorinha Gadelha. - M\u00fasica sem Segredos","twitter:description":"Se voc\u00ea n\u00e3o \u00e9 nordestino como eu, j\u00e1 deve ter se perguntado: O que \u00e9 a feira de Mangaio? Antes de falarmos sobre a m\u00fasica, vamos fazer uma viagem ao nordeste brasileiro para descobrir o seu significado. A palavra original no dicion\u00e1rio \u00e9 mangalho que refere-se a produtos de pequena lavoura e da ind\u00fastria dom\u00e9stica","twitter:image":"https:\/\/i0.wp.com\/musicasemsegredos.com\/wp-content\/uploads\/2017\/01\/cropped-cropped-MusicaSemSegredos512x512.jpg?fit=248248&ssl=1"},"aioseo_meta_data":{"post_id":"19789","title":null,"description":null,"keywords":null,"keyphrases":{"focus":[],"additional":[]},"focus_keyword":null,"additional_keywords":null,"truseo_locale":null,"primary_term":null,"canonical_url":null,"og_title":null,"og_description":null,"og_object_type":"default","og_image_type":"default","og_image_custom_url":null,"og_image_custom_fields":null,"og_image_url":null,"og_image_width":null,"og_image_height":null,"og_video":null,"og_custom_url":null,"og_article_section":null,"og_article_tags":null,"twitter_use_og":false,"twitter_card":"default","twitter_image_type":"default","twitter_image_custom_url":null,"twitter_image_custom_fields":null,"twitter_image_url":null,"twitter_title":null,"twitter_description":null,"schema_type":"default","schema_type_options":null,"schema":{"blockGraphs":[],"customGraphs":[],"default":{"data":{"Article":[],"Course":[],"Dataset":[],"FAQPage":[],"Movie":[],"Person":[],"Product":[],"ProductReview":[],"Car":[],"Recipe":[],"Service":[],"SoftwareApplication":[],"WebPage":[]},"graphName":"","isEnabled":true},"graphs":[]},"pillar_content":false,"robots_default":true,"robots_noindex":false,"robots_noarchive":false,"robots_nosnippet":false,"robots_nofollow":false,"robots_noimageindex":false,"robots_noodp":false,"robots_notranslate":false,"robots_max_snippet":null,"robots_max_videopreview":null,"robots_max_imagepreview":"large","priority":null,"frequency":null,"local_seo":null,"limit_modified_date":false,"ai":null,"breadcrumb_settings":null,"seo_analyzer_scan_date":null,"created":"2026-09-02 17:28:42","updated":"2026-09-02 23:35:08"},"aioseo_breadcrumb":"<div class=\"aioseo-breadcrumbs\"><span class=\"aioseo-breadcrumb\">\n\t\t\t<a href=\"https:\/\/musicasemsegredos.com\" title=\"Home\">Home<\/a>\n\t\t<\/span><span class=\"aioseo-breadcrumb-separator\">&raquo;<\/span><span class=\"aioseo-breadcrumb\">\n\t\t\t<a href=\"https:\/\/musicasemsegredos.com\/index.php\/category\/pratica-de-instrumento\/\" title=\"Pr\u00e1tica de instrumento\">Pr\u00e1tica de instrumento<\/a>\n\t\t<\/span><span class=\"aioseo-breadcrumb-separator\">&raquo;<\/span><span class=\"aioseo-breadcrumb\">\n\t\t\tM\u00fasica Nordestina: Arranjos e hist\u00f3rias sobre a Can\u00e7\u00e3o Feira de Mangaio de Sivuca e Glorinha Gadelha.\n\t\t<\/span><\/div>","aioseo_breadcrumb_json":[{"label":"Home","link":"https:\/\/musicasemsegredos.com"},{"label":"Pr\u00e1tica de instrumento","link":"https:\/\/musicasemsegredos.com\/index.php\/category\/pratica-de-instrumento\/"},{"label":"M\u00fasica Nordestina: Arranjos e hist\u00f3rias sobre a Can\u00e7\u00e3o Feira de Mangaio de Sivuca e Glorinha Gadelha.","link":"https:\/\/musicasemsegredos.com\/index.php\/2024\/03\/12\/musica-nordestina-arranjos-e-historias-sobre-a-cancao-feira-de-mangaio-de-sivuca-e-glorinha-gadelha\/"}],"jetpack_publicize_connections":[],"jetpack_sharing_enabled":true,"jetpack_shortlink":"https:\/\/wp.me\/p8f7pv-59b","jetpack-related-posts":[{"id":19768,"url":"https:\/\/musicasemsegredos.com\/index.php\/2024\/01\/25\/fur-elise-de-beethoven-para-violino-bandolim-e-violao-completo\/","url_meta":{"origin":19789,"position":0},"title":"F\u00fcr Elise de Beethoven para Violino, Bandolim e Viol\u00e3o (Completo).","author":"nevesf","date":"25\/01\/2024","format":false,"excerpt":"Ludwig van Beethoven, um dos maiores compositores da hist\u00f3ria, comp\u00f4s esta pequena obra, por volta de 1809 ou 1810, supostamente em homenagem a uma senhora a quem ele prop\u00f4s casamento, chamada Therese Malfatti, sobrinha do Dr. Giovanni Malfatti, um m\u00e9dico italiano que se estabeleceu em Viena em 1795. O Dr.\u2026","rel":"","context":"Em &quot;bandolim&quot;","block_context":{"text":"bandolim","link":"https:\/\/musicasemsegredos.com\/index.php\/category\/bandolim\/"},"img":{"alt_text":"fur Elise para viol\u00e3o, violino e bandolim","src":"https:\/\/i0.wp.com\/musicasemsegredos.com\/wp-content\/uploads\/2024\/01\/Fur-Elise-PostMakingMusic2.png?fit=1200%2C620&ssl=1&resize=350%2C200","width":350,"height":200,"srcset":"https:\/\/i0.wp.com\/musicasemsegredos.com\/wp-content\/uploads\/2024\/01\/Fur-Elise-PostMakingMusic2.png?fit=1200%2C620&ssl=1&resize=350%2C200 1x, https:\/\/i0.wp.com\/musicasemsegredos.com\/wp-content\/uploads\/2024\/01\/Fur-Elise-PostMakingMusic2.png?fit=1200%2C620&ssl=1&resize=525%2C300 1.5x, https:\/\/i0.wp.com\/musicasemsegredos.com\/wp-content\/uploads\/2024\/01\/Fur-Elise-PostMakingMusic2.png?fit=1200%2C620&ssl=1&resize=700%2C400 2x, https:\/\/i0.wp.com\/musicasemsegredos.com\/wp-content\/uploads\/2024\/01\/Fur-Elise-PostMakingMusic2.png?fit=1200%2C620&ssl=1&resize=1050%2C600 3x"},"classes":[]},{"id":18499,"url":"https:\/\/musicasemsegredos.com\/index.php\/2020\/02\/19\/como-adicionar-tablatura-de-bandolim-no-musescore\/","url_meta":{"origin":19789,"position":1},"title":"Como Adicionar tablatura de Bandolim no Musescore","author":"nevesf","date":"19\/02\/2020","format":false,"excerpt":"Tablaturas dispon\u00edveis Os usu\u00e1rios do Musescore podem utilizar as tablaturas para instrumentos de cordas. A\u00a0 vers\u00e3o 3 do programa j\u00e1 traz tablaturas para instrumentos que antes n\u00e3o eram encontrados na lista como, por exemplo, Banjo, Baixo El\u00e9trico, Baixo El\u00e9trico de 5 cordas e Ukulele. Eles s\u00e3o encontrados na lista de\u2026","rel":"","context":"Em &quot;bandolim&quot;","block_context":{"text":"bandolim","link":"https:\/\/musicasemsegredos.com\/index.php\/category\/bandolim\/"},"img":{"alt_text":"","src":"https:\/\/i0.wp.com\/musicasemsegredos.com\/wp-content\/uploads\/2020\/02\/strings-4717599_1920.jpg?fit=1200%2C800&ssl=1&resize=350%2C200","width":350,"height":200,"srcset":"https:\/\/i0.wp.com\/musicasemsegredos.com\/wp-content\/uploads\/2020\/02\/strings-4717599_1920.jpg?fit=1200%2C800&ssl=1&resize=350%2C200 1x, https:\/\/i0.wp.com\/musicasemsegredos.com\/wp-content\/uploads\/2020\/02\/strings-4717599_1920.jpg?fit=1200%2C800&ssl=1&resize=525%2C300 1.5x, https:\/\/i0.wp.com\/musicasemsegredos.com\/wp-content\/uploads\/2020\/02\/strings-4717599_1920.jpg?fit=1200%2C800&ssl=1&resize=700%2C400 2x, https:\/\/i0.wp.com\/musicasemsegredos.com\/wp-content\/uploads\/2020\/02\/strings-4717599_1920.jpg?fit=1200%2C800&ssl=1&resize=1050%2C600 3x"},"classes":[]},{"id":379,"url":"https:\/\/musicasemsegredos.com\/index.php\/2017\/02\/03\/o-que-e-tabladura-e-para-que-serve\/","url_meta":{"origin":19789,"position":2},"title":"O que \u00e9 Tablatura e para que serve?","author":"nevesf","date":"03\/02\/2017","format":false,"excerpt":"Enquanto o pentagrama \u00e9 um sistema que registra as alturas e ritmos da m\u00fasica, a tablatura ou TAB simboliza as cordas do instrumento. Ent\u00e3o uma tablatura para viol\u00e3o \u00e9 diferente de uma tablatura de cavaquinho ou bandolim. Hist\u00f3ria Apesar de seu uso no rock e m\u00fasica pop, a tablatura nasceu\u2026","rel":"","context":"Em &quot;Pr\u00e1tica de instrumento&quot;","block_context":{"text":"Pr\u00e1tica de instrumento","link":"https:\/\/musicasemsegredos.com\/index.php\/category\/pratica-de-instrumento\/"},"img":{"alt_text":"","src":"https:\/\/i0.wp.com\/musicasemsegredos.com\/wp-content\/uploads\/2017\/02\/tabPalheta-1.jpg?fit=1200%2C900&ssl=1&resize=350%2C200","width":350,"height":200,"srcset":"https:\/\/i0.wp.com\/musicasemsegredos.com\/wp-content\/uploads\/2017\/02\/tabPalheta-1.jpg?fit=1200%2C900&ssl=1&resize=350%2C200 1x, https:\/\/i0.wp.com\/musicasemsegredos.com\/wp-content\/uploads\/2017\/02\/tabPalheta-1.jpg?fit=1200%2C900&ssl=1&resize=525%2C300 1.5x, https:\/\/i0.wp.com\/musicasemsegredos.com\/wp-content\/uploads\/2017\/02\/tabPalheta-1.jpg?fit=1200%2C900&ssl=1&resize=700%2C400 2x, https:\/\/i0.wp.com\/musicasemsegredos.com\/wp-content\/uploads\/2017\/02\/tabPalheta-1.jpg?fit=1200%2C900&ssl=1&resize=1050%2C600 3x"},"classes":[]},{"id":19593,"url":"https:\/\/musicasemsegredos.com\/index.php\/2023\/07\/25\/mandolin-tabs-4-you-canal-no-youtube-com-tablaturas-e-partituras-para-bandolim\/","url_meta":{"origin":19789,"position":3},"title":"&#8220;Mandolin Tabs 4 You&#8221;: Canal no Youtube com Tablaturas e Partituras para Bandolim.","author":"nevesf","date":"25\/07\/2023","format":false,"excerpt":"Voc\u00ea est\u00e1 com dificuldades em encontrar Partituras para Bandolim com Tablatura? Seus problemas acabaram. Vou te apresentar um novo canal no Youtube com v\u00eddeos de alta qualidade mostrando arranjos de diversos estilos musicais para o bandolim. Este \u00e9 um canal dedicado exclusivamente a entusiastas deste instrumento que buscam arranjos e\u2026","rel":"","context":"Em &quot;bandolim&quot;","block_context":{"text":"bandolim","link":"https:\/\/musicasemsegredos.com\/index.php\/category\/bandolim\/"},"img":{"alt_text":"tablatura de bandolim","src":"https:\/\/i0.wp.com\/musicasemsegredos.com\/wp-content\/uploads\/2023\/07\/Mandolin-Tabs-4-You.png?fit=1200%2C675&ssl=1&resize=350%2C200","width":350,"height":200,"srcset":"https:\/\/i0.wp.com\/musicasemsegredos.com\/wp-content\/uploads\/2023\/07\/Mandolin-Tabs-4-You.png?fit=1200%2C675&ssl=1&resize=350%2C200 1x, https:\/\/i0.wp.com\/musicasemsegredos.com\/wp-content\/uploads\/2023\/07\/Mandolin-Tabs-4-You.png?fit=1200%2C675&ssl=1&resize=525%2C300 1.5x, https:\/\/i0.wp.com\/musicasemsegredos.com\/wp-content\/uploads\/2023\/07\/Mandolin-Tabs-4-You.png?fit=1200%2C675&ssl=1&resize=700%2C400 2x, https:\/\/i0.wp.com\/musicasemsegredos.com\/wp-content\/uploads\/2023\/07\/Mandolin-Tabs-4-You.png?fit=1200%2C675&ssl=1&resize=1050%2C600 3x"},"classes":[]},{"id":19683,"url":"https:\/\/musicasemsegredos.com\/index.php\/2023\/10\/10\/como-sincronizar-a-tablatura-com-a-partitura-no-musescore-4\/","url_meta":{"origin":19789,"position":4},"title":"Como sincronizar a Tablatura com a Partitura no Musescore 4.","author":"nevesf","date":"10\/10\/2023","format":false,"excerpt":"O Musescore 4 tem uma fun\u00e7\u00e3o muito \u00fatil para guitarristas, baixistas, bandolinistas ou qualquer instrumento de cordas que voc\u00ea queira montar a tablatura sincronizada automaticamente com a partitura. Nas vers\u00f5es anteriores do software, era necess\u00e1rio criar uma tablatura independente e depois copiar as notas da partitura e col\u00e1-las na tablatura.\u2026","rel":"","context":"Em &quot;educacao&quot;","block_context":{"text":"educacao","link":"https:\/\/musicasemsegredos.com\/index.php\/category\/educacao\/"},"img":{"alt_text":"inserir tablatura sincronizada","src":"https:\/\/i0.wp.com\/musicasemsegredos.com\/wp-content\/uploads\/2023\/10\/Tablatura-sincronizada-1.png?fit=1200%2C675&ssl=1&resize=350%2C200","width":350,"height":200,"srcset":"https:\/\/i0.wp.com\/musicasemsegredos.com\/wp-content\/uploads\/2023\/10\/Tablatura-sincronizada-1.png?fit=1200%2C675&ssl=1&resize=350%2C200 1x, https:\/\/i0.wp.com\/musicasemsegredos.com\/wp-content\/uploads\/2023\/10\/Tablatura-sincronizada-1.png?fit=1200%2C675&ssl=1&resize=525%2C300 1.5x, https:\/\/i0.wp.com\/musicasemsegredos.com\/wp-content\/uploads\/2023\/10\/Tablatura-sincronizada-1.png?fit=1200%2C675&ssl=1&resize=700%2C400 2x, https:\/\/i0.wp.com\/musicasemsegredos.com\/wp-content\/uploads\/2023\/10\/Tablatura-sincronizada-1.png?fit=1200%2C675&ssl=1&resize=1050%2C600 3x"},"classes":[]},{"id":19188,"url":"https:\/\/musicasemsegredos.com\/index.php\/2022\/08\/17\/love-of-my-life-queen-tablatura-facil-para-violao-guitarra-e-bandolim\/","url_meta":{"origin":19789,"position":5},"title":"Love of My Life (Queen) Tablatura F\u00c1CIL para  Viol\u00e3o, Guitarra e Bandolim","author":"nevesf","date":"17\/08\/2022","format":false,"excerpt":"Freddie Mercury \u00e9 um dos cantores mais ic\u00f4nicos do rock n'roll. Sua voz era uma das reconhecidas do mundo. Ele tinha um estilo muito particular que o fazia se destacar de outros cantores. Sobre Esta M\u00fasica A m\u00fasica \"Love of My Life\" foi composta por Freddie Mercury e gravada pelo\u2026","rel":"","context":"Em &quot;Acordes&quot;","block_context":{"text":"Acordes","link":"https:\/\/musicasemsegredos.com\/index.php\/category\/acordes\/"},"img":{"alt_text":"Love of my life Tab","src":"https:\/\/i0.wp.com\/musicasemsegredos.com\/wp-content\/uploads\/2022\/08\/LoveOfMyLifeTumb.jpg?fit=1200%2C840&ssl=1&resize=350%2C200","width":350,"height":200,"srcset":"https:\/\/i0.wp.com\/musicasemsegredos.com\/wp-content\/uploads\/2022\/08\/LoveOfMyLifeTumb.jpg?fit=1200%2C840&ssl=1&resize=350%2C200 1x, https:\/\/i0.wp.com\/musicasemsegredos.com\/wp-content\/uploads\/2022\/08\/LoveOfMyLifeTumb.jpg?fit=1200%2C840&ssl=1&resize=525%2C300 1.5x, https:\/\/i0.wp.com\/musicasemsegredos.com\/wp-content\/uploads\/2022\/08\/LoveOfMyLifeTumb.jpg?fit=1200%2C840&ssl=1&resize=700%2C400 2x, https:\/\/i0.wp.com\/musicasemsegredos.com\/wp-content\/uploads\/2022\/08\/LoveOfMyLifeTumb.jpg?fit=1200%2C840&ssl=1&resize=1050%2C600 3x"},"classes":[]}],"jetpack_likes_enabled":true,"jetpack_featured_media_url":"https:\/\/i0.wp.com\/musicasemsegredos.com\/wp-content\/uploads\/2024\/03\/Feira-de-Mangaio-Mandolin.png?fit=1280%2C720&ssl=1","_links":{"self":[{"href":"https:\/\/musicasemsegredos.com\/index.php\/wp-json\/wp\/v2\/posts\/19789","targetHints":{"allow":["GET"]}}],"collection":[{"href":"https:\/\/musicasemsegredos.com\/index.php\/wp-json\/wp\/v2\/posts"}],"about":[{"href":"https:\/\/musicasemsegredos.com\/index.php\/wp-json\/wp\/v2\/types\/post"}],"author":[{"embeddable":true,"href":"https:\/\/musicasemsegredos.com\/index.php\/wp-json\/wp\/v2\/users\/1"}],"replies":[{"embeddable":true,"href":"https:\/\/musicasemsegredos.com\/index.php\/wp-json\/wp\/v2\/comments?post=19789"}],"version-history":[{"count":10,"href":"https:\/\/musicasemsegredos.com\/index.php\/wp-json\/wp\/v2\/posts\/19789\/revisions"}],"predecessor-version":[{"id":19800,"href":"https:\/\/musicasemsegredos.com\/index.php\/wp-json\/wp\/v2\/posts\/19789\/revisions\/19800"}],"wp:featuredmedia":[{"embeddable":true,"href":"https:\/\/musicasemsegredos.com\/index.php\/wp-json\/wp\/v2\/media\/19798"}],"wp:attachment":[{"href":"https:\/\/musicasemsegredos.com\/index.php\/wp-json\/wp\/v2\/media?parent=19789"}],"wp:term":[{"taxonomy":"category","embeddable":true,"href":"https:\/\/musicasemsegredos.com\/index.php\/wp-json\/wp\/v2\/categories?post=19789"},{"taxonomy":"post_tag","embeddable":true,"href":"https:\/\/musicasemsegredos.com\/index.php\/wp-json\/wp\/v2\/tags?post=19789"}],"curies":[{"name":"wp","href":"https:\/\/api.w.org\/{rel}","templated":true}]}}