{"id":19735,"date":"2023-12-18T12:48:34","date_gmt":"2023-12-18T15:48:34","guid":{"rendered":"https:\/\/musicasemsegredos.com\/?p=19735"},"modified":"2023-12-18T12:48:36","modified_gmt":"2023-12-18T15:48:36","slug":"e-natal-e-eu-quero-te-dar-alguns-presentes","status":"publish","type":"post","link":"https:\/\/musicasemsegredos.com\/index.php\/2023\/12\/18\/e-natal-e-eu-quero-te-dar-alguns-presentes\/","title":{"rendered":"\u00c9 Natal! E eu quero te dar alguns Presentes!"},"content":{"rendered":"\n<p class=\"has-drop-cap wp-block-paragraph\">Eu amo o Natal! \u00c9 tempo de alegria, reuni\u00e3o de fam\u00edlia e tamb\u00e9m tempo para lembrar do amor de Deus pela humanidade. \u00c9 tamb\u00e9m tempo de olhar para tr\u00e1s para celebrar as conquistas ou corrigir o rumo para os planos que n\u00e3o deram certo.<\/p>\n\n\n\n<p class=\"wp-block-paragraph\">Este \u00e9 um bom momento para refletir sobre as palavras da m\u00fasica Feliz Natal de John Lennon e Yoko Ono sem substituir Cristo por um X, porque ao fazer isso n\u00e3o h\u00e1 sentido em celebrar o Natal. No entanto, \u00e0s vezes, o Natal torna-se apenas um momento no qual poucos refletem sobre seu real significado hist\u00f3rico. E \u00e0s vezes, as religi\u00f5es s\u00e3o apenas uma desculpa para segregar as pessoas. Vamos fazer o que Cristo nos ensinou: Amar uns aos outros como a n\u00f3s mesmos. Desejo um ano novo sem guerras.<\/p>\n\n\n\n<p class=\"wp-block-paragraph\">Como eu disse, gostaria de deixar alguns presentes de Natal, ent\u00e3o vou apresentar tr\u00eas m\u00fasicas arranjadas para bandolim, que podem ser facilmente usadas para outros instrumentos solo. A primeira  \u00e9 Happy Christmas de John Lennon e Yoko Ono.<\/p>\n\n\n\n<figure class=\"wp-block-embed is-type-video is-provider-youtube wp-block-embed-youtube wp-embed-aspect-16-9 wp-has-aspect-ratio\"><div class=\"wp-block-embed__wrapper\">\n<span class=\"embed-youtube\" style=\"text-align:center; display: block;\"><iframe loading=\"lazy\" class=\"youtube-player\" width=\"660\" height=\"372\" src=\"https:\/\/www.youtube.com\/embed\/PSy_feYdIdM?version=3&#038;rel=1&#038;showsearch=0&#038;showinfo=1&#038;iv_load_policy=1&#038;fs=1&#038;hl=pt-BR&#038;autohide=2&#038;wmode=transparent\" allowfullscreen=\"true\" style=\"border:0;\" sandbox=\"allow-scripts allow-same-origin allow-popups allow-presentation allow-popups-to-escape-sandbox\"><\/iframe><\/span>\n<\/div><\/figure>\n\n\n\n<div class=\"wp-block-buttons is-content-justification-center is-layout-flex wp-container-core-buttons-is-layout-fe48e5de wp-block-buttons-is-layout-flex\">\n<div class=\"wp-block-button\"><a class=\"wp-block-button__link wp-element-button\" href=\"https:\/\/www.sheetmusicdirect.com\/en-US\/se\/ID_No\/1436065\/Product.aspx?affiliate=65400\" target=\"_blank\" rel=\"noreferrer noopener\">adquira a partitura com tablatura e acordes<\/a><\/div>\n<\/div>\n\n\n\n<p class=\"wp-block-paragraph\">Para esta m\u00fasica, tamb\u00e9m vou deixar um v\u00eddeo clipe com a mesma m\u00fasica arranjada para violino solo. Voc\u00ea tamb\u00e9m pode comprar a partitura clicando no bot\u00e3o.<\/p>\n\n\n\n<figure class=\"wp-block-embed is-type-video is-provider-youtube wp-block-embed-youtube wp-embed-aspect-16-9 wp-has-aspect-ratio\"><div class=\"wp-block-embed__wrapper\">\n<span class=\"embed-youtube\" style=\"text-align:center; display: block;\"><iframe loading=\"lazy\" class=\"youtube-player\" width=\"660\" height=\"372\" src=\"https:\/\/www.youtube.com\/embed\/UkiVAydcEKU?version=3&#038;rel=1&#038;showsearch=0&#038;showinfo=1&#038;iv_load_policy=1&#038;fs=1&#038;hl=pt-BR&#038;autohide=2&#038;wmode=transparent\" allowfullscreen=\"true\" style=\"border:0;\" sandbox=\"allow-scripts allow-same-origin allow-popups allow-presentation allow-popups-to-escape-sandbox\"><\/iframe><\/span>\n<\/div><\/figure>\n\n\n\n<div class=\"wp-block-buttons is-content-justification-center is-layout-flex wp-container-core-buttons-is-layout-fe48e5de wp-block-buttons-is-layout-flex\">\n<div class=\"wp-block-button\"><a class=\"wp-block-button__link wp-element-button\" href=\"https:\/\/www.sheetmusicdirect.com\/en-US\/se\/ID_No\/1436267\/Product.aspx?affiliate=65400\" target=\"_blank\" rel=\"noreferrer noopener\">Adquira a partitura para violino<\/a><\/div>\n<\/div>\n\n\n\n<p class=\"wp-block-paragraph\">Se voc\u00ea quiser tocar junto, tamb\u00e9m pode usar o v\u00eddeo de Playback:<\/p>\n\n\n\n<figure class=\"wp-block-embed is-type-video is-provider-youtube wp-block-embed-youtube wp-embed-aspect-16-9 wp-has-aspect-ratio\"><div class=\"wp-block-embed__wrapper\">\n<span class=\"embed-youtube\" style=\"text-align:center; display: block;\"><iframe loading=\"lazy\" class=\"youtube-player\" width=\"660\" height=\"372\" src=\"https:\/\/www.youtube.com\/embed\/Fo_VDiehASc?version=3&#038;rel=1&#038;showsearch=0&#038;showinfo=1&#038;iv_load_policy=1&#038;fs=1&#038;hl=pt-BR&#038;autohide=2&#038;wmode=transparent\" allowfullscreen=\"true\" style=\"border:0;\" sandbox=\"allow-scripts allow-same-origin allow-popups allow-presentation allow-popups-to-escape-sandbox\"><\/iframe><\/span>\n<\/div><\/figure>\n\n\n\n<p class=\"wp-block-paragraph\"><\/p>\n\n\n\n<p class=\"wp-block-paragraph\"> A pr\u00f3xima m\u00fasica \u00e9 Feliz Navidad de Jos\u00e9 Feliciano. Tamb\u00e9m arranjada para bandolim e Guitarra Ac\u00fastica, mas \u00e9 claro que voc\u00ea pode usar a mesma partitura para tocar outro instrumento solo.<\/p>\n\n\n\n<figure class=\"wp-block-embed is-type-video is-provider-youtube wp-block-embed-youtube wp-embed-aspect-16-9 wp-has-aspect-ratio\"><div class=\"wp-block-embed__wrapper\">\n<span class=\"embed-youtube\" style=\"text-align:center; display: block;\"><iframe loading=\"lazy\" class=\"youtube-player\" width=\"660\" height=\"372\" src=\"https:\/\/www.youtube.com\/embed\/5ylQTVx1KlU?version=3&#038;rel=1&#038;showsearch=0&#038;showinfo=1&#038;iv_load_policy=1&#038;fs=1&#038;hl=pt-BR&#038;autohide=2&#038;wmode=transparent\" allowfullscreen=\"true\" style=\"border:0;\" sandbox=\"allow-scripts allow-same-origin allow-popups allow-presentation allow-popups-to-escape-sandbox\"><\/iframe><\/span>\n<\/div><\/figure>\n\n\n\n<div class=\"wp-block-buttons is-content-justification-center is-layout-flex wp-container-core-buttons-is-layout-fe48e5de wp-block-buttons-is-layout-flex\">\n<div class=\"wp-block-button\"><a class=\"wp-block-button__link wp-element-button\" href=\"https:\/\/www.sheetmusicdirect.com\/en-US\/se\/ID_No\/1441558\/Product.aspx?affiliate=65400\" target=\"_blank\" rel=\"noreferrer noopener\">partitura com tablaturas e acordes<\/a><\/div>\n<\/div>\n\n\n\n<p class=\"wp-block-paragraph\"> A \u00faltima \u00e9 a m\u00fasica atemporal We wish you a Merry Christmas, tamb\u00e9m arranjada para bandolim e com playback para tocar junto.<\/p>\n\n\n\n<figure class=\"wp-block-embed is-type-video is-provider-youtube wp-block-embed-youtube wp-embed-aspect-16-9 wp-has-aspect-ratio\"><div class=\"wp-block-embed__wrapper\">\n<span class=\"embed-youtube\" style=\"text-align:center; display: block;\"><iframe loading=\"lazy\" class=\"youtube-player\" width=\"660\" height=\"372\" src=\"https:\/\/www.youtube.com\/embed\/mXKpbjbhnos?version=3&#038;rel=1&#038;showsearch=0&#038;showinfo=1&#038;iv_load_policy=1&#038;fs=1&#038;hl=pt-BR&#038;autohide=2&#038;wmode=transparent\" allowfullscreen=\"true\" style=\"border:0;\" sandbox=\"allow-scripts allow-same-origin allow-popups allow-presentation allow-popups-to-escape-sandbox\"><\/iframe><\/span>\n<\/div><\/figure>\n\n\n\n<figure class=\"wp-block-embed is-type-video is-provider-youtube wp-block-embed-youtube wp-embed-aspect-16-9 wp-has-aspect-ratio\"><div class=\"wp-block-embed__wrapper\">\n<span class=\"embed-youtube\" style=\"text-align:center; display: block;\"><iframe loading=\"lazy\" class=\"youtube-player\" width=\"660\" height=\"372\" src=\"https:\/\/www.youtube.com\/embed\/K26Hborx1a8?version=3&#038;rel=1&#038;showsearch=0&#038;showinfo=1&#038;iv_load_policy=1&#038;fs=1&#038;hl=pt-BR&#038;autohide=2&#038;wmode=transparent\" allowfullscreen=\"true\" style=\"border:0;\" sandbox=\"allow-scripts allow-same-origin allow-popups allow-presentation allow-popups-to-escape-sandbox\"><\/iframe><\/span>\n<\/div><\/figure>\n\n\n\n<div class=\"wp-block-buttons is-content-justification-center is-layout-flex wp-container-core-buttons-is-layout-fe48e5de wp-block-buttons-is-layout-flex\">\n<div class=\"wp-block-button\"><a class=\"wp-block-button__link wp-element-button\" href=\"https:\/\/www.sheetmusicdirect.com\/en-US\/se\/ID_No\/1441603\/Product.aspx?affiliate=65400\" target=\"_blank\" rel=\"noreferrer noopener\">Partitura com tablatura e acordes<\/a><\/div>\n<\/div>\n\n\n\n<p class=\"wp-block-paragraph\"> Espero que voc\u00ea goste dos meus presentes para voc\u00ea e novamente, Feliz Natal!!<\/p>\n","protected":false},"excerpt":{"rendered":"<p>Eu amo o Natal! \u00c9 tempo de alegria, reuni\u00e3o de fam\u00edlia e tamb\u00e9m tempo para lembrar do amor de Deus pela humanidade. \u00c9 tamb\u00e9m tempo de olhar para tr\u00e1s para celebrar as conquistas ou corrigir o rumo para os planos que n\u00e3o deram certo. Este \u00e9 um bom momento para refletir sobre as palavras da &hellip; <a href=\"https:\/\/musicasemsegredos.com\/index.php\/2023\/12\/18\/e-natal-e-eu-quero-te-dar-alguns-presentes\/\" class=\"more-link\">Continuar lendo <span class=\"screen-reader-text\">\u00c9 Natal! E eu quero te dar alguns Presentes!<\/span><\/a><\/p>\n","protected":false},"author":1,"featured_media":19741,"comment_status":"open","ping_status":"open","sticky":false,"template":"","format":"standard","meta":{"_jetpack_newsletter_access":"","_jetpack_dont_email_post_to_subs":false,"_jetpack_newsletter_tier_id":0,"_jetpack_memberships_contains_paywalled_content":false,"_jetpack_feature_clip_id":0,"_jetpack_memberships_contains_paid_content":false,"footnotes":"","jetpack_publicize_message":"","jetpack_publicize_feature_enabled":true,"jetpack_social_post_already_shared":true,"jetpack_social_options":{"image_generator_settings":{"template":"highway","default_image_id":0,"font":"","enabled":false},"version":2},"jetpack_post_was_ever_published":false},"categories":[647,616,666,615,178,718],"tags":[98,1501,1505,108,1502,1504,1232,5,1500,13,876,719,1503],"class_list":["post-19735","post","type-post","status-publish","format-standard","has-post-thumbnail","hentry","category-bandolim","category-guitarra","category-instrumento-musical","category-musica","category-partituras","category-tablatura","tag-acordes","tag-cancoes-de-natal","tag-feliz-navidad","tag-guitarra","tag-john-lennon","tag-jose-feliciano","tag-latina","tag-musica","tag-natal","tag-partitura","tag-solo","tag-tablatura","tag-yoko-ono"],"aioseo_notices":[],"aioseo_head":"\n\t\t<!-- All in One SEO 5.0.1.1 - aioseo.com -->\n\t<meta name=\"description\" content=\"Eu amo o Natal! \u00c9 tempo de alegria, reuni\u00e3o de fam\u00edlia e tamb\u00e9m tempo para lembrar do amor de Deus pela humanidade. \u00c9 tamb\u00e9m tempo de olhar para tr\u00e1s para celebrar as conquistas ou corrigir o rumo para os planos que n\u00e3o deram certo. Este \u00e9 um bom momento para refletir sobre as palavras da\" \/>\n\t<meta name=\"robots\" content=\"max-image-preview:large\" \/>\n\t<meta name=\"author\" content=\"nevesf\"\/>\n\t<link rel=\"canonical\" href=\"https:\/\/musicasemsegredos.com\/index.php\/2023\/12\/18\/e-natal-e-eu-quero-te-dar-alguns-presentes\/\" \/>\n\t<meta name=\"generator\" content=\"All in One SEO (AIOSEO) 5.0.1.1\" \/>\n\t\t<meta property=\"og:locale\" content=\"pt_BR\" \/>\n\t\t<meta property=\"og:site_name\" content=\"M\u00fasica sem Segredos - Musica para todos\" \/>\n\t\t<meta property=\"og:type\" content=\"article\" \/>\n\t\t<meta property=\"og:title\" content=\"\u00c9 Natal! E eu quero te dar alguns Presentes! - M\u00fasica sem Segredos\" \/>\n\t\t<meta property=\"og:description\" content=\"Eu amo o Natal! \u00c9 tempo de alegria, reuni\u00e3o de fam\u00edlia e tamb\u00e9m tempo para lembrar do amor de Deus pela humanidade. \u00c9 tamb\u00e9m tempo de olhar para tr\u00e1s para celebrar as conquistas ou corrigir o rumo para os planos que n\u00e3o deram certo. Este \u00e9 um bom momento para refletir sobre as palavras da\" \/>\n\t\t<meta property=\"og:url\" content=\"https:\/\/musicasemsegredos.com\/index.php\/2023\/12\/18\/e-natal-e-eu-quero-te-dar-alguns-presentes\/\" \/>\n\t\t<meta property=\"og:image\" content=\"https:\/\/i0.wp.com\/musicasemsegredos.com\/wp-content\/uploads\/2017\/01\/cropped-cropped-MusicaSemSegredos512x512.jpg?fit=248248&#038;ssl=1\" \/>\n\t\t<meta property=\"og:image:secure_url\" content=\"https:\/\/i0.wp.com\/musicasemsegredos.com\/wp-content\/uploads\/2017\/01\/cropped-cropped-MusicaSemSegredos512x512.jpg?fit=248248&#038;ssl=1\" \/>\n\t\t<meta property=\"article:published_time\" content=\"2023-12-18T15:48:34+00:00\" \/>\n\t\t<meta property=\"article:modified_time\" content=\"2023-12-18T15:48:36+00:00\" \/>\n\t\t<meta name=\"twitter:card\" content=\"summary_large_image\" \/>\n\t\t<meta name=\"twitter:title\" content=\"\u00c9 Natal! E eu quero te dar alguns Presentes! - M\u00fasica sem Segredos\" \/>\n\t\t<meta name=\"twitter:description\" content=\"Eu amo o Natal! \u00c9 tempo de alegria, reuni\u00e3o de fam\u00edlia e tamb\u00e9m tempo para lembrar do amor de Deus pela humanidade. \u00c9 tamb\u00e9m tempo de olhar para tr\u00e1s para celebrar as conquistas ou corrigir o rumo para os planos que n\u00e3o deram certo. Este \u00e9 um bom momento para refletir sobre as palavras da\" \/>\n\t\t<meta name=\"twitter:image\" content=\"https:\/\/i0.wp.com\/musicasemsegredos.com\/wp-content\/uploads\/2017\/01\/cropped-cropped-MusicaSemSegredos512x512.jpg?fit=248248&amp;ssl=1\" \/>\n\t\t<script type=\"application\/ld+json\" class=\"aioseo-schema\">\n\t\t\t{\"@context\":\"https:\\\/\\\/schema.org\",\"@graph\":[{\"@type\":\"BlogPosting\",\"@id\":\"https:\\\/\\\/musicasemsegredos.com\\\/index.php\\\/2023\\\/12\\\/18\\\/e-natal-e-eu-quero-te-dar-alguns-presentes\\\/#blogposting\",\"name\":\"\\u00c9 Natal! E eu quero te dar alguns Presentes! - M\\u00fasica sem Segredos\",\"headline\":\"\\u00c9 Natal! E eu quero te dar alguns Presentes!\",\"author\":{\"@id\":\"https:\\\/\\\/musicasemsegredos.com\\\/index.php\\\/author\\\/nevesf\\\/#author\"},\"publisher\":{\"@id\":\"https:\\\/\\\/musicasemsegredos.com\\\/#organization\"},\"image\":{\"@type\":\"ImageObject\",\"url\":\"https:\\\/\\\/i0.wp.com\\\/musicasemsegredos.com\\\/wp-content\\\/uploads\\\/2023\\\/12\\\/Feliz-Natal.png?fit=1280%2C720&ssl=1\",\"width\":1280,\"height\":720,\"caption\":\"Natal\"},\"datePublished\":\"2023-12-18T12:48:34-03:00\",\"dateModified\":\"2023-12-18T12:48:36-03:00\",\"inLanguage\":\"pt-BR\",\"mainEntityOfPage\":{\"@id\":\"https:\\\/\\\/musicasemsegredos.com\\\/index.php\\\/2023\\\/12\\\/18\\\/e-natal-e-eu-quero-te-dar-alguns-presentes\\\/#webpage\"},\"isPartOf\":{\"@id\":\"https:\\\/\\\/musicasemsegredos.com\\\/index.php\\\/2023\\\/12\\\/18\\\/e-natal-e-eu-quero-te-dar-alguns-presentes\\\/#webpage\"},\"articleSection\":\"bandolim, guitarra, Instrumento Musical, musica, Partituras, tablatura, acordes, can\\u00e7\\u00f5es de natal, Feliz Navidad, guitarra, John Lennon, Jose Feliciano, latina, musica, natal, partitura, solo, tablatura, Yoko Ono\"},{\"@type\":\"BreadcrumbList\",\"@id\":\"https:\\\/\\\/musicasemsegredos.com\\\/index.php\\\/2023\\\/12\\\/18\\\/e-natal-e-eu-quero-te-dar-alguns-presentes\\\/#breadcrumblist\",\"itemListElement\":[{\"@type\":\"ListItem\",\"@id\":\"https:\\\/\\\/musicasemsegredos.com#listItem\",\"position\":1,\"name\":\"Home\",\"item\":\"https:\\\/\\\/musicasemsegredos.com\",\"nextItem\":{\"@type\":\"ListItem\",\"@id\":\"https:\\\/\\\/musicasemsegredos.com\\\/index.php\\\/category\\\/partituras\\\/#listItem\",\"name\":\"Partituras\"}},{\"@type\":\"ListItem\",\"@id\":\"https:\\\/\\\/musicasemsegredos.com\\\/index.php\\\/category\\\/partituras\\\/#listItem\",\"position\":2,\"name\":\"Partituras\",\"item\":\"https:\\\/\\\/musicasemsegredos.com\\\/index.php\\\/category\\\/partituras\\\/\",\"nextItem\":{\"@type\":\"ListItem\",\"@id\":\"https:\\\/\\\/musicasemsegredos.com\\\/index.php\\\/2023\\\/12\\\/18\\\/e-natal-e-eu-quero-te-dar-alguns-presentes\\\/#listItem\",\"name\":\"\\u00c9 Natal! E eu quero te dar alguns Presentes!\"},\"previousItem\":{\"@type\":\"ListItem\",\"@id\":\"https:\\\/\\\/musicasemsegredos.com#listItem\",\"name\":\"Home\"}},{\"@type\":\"ListItem\",\"@id\":\"https:\\\/\\\/musicasemsegredos.com\\\/index.php\\\/2023\\\/12\\\/18\\\/e-natal-e-eu-quero-te-dar-alguns-presentes\\\/#listItem\",\"position\":3,\"name\":\"\\u00c9 Natal! E eu quero te dar alguns Presentes!\",\"previousItem\":{\"@type\":\"ListItem\",\"@id\":\"https:\\\/\\\/musicasemsegredos.com\\\/index.php\\\/category\\\/partituras\\\/#listItem\",\"name\":\"Partituras\"}}]},{\"@type\":\"Organization\",\"@id\":\"https:\\\/\\\/musicasemsegredos.com\\\/#organization\",\"name\":\"M\\u00fasica sem Segredos\",\"description\":\"Musica para todos\",\"url\":\"https:\\\/\\\/musicasemsegredos.com\\\/\",\"logo\":{\"@type\":\"ImageObject\",\"url\":\"https:\\\/\\\/i0.wp.com\\\/musicasemsegredos.com\\\/wp-content\\\/uploads\\\/2017\\\/01\\\/cropped-cropped-MusicaSemSegredos512x512.jpg?fit=248%2C248&ssl=1\",\"@id\":\"https:\\\/\\\/musicasemsegredos.com\\\/index.php\\\/2023\\\/12\\\/18\\\/e-natal-e-eu-quero-te-dar-alguns-presentes\\\/#organizationLogo\",\"width\":248,\"height\":248},\"image\":{\"@id\":\"https:\\\/\\\/musicasemsegredos.com\\\/index.php\\\/2023\\\/12\\\/18\\\/e-natal-e-eu-quero-te-dar-alguns-presentes\\\/#organizationLogo\"}},{\"@type\":\"Person\",\"@id\":\"https:\\\/\\\/musicasemsegredos.com\\\/index.php\\\/author\\\/nevesf\\\/#author\",\"url\":\"https:\\\/\\\/musicasemsegredos.com\\\/index.php\\\/author\\\/nevesf\\\/\",\"name\":\"nevesf\",\"image\":{\"@type\":\"ImageObject\",\"@id\":\"https:\\\/\\\/musicasemsegredos.com\\\/index.php\\\/2023\\\/12\\\/18\\\/e-natal-e-eu-quero-te-dar-alguns-presentes\\\/#authorImage\",\"url\":\"https:\\\/\\\/secure.gravatar.com\\\/avatar\\\/40a180061deabb68d04bd9f812bde2b372b5d57984baf7dd947ee866377d90fb?s=96&d=blank&r=g\",\"width\":96,\"height\":96,\"caption\":\"nevesf\"}},{\"@type\":\"WebPage\",\"@id\":\"https:\\\/\\\/musicasemsegredos.com\\\/index.php\\\/2023\\\/12\\\/18\\\/e-natal-e-eu-quero-te-dar-alguns-presentes\\\/#webpage\",\"url\":\"https:\\\/\\\/musicasemsegredos.com\\\/index.php\\\/2023\\\/12\\\/18\\\/e-natal-e-eu-quero-te-dar-alguns-presentes\\\/\",\"name\":\"\\u00c9 Natal! E eu quero te dar alguns Presentes! - M\\u00fasica sem Segredos\",\"description\":\"Eu amo o Natal! \\u00c9 tempo de alegria, reuni\\u00e3o de fam\\u00edlia e tamb\\u00e9m tempo para lembrar do amor de Deus pela humanidade. \\u00c9 tamb\\u00e9m tempo de olhar para tr\\u00e1s para celebrar as conquistas ou corrigir o rumo para os planos que n\\u00e3o deram certo. Este \\u00e9 um bom momento para refletir sobre as palavras da\",\"inLanguage\":\"pt-BR\",\"isPartOf\":{\"@id\":\"https:\\\/\\\/musicasemsegredos.com\\\/#website\"},\"breadcrumb\":{\"@id\":\"https:\\\/\\\/musicasemsegredos.com\\\/index.php\\\/2023\\\/12\\\/18\\\/e-natal-e-eu-quero-te-dar-alguns-presentes\\\/#breadcrumblist\"},\"author\":{\"@id\":\"https:\\\/\\\/musicasemsegredos.com\\\/index.php\\\/author\\\/nevesf\\\/#author\"},\"creator\":{\"@id\":\"https:\\\/\\\/musicasemsegredos.com\\\/index.php\\\/author\\\/nevesf\\\/#author\"},\"image\":{\"@type\":\"ImageObject\",\"url\":\"https:\\\/\\\/i0.wp.com\\\/musicasemsegredos.com\\\/wp-content\\\/uploads\\\/2023\\\/12\\\/Feliz-Natal.png?fit=1280%2C720&ssl=1\",\"@id\":\"https:\\\/\\\/musicasemsegredos.com\\\/index.php\\\/2023\\\/12\\\/18\\\/e-natal-e-eu-quero-te-dar-alguns-presentes\\\/#mainImage\",\"width\":1280,\"height\":720,\"caption\":\"Natal\"},\"primaryImageOfPage\":{\"@id\":\"https:\\\/\\\/musicasemsegredos.com\\\/index.php\\\/2023\\\/12\\\/18\\\/e-natal-e-eu-quero-te-dar-alguns-presentes\\\/#mainImage\"},\"datePublished\":\"2023-12-18T12:48:34-03:00\",\"dateModified\":\"2023-12-18T12:48:36-03:00\"},{\"@type\":\"WebSite\",\"@id\":\"https:\\\/\\\/musicasemsegredos.com\\\/#website\",\"url\":\"https:\\\/\\\/musicasemsegredos.com\\\/\",\"name\":\"M\\u00fasica sem Segredos\",\"description\":\"Musica para todos\",\"inLanguage\":\"pt-BR\",\"publisher\":{\"@id\":\"https:\\\/\\\/musicasemsegredos.com\\\/#organization\"}}]}\n\t\t<\/script>\n\t\t<!-- All in One SEO -->\n\n","aioseo_head_json":{"title":"\u00c9 Natal! E eu quero te dar alguns Presentes! - M\u00fasica sem Segredos","description":"Eu amo o Natal! \u00c9 tempo de alegria, reuni\u00e3o de fam\u00edlia e tamb\u00e9m tempo para lembrar do amor de Deus pela humanidade. \u00c9 tamb\u00e9m tempo de olhar para tr\u00e1s para celebrar as conquistas ou corrigir o rumo para os planos que n\u00e3o deram certo. Este \u00e9 um bom momento para refletir sobre as palavras da","canonical_url":"https:\/\/musicasemsegredos.com\/index.php\/2023\/12\/18\/e-natal-e-eu-quero-te-dar-alguns-presentes\/","robots":"max-image-preview:large","keywords":"","webmasterTools":{"miscellaneous":""},"schema":{"@context":"https:\/\/schema.org","@graph":[{"@type":"BlogPosting","@id":"https:\/\/musicasemsegredos.com\/index.php\/2023\/12\/18\/e-natal-e-eu-quero-te-dar-alguns-presentes\/#blogposting","name":"\u00c9 Natal! E eu quero te dar alguns Presentes! - M\u00fasica sem Segredos","headline":"\u00c9 Natal! E eu quero te dar alguns Presentes!","author":{"@id":"https:\/\/musicasemsegredos.com\/index.php\/author\/nevesf\/#author"},"publisher":{"@id":"https:\/\/musicasemsegredos.com\/#organization"},"image":{"@type":"ImageObject","url":"https:\/\/i0.wp.com\/musicasemsegredos.com\/wp-content\/uploads\/2023\/12\/Feliz-Natal.png?fit=1280%2C720&ssl=1","width":1280,"height":720,"caption":"Natal"},"datePublished":"2023-12-18T12:48:34-03:00","dateModified":"2023-12-18T12:48:36-03:00","inLanguage":"pt-BR","mainEntityOfPage":{"@id":"https:\/\/musicasemsegredos.com\/index.php\/2023\/12\/18\/e-natal-e-eu-quero-te-dar-alguns-presentes\/#webpage"},"isPartOf":{"@id":"https:\/\/musicasemsegredos.com\/index.php\/2023\/12\/18\/e-natal-e-eu-quero-te-dar-alguns-presentes\/#webpage"},"articleSection":"bandolim, guitarra, Instrumento Musical, musica, Partituras, tablatura, acordes, can\u00e7\u00f5es de natal, Feliz Navidad, guitarra, John Lennon, Jose Feliciano, latina, musica, natal, partitura, solo, tablatura, Yoko Ono"},{"@type":"BreadcrumbList","@id":"https:\/\/musicasemsegredos.com\/index.php\/2023\/12\/18\/e-natal-e-eu-quero-te-dar-alguns-presentes\/#breadcrumblist","itemListElement":[{"@type":"ListItem","@id":"https:\/\/musicasemsegredos.com#listItem","position":1,"name":"Home","item":"https:\/\/musicasemsegredos.com","nextItem":{"@type":"ListItem","@id":"https:\/\/musicasemsegredos.com\/index.php\/category\/partituras\/#listItem","name":"Partituras"}},{"@type":"ListItem","@id":"https:\/\/musicasemsegredos.com\/index.php\/category\/partituras\/#listItem","position":2,"name":"Partituras","item":"https:\/\/musicasemsegredos.com\/index.php\/category\/partituras\/","nextItem":{"@type":"ListItem","@id":"https:\/\/musicasemsegredos.com\/index.php\/2023\/12\/18\/e-natal-e-eu-quero-te-dar-alguns-presentes\/#listItem","name":"\u00c9 Natal! E eu quero te dar alguns Presentes!"},"previousItem":{"@type":"ListItem","@id":"https:\/\/musicasemsegredos.com#listItem","name":"Home"}},{"@type":"ListItem","@id":"https:\/\/musicasemsegredos.com\/index.php\/2023\/12\/18\/e-natal-e-eu-quero-te-dar-alguns-presentes\/#listItem","position":3,"name":"\u00c9 Natal! E eu quero te dar alguns Presentes!","previousItem":{"@type":"ListItem","@id":"https:\/\/musicasemsegredos.com\/index.php\/category\/partituras\/#listItem","name":"Partituras"}}]},{"@type":"Organization","@id":"https:\/\/musicasemsegredos.com\/#organization","name":"M\u00fasica sem Segredos","description":"Musica para todos","url":"https:\/\/musicasemsegredos.com\/","logo":{"@type":"ImageObject","url":"https:\/\/i0.wp.com\/musicasemsegredos.com\/wp-content\/uploads\/2017\/01\/cropped-cropped-MusicaSemSegredos512x512.jpg?fit=248%2C248&ssl=1","@id":"https:\/\/musicasemsegredos.com\/index.php\/2023\/12\/18\/e-natal-e-eu-quero-te-dar-alguns-presentes\/#organizationLogo","width":248,"height":248},"image":{"@id":"https:\/\/musicasemsegredos.com\/index.php\/2023\/12\/18\/e-natal-e-eu-quero-te-dar-alguns-presentes\/#organizationLogo"}},{"@type":"Person","@id":"https:\/\/musicasemsegredos.com\/index.php\/author\/nevesf\/#author","url":"https:\/\/musicasemsegredos.com\/index.php\/author\/nevesf\/","name":"nevesf","image":{"@type":"ImageObject","@id":"https:\/\/musicasemsegredos.com\/index.php\/2023\/12\/18\/e-natal-e-eu-quero-te-dar-alguns-presentes\/#authorImage","url":"https:\/\/secure.gravatar.com\/avatar\/40a180061deabb68d04bd9f812bde2b372b5d57984baf7dd947ee866377d90fb?s=96&d=blank&r=g","width":96,"height":96,"caption":"nevesf"}},{"@type":"WebPage","@id":"https:\/\/musicasemsegredos.com\/index.php\/2023\/12\/18\/e-natal-e-eu-quero-te-dar-alguns-presentes\/#webpage","url":"https:\/\/musicasemsegredos.com\/index.php\/2023\/12\/18\/e-natal-e-eu-quero-te-dar-alguns-presentes\/","name":"\u00c9 Natal! E eu quero te dar alguns Presentes! - M\u00fasica sem Segredos","description":"Eu amo o Natal! \u00c9 tempo de alegria, reuni\u00e3o de fam\u00edlia e tamb\u00e9m tempo para lembrar do amor de Deus pela humanidade. \u00c9 tamb\u00e9m tempo de olhar para tr\u00e1s para celebrar as conquistas ou corrigir o rumo para os planos que n\u00e3o deram certo. Este \u00e9 um bom momento para refletir sobre as palavras da","inLanguage":"pt-BR","isPartOf":{"@id":"https:\/\/musicasemsegredos.com\/#website"},"breadcrumb":{"@id":"https:\/\/musicasemsegredos.com\/index.php\/2023\/12\/18\/e-natal-e-eu-quero-te-dar-alguns-presentes\/#breadcrumblist"},"author":{"@id":"https:\/\/musicasemsegredos.com\/index.php\/author\/nevesf\/#author"},"creator":{"@id":"https:\/\/musicasemsegredos.com\/index.php\/author\/nevesf\/#author"},"image":{"@type":"ImageObject","url":"https:\/\/i0.wp.com\/musicasemsegredos.com\/wp-content\/uploads\/2023\/12\/Feliz-Natal.png?fit=1280%2C720&ssl=1","@id":"https:\/\/musicasemsegredos.com\/index.php\/2023\/12\/18\/e-natal-e-eu-quero-te-dar-alguns-presentes\/#mainImage","width":1280,"height":720,"caption":"Natal"},"primaryImageOfPage":{"@id":"https:\/\/musicasemsegredos.com\/index.php\/2023\/12\/18\/e-natal-e-eu-quero-te-dar-alguns-presentes\/#mainImage"},"datePublished":"2023-12-18T12:48:34-03:00","dateModified":"2023-12-18T12:48:36-03:00"},{"@type":"WebSite","@id":"https:\/\/musicasemsegredos.com\/#website","url":"https:\/\/musicasemsegredos.com\/","name":"M\u00fasica sem Segredos","description":"Musica para todos","inLanguage":"pt-BR","publisher":{"@id":"https:\/\/musicasemsegredos.com\/#organization"}}]},"og:locale":"pt_BR","og:site_name":"M\u00fasica sem Segredos - Musica para todos","og:type":"article","og:title":"\u00c9 Natal! E eu quero te dar alguns Presentes! - M\u00fasica sem Segredos","og:description":"Eu amo o Natal! \u00c9 tempo de alegria, reuni\u00e3o de fam\u00edlia e tamb\u00e9m tempo para lembrar do amor de Deus pela humanidade. \u00c9 tamb\u00e9m tempo de olhar para tr\u00e1s para celebrar as conquistas ou corrigir o rumo para os planos que n\u00e3o deram certo. Este \u00e9 um bom momento para refletir sobre as palavras da","og:url":"https:\/\/musicasemsegredos.com\/index.php\/2023\/12\/18\/e-natal-e-eu-quero-te-dar-alguns-presentes\/","og:image":"https:\/\/i0.wp.com\/musicasemsegredos.com\/wp-content\/uploads\/2017\/01\/cropped-cropped-MusicaSemSegredos512x512.jpg?fit=248248&#038;ssl=1","og:image:secure_url":"https:\/\/i0.wp.com\/musicasemsegredos.com\/wp-content\/uploads\/2017\/01\/cropped-cropped-MusicaSemSegredos512x512.jpg?fit=248248&#038;ssl=1","article:published_time":"2023-12-18T15:48:34+00:00","article:modified_time":"2023-12-18T15:48:36+00:00","twitter:card":"summary_large_image","twitter:title":"\u00c9 Natal! E eu quero te dar alguns Presentes! - M\u00fasica sem Segredos","twitter:description":"Eu amo o Natal! \u00c9 tempo de alegria, reuni\u00e3o de fam\u00edlia e tamb\u00e9m tempo para lembrar do amor de Deus pela humanidade. \u00c9 tamb\u00e9m tempo de olhar para tr\u00e1s para celebrar as conquistas ou corrigir o rumo para os planos que n\u00e3o deram certo. Este \u00e9 um bom momento para refletir sobre as palavras da","twitter:image":"https:\/\/i0.wp.com\/musicasemsegredos.com\/wp-content\/uploads\/2017\/01\/cropped-cropped-MusicaSemSegredos512x512.jpg?fit=248248&ssl=1"},"aioseo_meta_data":{"post_id":"19735","title":null,"description":null,"keywords":null,"keyphrases":null,"focus_keyword":null,"additional_keywords":null,"truseo_locale":null,"primary_term":null,"canonical_url":null,"og_title":null,"og_description":null,"og_object_type":"default","og_image_type":"default","og_image_custom_url":null,"og_image_custom_fields":null,"og_image_url":null,"og_image_width":null,"og_image_height":null,"og_video":null,"og_custom_url":null,"og_article_section":null,"og_article_tags":null,"twitter_use_og":false,"twitter_card":"default","twitter_image_type":"default","twitter_image_custom_url":null,"twitter_image_custom_fields":null,"twitter_image_url":null,"twitter_title":null,"twitter_description":null,"schema_type":"default","schema_type_options":null,"schema":{"blockGraphs":[],"customGraphs":[],"default":{"data":{"Article":[],"Course":[],"Dataset":[],"FAQPage":[],"Movie":[],"Person":[],"Product":[],"ProductReview":[],"Car":[],"Recipe":[],"Service":[],"SoftwareApplication":[],"WebPage":[]},"graphName":"","isEnabled":true},"graphs":[]},"pillar_content":false,"robots_default":true,"robots_noindex":false,"robots_noarchive":false,"robots_nosnippet":false,"robots_nofollow":false,"robots_noimageindex":false,"robots_noodp":false,"robots_notranslate":false,"robots_max_snippet":null,"robots_max_videopreview":null,"robots_max_imagepreview":"large","priority":null,"frequency":null,"local_seo":null,"limit_modified_date":false,"ai":null,"breadcrumb_settings":null,"seo_analyzer_scan_date":null,"created":"2026-09-02 23:33:53","updated":"2026-09-02 23:33:53"},"aioseo_breadcrumb":"<div class=\"aioseo-breadcrumbs\"><span class=\"aioseo-breadcrumb\">\n\t\t\t<a href=\"https:\/\/musicasemsegredos.com\" title=\"Home\">Home<\/a>\n\t\t<\/span><span class=\"aioseo-breadcrumb-separator\">&raquo;<\/span><span class=\"aioseo-breadcrumb\">\n\t\t\t<a href=\"https:\/\/musicasemsegredos.com\/index.php\/category\/partituras\/\" title=\"Partituras\">Partituras<\/a>\n\t\t<\/span><span class=\"aioseo-breadcrumb-separator\">&raquo;<\/span><span class=\"aioseo-breadcrumb\">\n\t\t\t\u00c9 Natal! E eu quero te dar alguns Presentes!\n\t\t<\/span><\/div>","aioseo_breadcrumb_json":[{"label":"Home","link":"https:\/\/musicasemsegredos.com"},{"label":"Partituras","link":"https:\/\/musicasemsegredos.com\/index.php\/category\/partituras\/"},{"label":"\u00c9 Natal! E eu quero te dar alguns Presentes!","link":"https:\/\/musicasemsegredos.com\/index.php\/2023\/12\/18\/e-natal-e-eu-quero-te-dar-alguns-presentes\/"}],"jetpack_publicize_connections":[],"jetpack_sharing_enabled":true,"jetpack_shortlink":"https:\/\/wp.me\/p8f7pv-58j","jetpack-related-posts":[{"id":19683,"url":"https:\/\/musicasemsegredos.com\/index.php\/2023\/10\/10\/como-sincronizar-a-tablatura-com-a-partitura-no-musescore-4\/","url_meta":{"origin":19735,"position":0},"title":"Como sincronizar a Tablatura com a Partitura no Musescore 4.","author":"nevesf","date":"10\/10\/2023","format":false,"excerpt":"O Musescore 4 tem uma fun\u00e7\u00e3o muito \u00fatil para guitarristas, baixistas, bandolinistas ou qualquer instrumento de cordas que voc\u00ea queira montar a tablatura sincronizada automaticamente com a partitura. Nas vers\u00f5es anteriores do software, era necess\u00e1rio criar uma tablatura independente e depois copiar as notas da partitura e col\u00e1-las na tablatura.\u2026","rel":"","context":"Em &quot;educacao&quot;","block_context":{"text":"educacao","link":"https:\/\/musicasemsegredos.com\/index.php\/category\/educacao\/"},"img":{"alt_text":"inserir tablatura sincronizada","src":"https:\/\/i0.wp.com\/musicasemsegredos.com\/wp-content\/uploads\/2023\/10\/Tablatura-sincronizada-1.png?fit=1200%2C675&ssl=1&resize=350%2C200","width":350,"height":200,"srcset":"https:\/\/i0.wp.com\/musicasemsegredos.com\/wp-content\/uploads\/2023\/10\/Tablatura-sincronizada-1.png?fit=1200%2C675&ssl=1&resize=350%2C200 1x, https:\/\/i0.wp.com\/musicasemsegredos.com\/wp-content\/uploads\/2023\/10\/Tablatura-sincronizada-1.png?fit=1200%2C675&ssl=1&resize=525%2C300 1.5x, https:\/\/i0.wp.com\/musicasemsegredos.com\/wp-content\/uploads\/2023\/10\/Tablatura-sincronizada-1.png?fit=1200%2C675&ssl=1&resize=700%2C400 2x, https:\/\/i0.wp.com\/musicasemsegredos.com\/wp-content\/uploads\/2023\/10\/Tablatura-sincronizada-1.png?fit=1200%2C675&ssl=1&resize=1050%2C600 3x"},"classes":[]},{"id":19156,"url":"https:\/\/musicasemsegredos.com\/index.php\/2022\/06\/29\/smile-de-charles-chaplin-arranjo-solo-para-violao-com-tablatura-facil\/","url_meta":{"origin":19735,"position":1},"title":"Smile de Charles Chaplin- Arranjo Solo para viol\u00e3o com Tablatura- F\u00e1cil","author":"nevesf","date":"29\/06\/2022","format":false,"excerpt":"Quer solar a m\u00b4usica Smile de Charles Chaplin no viol\u00e3o no estilo fingerstyle? Agora voc\u00ea pode! Aqui voc\u00ea encontra um arranjo maneiro e bem f\u00e1cil de tocar. Que tal pegar o seu instrumento e por a m\u00e3o na massa? Ou melhor, nas cordas. Charles Chaplin comp\u00f4s esta can\u00e7\u00e3o em 1936\u2026","rel":"","context":"Em &quot;composi\u00e7\u00e3o&quot;","block_context":{"text":"composi\u00e7\u00e3o","link":"https:\/\/musicasemsegredos.com\/index.php\/category\/composicao\/"},"img":{"alt_text":"","src":"https:\/\/i0.wp.com\/musicasemsegredos.com\/wp-content\/uploads\/2022\/06\/Smile-e1656505047858.png?fit=800%2C396&ssl=1&resize=350%2C200","width":350,"height":200,"srcset":"https:\/\/i0.wp.com\/musicasemsegredos.com\/wp-content\/uploads\/2022\/06\/Smile-e1656505047858.png?fit=800%2C396&ssl=1&resize=350%2C200 1x, https:\/\/i0.wp.com\/musicasemsegredos.com\/wp-content\/uploads\/2022\/06\/Smile-e1656505047858.png?fit=800%2C396&ssl=1&resize=525%2C300 1.5x, https:\/\/i0.wp.com\/musicasemsegredos.com\/wp-content\/uploads\/2022\/06\/Smile-e1656505047858.png?fit=800%2C396&ssl=1&resize=700%2C400 2x"},"classes":[]},{"id":19188,"url":"https:\/\/musicasemsegredos.com\/index.php\/2022\/08\/17\/love-of-my-life-queen-tablatura-facil-para-violao-guitarra-e-bandolim\/","url_meta":{"origin":19735,"position":2},"title":"Love of My Life (Queen) Tablatura F\u00c1CIL para  Viol\u00e3o, Guitarra e Bandolim","author":"nevesf","date":"17\/08\/2022","format":false,"excerpt":"Freddie Mercury \u00e9 um dos cantores mais ic\u00f4nicos do rock n'roll. Sua voz era uma das reconhecidas do mundo. Ele tinha um estilo muito particular que o fazia se destacar de outros cantores. Sobre Esta M\u00fasica A m\u00fasica \"Love of My Life\" foi composta por Freddie Mercury e gravada pelo\u2026","rel":"","context":"Em &quot;Acordes&quot;","block_context":{"text":"Acordes","link":"https:\/\/musicasemsegredos.com\/index.php\/category\/acordes\/"},"img":{"alt_text":"Love of my life Tab","src":"https:\/\/i0.wp.com\/musicasemsegredos.com\/wp-content\/uploads\/2022\/08\/LoveOfMyLifeTumb.jpg?fit=1200%2C840&ssl=1&resize=350%2C200","width":350,"height":200,"srcset":"https:\/\/i0.wp.com\/musicasemsegredos.com\/wp-content\/uploads\/2022\/08\/LoveOfMyLifeTumb.jpg?fit=1200%2C840&ssl=1&resize=350%2C200 1x, https:\/\/i0.wp.com\/musicasemsegredos.com\/wp-content\/uploads\/2022\/08\/LoveOfMyLifeTumb.jpg?fit=1200%2C840&ssl=1&resize=525%2C300 1.5x, https:\/\/i0.wp.com\/musicasemsegredos.com\/wp-content\/uploads\/2022\/08\/LoveOfMyLifeTumb.jpg?fit=1200%2C840&ssl=1&resize=700%2C400 2x, https:\/\/i0.wp.com\/musicasemsegredos.com\/wp-content\/uploads\/2022\/08\/LoveOfMyLifeTumb.jpg?fit=1200%2C840&ssl=1&resize=1050%2C600 3x"},"classes":[]},{"id":19058,"url":"https:\/\/musicasemsegredos.com\/index.php\/2022\/01\/20\/como-tocar-serenata-serenade-de-schubert-no-violao-com-tablatura-e-partitura\/","url_meta":{"origin":19735,"position":3},"title":"Como tocar Serenata (Serenade) de Schubert no viol\u00e3o com Tablatura e Partitura.","author":"nevesf","date":"20\/01\/2022","format":"video","excerpt":"Serenata ou no ingl\u00eas Serenade de Franz Schubert \u00e9 uma pe\u00e7a musical cl\u00e1ssica. Neste post indicamos o v\u00eddeo com o arranjo para viol\u00e3o que tamb\u00e9m \u00e9 um tutorial. Nele voc\u00ea pode acompanhar a partitura para viol\u00e3o cl\u00e1ssico, mas tamb\u00e9m a tablatura e as cifras dos acordes, facilitando o aprendizado da\u2026","rel":"","context":"Em &quot;composi\u00e7\u00e3o&quot;","block_context":{"text":"composi\u00e7\u00e3o","link":"https:\/\/musicasemsegredos.com\/index.php\/category\/composicao\/"},"img":{"alt_text":"","src":"https:\/\/i0.wp.com\/musicasemsegredos.com\/wp-content\/uploads\/2022\/01\/guitar-1699501_1920.jpg?fit=1200%2C799&ssl=1&resize=350%2C200","width":350,"height":200,"srcset":"https:\/\/i0.wp.com\/musicasemsegredos.com\/wp-content\/uploads\/2022\/01\/guitar-1699501_1920.jpg?fit=1200%2C799&ssl=1&resize=350%2C200 1x, https:\/\/i0.wp.com\/musicasemsegredos.com\/wp-content\/uploads\/2022\/01\/guitar-1699501_1920.jpg?fit=1200%2C799&ssl=1&resize=525%2C300 1.5x, https:\/\/i0.wp.com\/musicasemsegredos.com\/wp-content\/uploads\/2022\/01\/guitar-1699501_1920.jpg?fit=1200%2C799&ssl=1&resize=700%2C400 2x, https:\/\/i0.wp.com\/musicasemsegredos.com\/wp-content\/uploads\/2022\/01\/guitar-1699501_1920.jpg?fit=1200%2C799&ssl=1&resize=1050%2C600 3x"},"classes":[]},{"id":19144,"url":"https:\/\/musicasemsegredos.com\/index.php\/2022\/05\/17\/rude-cruz-partitura-e-tablatura-para-violao-solo\/","url_meta":{"origin":19735,"position":4},"title":"Rude Cruz &#8211; Partitura e Tablatura para Viol\u00e3o Solo","author":"nevesf","date":"17\/05\/2022","format":false,"excerpt":"Rude cruz, tamb\u00e9m conhecido como A Mensagem da Cruz, \u00e9 um hino crist\u00e3o composto entre 1912-1913 pelo Rev. George Bennard, um evangelista metodista americano. Bernard nasceu em 4 de fevereiro de 1873 na cidade de minera\u00e7\u00e3o de carv\u00e3o e produ\u00e7\u00e3o de ferro de Youngstown, no estado de Ohio. Embora o\u2026","rel":"","context":"Em &quot;composi\u00e7\u00e3o&quot;","block_context":{"text":"composi\u00e7\u00e3o","link":"https:\/\/musicasemsegredos.com\/index.php\/category\/composicao\/"},"img":{"alt_text":"Rude Cruz","src":"https:\/\/i0.wp.com\/musicasemsegredos.com\/wp-content\/uploads\/2022\/05\/oldruggedcross2-e1652796989729.png?fit=809%2C382&ssl=1&resize=350%2C200","width":350,"height":200,"srcset":"https:\/\/i0.wp.com\/musicasemsegredos.com\/wp-content\/uploads\/2022\/05\/oldruggedcross2-e1652796989729.png?fit=809%2C382&ssl=1&resize=350%2C200 1x, https:\/\/i0.wp.com\/musicasemsegredos.com\/wp-content\/uploads\/2022\/05\/oldruggedcross2-e1652796989729.png?fit=809%2C382&ssl=1&resize=525%2C300 1.5x, https:\/\/i0.wp.com\/musicasemsegredos.com\/wp-content\/uploads\/2022\/05\/oldruggedcross2-e1652796989729.png?fit=809%2C382&ssl=1&resize=700%2C400 2x"},"classes":[]},{"id":379,"url":"https:\/\/musicasemsegredos.com\/index.php\/2017\/02\/03\/o-que-e-tabladura-e-para-que-serve\/","url_meta":{"origin":19735,"position":5},"title":"O que \u00e9 Tablatura e para que serve?","author":"nevesf","date":"03\/02\/2017","format":false,"excerpt":"Enquanto o pentagrama \u00e9 um sistema que registra as alturas e ritmos da m\u00fasica, a tablatura ou TAB simboliza as cordas do instrumento. Ent\u00e3o uma tablatura para viol\u00e3o \u00e9 diferente de uma tablatura de cavaquinho ou bandolim. Hist\u00f3ria Apesar de seu uso no rock e m\u00fasica pop, a tablatura nasceu\u2026","rel":"","context":"Em &quot;Pr\u00e1tica de instrumento&quot;","block_context":{"text":"Pr\u00e1tica de instrumento","link":"https:\/\/musicasemsegredos.com\/index.php\/category\/pratica-de-instrumento\/"},"img":{"alt_text":"","src":"https:\/\/i0.wp.com\/musicasemsegredos.com\/wp-content\/uploads\/2017\/02\/tabPalheta-1.jpg?fit=1200%2C900&ssl=1&resize=350%2C200","width":350,"height":200,"srcset":"https:\/\/i0.wp.com\/musicasemsegredos.com\/wp-content\/uploads\/2017\/02\/tabPalheta-1.jpg?fit=1200%2C900&ssl=1&resize=350%2C200 1x, https:\/\/i0.wp.com\/musicasemsegredos.com\/wp-content\/uploads\/2017\/02\/tabPalheta-1.jpg?fit=1200%2C900&ssl=1&resize=525%2C300 1.5x, https:\/\/i0.wp.com\/musicasemsegredos.com\/wp-content\/uploads\/2017\/02\/tabPalheta-1.jpg?fit=1200%2C900&ssl=1&resize=700%2C400 2x, https:\/\/i0.wp.com\/musicasemsegredos.com\/wp-content\/uploads\/2017\/02\/tabPalheta-1.jpg?fit=1200%2C900&ssl=1&resize=1050%2C600 3x"},"classes":[]}],"jetpack_likes_enabled":true,"jetpack_featured_media_url":"https:\/\/i0.wp.com\/musicasemsegredos.com\/wp-content\/uploads\/2023\/12\/Feliz-Natal.png?fit=1280%2C720&ssl=1","_links":{"self":[{"href":"https:\/\/musicasemsegredos.com\/index.php\/wp-json\/wp\/v2\/posts\/19735","targetHints":{"allow":["GET"]}}],"collection":[{"href":"https:\/\/musicasemsegredos.com\/index.php\/wp-json\/wp\/v2\/posts"}],"about":[{"href":"https:\/\/musicasemsegredos.com\/index.php\/wp-json\/wp\/v2\/types\/post"}],"author":[{"embeddable":true,"href":"https:\/\/musicasemsegredos.com\/index.php\/wp-json\/wp\/v2\/users\/1"}],"replies":[{"embeddable":true,"href":"https:\/\/musicasemsegredos.com\/index.php\/wp-json\/wp\/v2\/comments?post=19735"}],"version-history":[{"count":5,"href":"https:\/\/musicasemsegredos.com\/index.php\/wp-json\/wp\/v2\/posts\/19735\/revisions"}],"predecessor-version":[{"id":19740,"href":"https:\/\/musicasemsegredos.com\/index.php\/wp-json\/wp\/v2\/posts\/19735\/revisions\/19740"}],"wp:featuredmedia":[{"embeddable":true,"href":"https:\/\/musicasemsegredos.com\/index.php\/wp-json\/wp\/v2\/media\/19741"}],"wp:attachment":[{"href":"https:\/\/musicasemsegredos.com\/index.php\/wp-json\/wp\/v2\/media?parent=19735"}],"wp:term":[{"taxonomy":"category","embeddable":true,"href":"https:\/\/musicasemsegredos.com\/index.php\/wp-json\/wp\/v2\/categories?post=19735"},{"taxonomy":"post_tag","embeddable":true,"href":"https:\/\/musicasemsegredos.com\/index.php\/wp-json\/wp\/v2\/tags?post=19735"}],"curies":[{"name":"wp","href":"https:\/\/api.w.org\/{rel}","templated":true}]}}