{"id":19721,"date":"2023-11-17T20:20:24","date_gmt":"2023-11-17T23:20:24","guid":{"rendered":"https:\/\/musicasemsegredos.com\/?p=19721"},"modified":"2023-11-17T20:26:59","modified_gmt":"2023-11-17T23:26:59","slug":"wave-de-tom-jobim-dois-arranjos-de-cordas-pra-voce","status":"publish","type":"post","link":"https:\/\/musicasemsegredos.com\/index.php\/2023\/11\/17\/wave-de-tom-jobim-dois-arranjos-de-cordas-pra-voce\/","title":{"rendered":"Wave de Tom Jobim &#8211; Dois Arranjos de cordas pra voc\u00ea."},"content":{"rendered":"\n<p class=\"has-drop-cap wp-block-paragraph\">\u201cWave\u201d \u00e9 uma m\u00fasica em ritmo de bossa nova e jazz escrita por Ant\u00f4nio Carlos Jobim, tamb\u00e9m conhecido como Tom Jobim.  Tom al\u00e9m de compositor era pianista,  arranjador e cantor. Ele foi um dos criadores do estilo de m\u00fasica brasileira conhecida mundialmente como bossa nova. Nascido no Rio de Janeiro em 1927 e falecido em 1994, Jobim foi um compositor prol\u00edfico que escreveu muitas m\u00fasicas que se tornaram padr\u00f5es no repert\u00f3rio de jazz e pop.<\/p>\n\n\n\n<p class=\"wp-block-paragraph\">A m\u00b4usica wave foi e gravada em seu \u00e1lbum de 1967 com o mesmo nome. A vers\u00e3o original era instrumental, mas mais tarde Tom adicionou a letra em portugu\u00eas e tamb\u00e9m a traduziu elaborando uma vers\u00e3o em ingl\u00eas. <\/p>\n\n\n\n<p class=\"wp-block-paragraph\">A  letra em portugu\u00eas tem uma hist\u00f3ria interessante contada pelo pr\u00f3prio Tom. Na \u00e9poca em que escreveu a can\u00e7\u00e3o, ele estava morando nos Estados Unidos e tinha sido convidado a gravar com Frank Sinatra. Ent\u00e3o o colocaram em um quarto de hotel com um piano e foi ali que comp\u00f4s a melodia da m\u00fasica wave. Tom ent\u00e3o, pediu ao Chico Buarque que escrevesse uma letra, mas o tempo foi passando e nenhuma not\u00edcia do Chico. <\/p>\n\n\n\n<p class=\"wp-block-paragraph\">Um dia Jobim resolve ligar para ele pra saber como andava a letra da m\u00fasica. Ele ent\u00e3o lhe respondeu:  &#8220;Ainda n\u00e3o est\u00e1 pronta, mas j\u00e1 tenho o primeiro verso&#8221;. Tom ent\u00e3o quis saber ao que Chico lhe respondeu: &#8220;Vou te contar&#8221;. Depois disso, Tom resolver terminar a letra da m\u00fasica ele mesmo. A vers\u00e3o da letra em ingl\u00eas segue a tamb\u00e9m foi escrita por ele mesmo.<\/p>\n\n\n\n<p class=\"wp-block-paragraph\"> A popularidade de wave pode ser atribu\u00edda \u00e0 sua melodia cativante e \u00e0 forma como captura a ess\u00eancia da m\u00fasica brasileira. Foi interpretada por muitos artistas, incluindo Frank Sinatra, Johnny Mathis e Elis Regina com Toots Thielemans.  <\/p>\n\n\n\n<p class=\"wp-block-paragraph\">Gravada por volta de 500 vezes por artistas de jazz e m\u00fasica pop no Brasil e internacionalmente, tornou-se um \u00edcone internacional da cultura brasileiras.<\/p>\n\n\n\n<p class=\"wp-block-paragraph\"> Agora, vamos falar sobre dois arranjos instrumentais escritos para esta m\u00fasica que trago em destaque neste  post.  O primeiro \u00e9 um arranjo para bandolim para solo com acompanhamento de viol\u00e3o ac\u00fastico.<\/p>\n\n\n\n<p class=\"wp-block-paragraph\">O arranjo para bandolim \u00e9 um \u00f3timo exemplo de como a bossa nova pode ser tocada por um instrumento que tradicionalmente no Brasil \u00e9 usado nas rodas de choro. O bandolim d\u00e1 uma sensa\u00e7\u00e3o leve e arejada, inovando na interpreta\u00e7\u00e3o, mas  mantendo o estilo cl\u00e1ssico da bossa nova. O acompanhamento do viol\u00e3o ac\u00fastico fornece uma boa base r\u00edtmica, enquanto o solo ao bandolim adiciona um toque de virtuosismo \u00e0 performance. <\/p>\n\n\n\n<figure class=\"wp-block-embed is-type-video is-provider-youtube wp-block-embed-youtube wp-embed-aspect-16-9 wp-has-aspect-ratio\"><div class=\"wp-block-embed__wrapper\">\n<span class=\"embed-youtube\" style=\"text-align:center; display: block;\"><iframe loading=\"lazy\" class=\"youtube-player\" width=\"660\" height=\"372\" src=\"https:\/\/www.youtube.com\/embed\/bFctk-_ml68?version=3&#038;rel=1&#038;showsearch=0&#038;showinfo=1&#038;iv_load_policy=1&#038;fs=1&#038;hl=pt-BR&#038;autohide=2&#038;wmode=transparent\" allowfullscreen=\"true\" style=\"border:0;\" sandbox=\"allow-scripts allow-same-origin allow-popups allow-presentation allow-popups-to-escape-sandbox\"><\/iframe><\/span>\n<\/div><\/figure>\n\n\n\n<p class=\"wp-block-paragraph\"> <\/p>\n\n\n\n<div class=\"wp-block-buttons is-content-justification-center is-layout-flex wp-container-core-buttons-is-layout-fe48e5de wp-block-buttons-is-layout-flex\">\n<div class=\"wp-block-button\"><a class=\"wp-block-button__link has-text-align-center wp-element-button\" href=\"https:\/\/www.sheetmusicdirect.com\/en-US\/se\/ID_No\/1416872\/Product.aspx?affiliate=65400\" target=\"_blank\" rel=\"noreferrer noopener\">Compre a partitura com tablaturas<\/a><\/div>\n<\/div>\n\n\n\n<p class=\"wp-block-paragraph\">O segundo \u00e9 um arranjo para violino solo com acompanhamento de viol\u00e3o ac\u00fastico  com o Cello tocando a linha de baixo. O Cello tamb\u00e9m pode ser substitu\u00eddo por baixol\u00e3o, baixo el\u00e9trico e at\u00e9 mesmo o contrabaixo ac\u00fastico no estilo jazz, sem o arco. O violino \u00e9 um instrumento vers\u00e1til que \u00e9 usado em muitos estilos diferentes de m\u00fasica, do cl\u00e1ssico ao rock, jazz ou bossa nova.<\/p>\n\n\n\n<figure class=\"wp-block-embed is-type-video is-provider-youtube wp-block-embed-youtube wp-embed-aspect-16-9 wp-has-aspect-ratio\"><div class=\"wp-block-embed__wrapper\">\n<span class=\"embed-youtube\" style=\"text-align:center; display: block;\"><iframe loading=\"lazy\" class=\"youtube-player\" width=\"660\" height=\"372\" src=\"https:\/\/www.youtube.com\/embed\/_9s-TNN-wbw?version=3&#038;rel=1&#038;showsearch=0&#038;showinfo=1&#038;iv_load_policy=1&#038;fs=1&#038;hl=pt-BR&#038;autohide=2&#038;wmode=transparent\" allowfullscreen=\"true\" style=\"border:0;\" sandbox=\"allow-scripts allow-same-origin allow-popups allow-presentation allow-popups-to-escape-sandbox\"><\/iframe><\/span>\n<\/div><\/figure>\n\n\n\n<div class=\"wp-block-buttons is-content-justification-center is-layout-flex wp-container-core-buttons-is-layout-fe48e5de wp-block-buttons-is-layout-flex\">\n<div class=\"wp-block-button\"><a class=\"wp-block-button__link has-text-align-center wp-element-button\" href=\"https:\/\/www.sheetmusicdirect.com\/en-US\/se\/ID_No\/1416874\/Product.aspx?affiliate=65400\" target=\"_blank\" rel=\"noreferrer noopener\">Compre a partitura <\/a><\/div>\n<\/div>\n\n\n\n<p class=\"wp-block-paragraph\">Enquanto o bandolim no primeiro arranjo tem um som brilhante e alegre que \u00e9 perfeito para tocar em ritmo de bossa nova, o arranjo para violino, por outro lado, d\u00e1 uma abordagem mais sombria e introspectiva da m\u00fasica. O solo de violino \u00e9 lindamente mel\u00f3dico, e o violoncelo fornece uma linha de baixo andante (walking bass) t\u00edpica do jazz complementando a harmonia e ritmo do viol\u00e3o.<\/p>\n\n\n\n<p class=\"wp-block-paragraph\">  Ant\u00f4nio Carlos Jobim era um mestre da melodia e harmonia, e \u201cWave\u201d \u00e9 um exemplo perfeito de seu g\u00eanio. A melodia da m\u00fasica \u00e9 simples e cativante, mas tem uma estrutura harm\u00f4nica sofisticada que \u00e9 t\u00edpica da m\u00fasica de Jobim. <\/p>\n\n\n\n<h3 class=\"wp-block-heading\">Letra da M\u00fasica em Portugu\u00eas<\/h3>\n\n\n\n<p class=\"wp-block-paragraph\">Vou te contar<br>Que os olhos j\u00e1 nem podem ver<br>Coisas que s\u00f3 o cora\u00e7\u00e3o pode entender<br>Fundamental \u00e9 mesmo o amor<br>\u00c9 imposs\u00edvel ser feliz sozinho<\/p>\n\n\n\n<p class=\"wp-block-paragraph\">O resto \u00e9 mar<br>\u00c9 tudo que n\u00e3o sei contar<br>S\u00e3o coisas lindas que eu tenho pra te dar<br>Fundamental \u00e9 mesmo o amor<br>\u00c9 imposs\u00edvel ser feliz sozinho<\/p>\n\n\n\n<p class=\"wp-block-paragraph\">Da primeira vez, era a cidade<br>Da segunda, o cais, a eternidade<\/p>\n\n\n\n<p class=\"wp-block-paragraph\">Agora eu j\u00e1 sei<br>Da onda que se ergueu no mar<br>E das estrelas que esquecemos de contar<br>O amor se deixa surpreender<br>Enquanto a noite vem nos envolver<\/p>\n\n\n\n<p class=\"wp-block-paragraph\">Da primeira vez, era a cidade<br>Da segunda, o cais, a eternidade<\/p>\n\n\n\n<p class=\"wp-block-paragraph\">Agora eu j\u00e1 sei<br>Da onda que se ergueu no mar<br>E das estrelas que esquecemos de contar<br>O amor se deixa surpreender<br>Enquanto a noite vem nos envolver<\/p>\n\n\n\n<h3 class=\"wp-block-heading\">Letra da M\u00fasica em Ingl\u00eas<\/h3>\n\n\n\n<p class=\"wp-block-paragraph\">So close your eyes, for that&#8217;s a lovely way to be<br>Aware of things your heart alone was meant to see<br>The fundamental loneliness goes whenever two can dream a dream together<\/p>\n\n\n\n<p class=\"wp-block-paragraph\">You can&#8217;t deny, don&#8217;t try to fight the rising sea<br>Don&#8217;t fight the moon, the stars above, don&#8217;t fight me<br>The fundamental loneliness goes whenever two can dream a dream together<\/p>\n\n\n\n<p class=\"wp-block-paragraph\">When I saw you first, the time was half past three<br>When your eyes met mine, it was eternity<br>By now we know the wave is on it&#8217;s way to be<br>Just catch the wave, don&#8217;t be afraid of loving me<br>The fundamental loneliness goes whenever two can dream a dream together<\/p>\n\n\n\n<p class=\"wp-block-paragraph\">When I saw you first the time was half past three<br>When your eyes met mine it was eternity<br>By now we know the wave is on it way to be<br>Just catch that wave don&#8217;t be afraid of loving me<br>The fundamental loneliness goes whenever two can dream a dream together<\/p>\n\n\n\n<p class=\"wp-block-paragraph\">Together<\/p>\n\n\n\n<p class=\"wp-block-paragraph\">Together<\/p>\n","protected":false},"excerpt":{"rendered":"<p>\u201cWave\u201d \u00e9 uma m\u00fasica em ritmo de bossa nova e jazz escrita por Ant\u00f4nio Carlos Jobim, tamb\u00e9m conhecido como Tom Jobim. Tom al\u00e9m de compositor era pianista, arranjador e cantor. Ele foi um dos criadores do estilo de m\u00fasica brasileira conhecida mundialmente como bossa nova. Nascido no Rio de Janeiro em 1927 e falecido em &hellip; <a href=\"https:\/\/musicasemsegredos.com\/index.php\/2023\/11\/17\/wave-de-tom-jobim-dois-arranjos-de-cordas-pra-voce\/\" class=\"more-link\">Continuar lendo <span class=\"screen-reader-text\">Wave de Tom Jobim &#8211; Dois Arranjos de cordas pra voc\u00ea.<\/span><\/a><\/p>\n","protected":false},"author":1,"featured_media":19727,"comment_status":"open","ping_status":"open","sticky":false,"template":"","format":"standard","meta":{"_jetpack_newsletter_access":"","_jetpack_dont_email_post_to_subs":false,"_jetpack_newsletter_tier_id":0,"_jetpack_memberships_contains_paywalled_content":false,"_jetpack_feature_clip_id":0,"_jetpack_memberships_contains_paid_content":false,"footnotes":"","jetpack_publicize_message":"","jetpack_publicize_feature_enabled":true,"jetpack_social_post_already_shared":true,"jetpack_social_options":{"image_generator_settings":{"template":"highway","default_image_id":0,"font":"","enabled":false},"version":2},"jetpack_post_was_ever_published":false},"categories":[647,709,616,666,615,178,106,718],"tags":[1497,1490,1492,1498,1488,1109,1479,329,1179,1482,1495,1216,80,916,7,1494,1480,1499,1485,1477,5,1159,1475,13,1491,624,1107,1483,876,719,23,657,1493,1486,679,1476],"class_list":["post-19721","post","type-post","status-publish","format-standard","has-post-thumbnail","hentry","category-bandolim","category-composicao","category-guitarra","category-instrumento-musical","category-musica","category-partituras","category-pratica-de-instrumento","category-tablatura","tag-acompanhamento-de-guitarra","tag-antonio-carlos-jobim-2","tag-arranjador","tag-arranjos-instrumentais","tag-artistas-de-jazz","tag-bossa-nova","tag-cantor","tag-compositor","tag-elis-regina","tag-essencia-da-musica-brasileira","tag-estilo-musical","tag-frank-sinatra","tag-gravacao","tag-instrumental","tag-jazz","tag-johnny-mathis","tag-letra-em-ingles","tag-letra-em-portugues","tag-linha-de-baixo","tag-mandolim-solo","tag-musica","tag-musica-brasileira-2","tag-padroes-de-jazz","tag-partitura","tag-pianista","tag-pop","tag-rio-de-janeiro","tag-sensacao-leve","tag-solo","tag-tablatura","tag-teoria-musical","tag-tom-jobim","tag-toots-thielemans","tag-violino-solo","tag-violoncelo","tag-wave"],"aioseo_notices":[],"aioseo_head":"\n\t\t<!-- All in One SEO 5.0.1.1 - aioseo.com -->\n\t<meta name=\"description\" content=\"\u201cWave\u201d \u00e9 uma m\u00fasica em ritmo de bossa nova e jazz escrita por Ant\u00f4nio Carlos Jobim, tamb\u00e9m conhecido como Tom Jobim. Tom al\u00e9m de compositor era pianista, arranjador e cantor. Ele foi um dos criadores do estilo de m\u00fasica brasileira conhecida mundialmente como bossa nova. Nascido no Rio de Janeiro em 1927 e falecido em\" \/>\n\t<meta name=\"robots\" content=\"max-image-preview:large\" \/>\n\t<meta name=\"author\" content=\"nevesf\"\/>\n\t<link rel=\"canonical\" href=\"https:\/\/musicasemsegredos.com\/index.php\/2023\/11\/17\/wave-de-tom-jobim-dois-arranjos-de-cordas-pra-voce\/\" \/>\n\t<meta name=\"generator\" content=\"All in One SEO (AIOSEO) 5.0.1.1\" \/>\n\t\t<meta property=\"og:locale\" content=\"pt_BR\" \/>\n\t\t<meta property=\"og:site_name\" content=\"M\u00fasica sem Segredos - Musica para todos\" \/>\n\t\t<meta property=\"og:type\" content=\"article\" \/>\n\t\t<meta property=\"og:title\" content=\"Wave de Tom Jobim \u2013 Dois Arranjos de cordas pra voc\u00ea. - M\u00fasica sem Segredos\" \/>\n\t\t<meta property=\"og:description\" content=\"\u201cWave\u201d \u00e9 uma m\u00fasica em ritmo de bossa nova e jazz escrita por Ant\u00f4nio Carlos Jobim, tamb\u00e9m conhecido como Tom Jobim. Tom al\u00e9m de compositor era pianista, arranjador e cantor. Ele foi um dos criadores do estilo de m\u00fasica brasileira conhecida mundialmente como bossa nova. Nascido no Rio de Janeiro em 1927 e falecido em\" \/>\n\t\t<meta property=\"og:url\" content=\"https:\/\/musicasemsegredos.com\/index.php\/2023\/11\/17\/wave-de-tom-jobim-dois-arranjos-de-cordas-pra-voce\/\" \/>\n\t\t<meta property=\"og:image\" content=\"https:\/\/i0.wp.com\/musicasemsegredos.com\/wp-content\/uploads\/2017\/01\/cropped-cropped-MusicaSemSegredos512x512.jpg?fit=248248&#038;ssl=1\" \/>\n\t\t<meta property=\"og:image:secure_url\" content=\"https:\/\/i0.wp.com\/musicasemsegredos.com\/wp-content\/uploads\/2017\/01\/cropped-cropped-MusicaSemSegredos512x512.jpg?fit=248248&#038;ssl=1\" \/>\n\t\t<meta property=\"article:published_time\" content=\"2023-11-17T23:20:24+00:00\" \/>\n\t\t<meta property=\"article:modified_time\" content=\"2023-11-17T23:26:59+00:00\" \/>\n\t\t<meta name=\"twitter:card\" content=\"summary_large_image\" \/>\n\t\t<meta name=\"twitter:title\" content=\"Wave de Tom Jobim \u2013 Dois Arranjos de cordas pra voc\u00ea. - M\u00fasica sem Segredos\" \/>\n\t\t<meta name=\"twitter:description\" content=\"\u201cWave\u201d \u00e9 uma m\u00fasica em ritmo de bossa nova e jazz escrita por Ant\u00f4nio Carlos Jobim, tamb\u00e9m conhecido como Tom Jobim. Tom al\u00e9m de compositor era pianista, arranjador e cantor. Ele foi um dos criadores do estilo de m\u00fasica brasileira conhecida mundialmente como bossa nova. Nascido no Rio de Janeiro em 1927 e falecido em\" \/>\n\t\t<meta name=\"twitter:image\" content=\"https:\/\/i0.wp.com\/musicasemsegredos.com\/wp-content\/uploads\/2017\/01\/cropped-cropped-MusicaSemSegredos512x512.jpg?fit=248248&amp;ssl=1\" \/>\n\t\t<script type=\"application\/ld+json\" class=\"aioseo-schema\">\n\t\t\t{\"@context\":\"https:\\\/\\\/schema.org\",\"@graph\":[{\"@type\":\"BlogPosting\",\"@id\":\"https:\\\/\\\/musicasemsegredos.com\\\/index.php\\\/2023\\\/11\\\/17\\\/wave-de-tom-jobim-dois-arranjos-de-cordas-pra-voce\\\/#blogposting\",\"name\":\"Wave de Tom Jobim \\u2013 Dois Arranjos de cordas pra voc\\u00ea. - M\\u00fasica sem Segredos\",\"headline\":\"Wave de Tom Jobim &#8211; Dois Arranjos de cordas pra voc\\u00ea.\",\"author\":{\"@id\":\"https:\\\/\\\/musicasemsegredos.com\\\/index.php\\\/author\\\/nevesf\\\/#author\"},\"publisher\":{\"@id\":\"https:\\\/\\\/musicasemsegredos.com\\\/#organization\"},\"image\":{\"@type\":\"ImageObject\",\"url\":\"https:\\\/\\\/i0.wp.com\\\/musicasemsegredos.com\\\/wp-content\\\/uploads\\\/2023\\\/11\\\/Wave-ViolinGuitarCello-1.webp?fit=825%2C510&ssl=1\",\"width\":825,\"height\":510,\"caption\":\"wave violino, cello, violaobandolim\"},\"datePublished\":\"2023-11-17T20:20:24-03:00\",\"dateModified\":\"2023-11-17T20:26:59-03:00\",\"inLanguage\":\"pt-BR\",\"mainEntityOfPage\":{\"@id\":\"https:\\\/\\\/musicasemsegredos.com\\\/index.php\\\/2023\\\/11\\\/17\\\/wave-de-tom-jobim-dois-arranjos-de-cordas-pra-voce\\\/#webpage\"},\"isPartOf\":{\"@id\":\"https:\\\/\\\/musicasemsegredos.com\\\/index.php\\\/2023\\\/11\\\/17\\\/wave-de-tom-jobim-dois-arranjos-de-cordas-pra-voce\\\/#webpage\"},\"articleSection\":\"bandolim, composi\\u00e7\\u00e3o, guitarra, Instrumento Musical, musica, Partituras, Pr\\u00e1tica de instrumento, tablatura, Acompanhamento de guitarra, Ant\\u00f4nio Carlos Jobim, Arranjador, Arranjos instrumentais, Artistas de jazz, bossa nova, Cantor, compositor, Elis Regina, Ess\\u00eancia da m\\u00fasica brasileira, Estilo musical, Frank Sinatra, grava\\u00e7\\u00e3o, instrumental, jazz, Johnny Mathis, Letra em ingl\\u00eas, Letra em portugu\\u00eas, Linha de baixo, Mandolim solo, musica, m\\u00fasica brasileira, Padr\\u00f5es de jazz, partitura, Pianista, pop, rio de janeiro, Sensa\\u00e7\\u00e3o leve, solo, tablatura, teoria musical, tom jobim, Toots Thielemans, Violino solo, violoncelo, Wave\"},{\"@type\":\"BreadcrumbList\",\"@id\":\"https:\\\/\\\/musicasemsegredos.com\\\/index.php\\\/2023\\\/11\\\/17\\\/wave-de-tom-jobim-dois-arranjos-de-cordas-pra-voce\\\/#breadcrumblist\",\"itemListElement\":[{\"@type\":\"ListItem\",\"@id\":\"https:\\\/\\\/musicasemsegredos.com#listItem\",\"position\":1,\"name\":\"Home\",\"item\":\"https:\\\/\\\/musicasemsegredos.com\",\"nextItem\":{\"@type\":\"ListItem\",\"@id\":\"https:\\\/\\\/musicasemsegredos.com\\\/index.php\\\/category\\\/pratica-de-instrumento\\\/#listItem\",\"name\":\"Pr\\u00e1tica de instrumento\"}},{\"@type\":\"ListItem\",\"@id\":\"https:\\\/\\\/musicasemsegredos.com\\\/index.php\\\/category\\\/pratica-de-instrumento\\\/#listItem\",\"position\":2,\"name\":\"Pr\\u00e1tica de instrumento\",\"item\":\"https:\\\/\\\/musicasemsegredos.com\\\/index.php\\\/category\\\/pratica-de-instrumento\\\/\",\"nextItem\":{\"@type\":\"ListItem\",\"@id\":\"https:\\\/\\\/musicasemsegredos.com\\\/index.php\\\/2023\\\/11\\\/17\\\/wave-de-tom-jobim-dois-arranjos-de-cordas-pra-voce\\\/#listItem\",\"name\":\"Wave de Tom Jobim &#8211; Dois Arranjos de cordas pra voc\\u00ea.\"},\"previousItem\":{\"@type\":\"ListItem\",\"@id\":\"https:\\\/\\\/musicasemsegredos.com#listItem\",\"name\":\"Home\"}},{\"@type\":\"ListItem\",\"@id\":\"https:\\\/\\\/musicasemsegredos.com\\\/index.php\\\/2023\\\/11\\\/17\\\/wave-de-tom-jobim-dois-arranjos-de-cordas-pra-voce\\\/#listItem\",\"position\":3,\"name\":\"Wave de Tom Jobim &#8211; Dois Arranjos de cordas pra voc\\u00ea.\",\"previousItem\":{\"@type\":\"ListItem\",\"@id\":\"https:\\\/\\\/musicasemsegredos.com\\\/index.php\\\/category\\\/pratica-de-instrumento\\\/#listItem\",\"name\":\"Pr\\u00e1tica de instrumento\"}}]},{\"@type\":\"Organization\",\"@id\":\"https:\\\/\\\/musicasemsegredos.com\\\/#organization\",\"name\":\"M\\u00fasica sem Segredos\",\"description\":\"Musica para todos\",\"url\":\"https:\\\/\\\/musicasemsegredos.com\\\/\",\"logo\":{\"@type\":\"ImageObject\",\"url\":\"https:\\\/\\\/i0.wp.com\\\/musicasemsegredos.com\\\/wp-content\\\/uploads\\\/2017\\\/01\\\/cropped-cropped-MusicaSemSegredos512x512.jpg?fit=248%2C248&ssl=1\",\"@id\":\"https:\\\/\\\/musicasemsegredos.com\\\/index.php\\\/2023\\\/11\\\/17\\\/wave-de-tom-jobim-dois-arranjos-de-cordas-pra-voce\\\/#organizationLogo\",\"width\":248,\"height\":248},\"image\":{\"@id\":\"https:\\\/\\\/musicasemsegredos.com\\\/index.php\\\/2023\\\/11\\\/17\\\/wave-de-tom-jobim-dois-arranjos-de-cordas-pra-voce\\\/#organizationLogo\"}},{\"@type\":\"Person\",\"@id\":\"https:\\\/\\\/musicasemsegredos.com\\\/index.php\\\/author\\\/nevesf\\\/#author\",\"url\":\"https:\\\/\\\/musicasemsegredos.com\\\/index.php\\\/author\\\/nevesf\\\/\",\"name\":\"nevesf\",\"image\":{\"@type\":\"ImageObject\",\"@id\":\"https:\\\/\\\/musicasemsegredos.com\\\/index.php\\\/2023\\\/11\\\/17\\\/wave-de-tom-jobim-dois-arranjos-de-cordas-pra-voce\\\/#authorImage\",\"url\":\"https:\\\/\\\/secure.gravatar.com\\\/avatar\\\/40a180061deabb68d04bd9f812bde2b372b5d57984baf7dd947ee866377d90fb?s=96&d=blank&r=g\",\"width\":96,\"height\":96,\"caption\":\"nevesf\"}},{\"@type\":\"WebPage\",\"@id\":\"https:\\\/\\\/musicasemsegredos.com\\\/index.php\\\/2023\\\/11\\\/17\\\/wave-de-tom-jobim-dois-arranjos-de-cordas-pra-voce\\\/#webpage\",\"url\":\"https:\\\/\\\/musicasemsegredos.com\\\/index.php\\\/2023\\\/11\\\/17\\\/wave-de-tom-jobim-dois-arranjos-de-cordas-pra-voce\\\/\",\"name\":\"Wave de Tom Jobim \\u2013 Dois Arranjos de cordas pra voc\\u00ea. - M\\u00fasica sem Segredos\",\"description\":\"\\u201cWave\\u201d \\u00e9 uma m\\u00fasica em ritmo de bossa nova e jazz escrita por Ant\\u00f4nio Carlos Jobim, tamb\\u00e9m conhecido como Tom Jobim. Tom al\\u00e9m de compositor era pianista, arranjador e cantor. Ele foi um dos criadores do estilo de m\\u00fasica brasileira conhecida mundialmente como bossa nova. Nascido no Rio de Janeiro em 1927 e falecido em\",\"inLanguage\":\"pt-BR\",\"isPartOf\":{\"@id\":\"https:\\\/\\\/musicasemsegredos.com\\\/#website\"},\"breadcrumb\":{\"@id\":\"https:\\\/\\\/musicasemsegredos.com\\\/index.php\\\/2023\\\/11\\\/17\\\/wave-de-tom-jobim-dois-arranjos-de-cordas-pra-voce\\\/#breadcrumblist\"},\"author\":{\"@id\":\"https:\\\/\\\/musicasemsegredos.com\\\/index.php\\\/author\\\/nevesf\\\/#author\"},\"creator\":{\"@id\":\"https:\\\/\\\/musicasemsegredos.com\\\/index.php\\\/author\\\/nevesf\\\/#author\"},\"image\":{\"@type\":\"ImageObject\",\"url\":\"https:\\\/\\\/i0.wp.com\\\/musicasemsegredos.com\\\/wp-content\\\/uploads\\\/2023\\\/11\\\/Wave-ViolinGuitarCello-1.webp?fit=825%2C510&ssl=1\",\"@id\":\"https:\\\/\\\/musicasemsegredos.com\\\/index.php\\\/2023\\\/11\\\/17\\\/wave-de-tom-jobim-dois-arranjos-de-cordas-pra-voce\\\/#mainImage\",\"width\":825,\"height\":510,\"caption\":\"wave violino, cello, violaobandolim\"},\"primaryImageOfPage\":{\"@id\":\"https:\\\/\\\/musicasemsegredos.com\\\/index.php\\\/2023\\\/11\\\/17\\\/wave-de-tom-jobim-dois-arranjos-de-cordas-pra-voce\\\/#mainImage\"},\"datePublished\":\"2023-11-17T20:20:24-03:00\",\"dateModified\":\"2023-11-17T20:26:59-03:00\"},{\"@type\":\"WebSite\",\"@id\":\"https:\\\/\\\/musicasemsegredos.com\\\/#website\",\"url\":\"https:\\\/\\\/musicasemsegredos.com\\\/\",\"name\":\"M\\u00fasica sem Segredos\",\"description\":\"Musica para todos\",\"inLanguage\":\"pt-BR\",\"publisher\":{\"@id\":\"https:\\\/\\\/musicasemsegredos.com\\\/#organization\"}}]}\n\t\t<\/script>\n\t\t<!-- All in One SEO -->\n\n","aioseo_head_json":{"title":"Wave de Tom Jobim \u2013 Dois Arranjos de cordas pra voc\u00ea. - M\u00fasica sem Segredos","description":"\u201cWave\u201d \u00e9 uma m\u00fasica em ritmo de bossa nova e jazz escrita por Ant\u00f4nio Carlos Jobim, tamb\u00e9m conhecido como Tom Jobim. Tom al\u00e9m de compositor era pianista, arranjador e cantor. Ele foi um dos criadores do estilo de m\u00fasica brasileira conhecida mundialmente como bossa nova. Nascido no Rio de Janeiro em 1927 e falecido em","canonical_url":"https:\/\/musicasemsegredos.com\/index.php\/2023\/11\/17\/wave-de-tom-jobim-dois-arranjos-de-cordas-pra-voce\/","robots":"max-image-preview:large","keywords":"","webmasterTools":{"miscellaneous":""},"schema":{"@context":"https:\/\/schema.org","@graph":[{"@type":"BlogPosting","@id":"https:\/\/musicasemsegredos.com\/index.php\/2023\/11\/17\/wave-de-tom-jobim-dois-arranjos-de-cordas-pra-voce\/#blogposting","name":"Wave de Tom Jobim \u2013 Dois Arranjos de cordas pra voc\u00ea. - M\u00fasica sem Segredos","headline":"Wave de Tom Jobim &#8211; Dois Arranjos de cordas pra voc\u00ea.","author":{"@id":"https:\/\/musicasemsegredos.com\/index.php\/author\/nevesf\/#author"},"publisher":{"@id":"https:\/\/musicasemsegredos.com\/#organization"},"image":{"@type":"ImageObject","url":"https:\/\/i0.wp.com\/musicasemsegredos.com\/wp-content\/uploads\/2023\/11\/Wave-ViolinGuitarCello-1.webp?fit=825%2C510&ssl=1","width":825,"height":510,"caption":"wave violino, cello, violaobandolim"},"datePublished":"2023-11-17T20:20:24-03:00","dateModified":"2023-11-17T20:26:59-03:00","inLanguage":"pt-BR","mainEntityOfPage":{"@id":"https:\/\/musicasemsegredos.com\/index.php\/2023\/11\/17\/wave-de-tom-jobim-dois-arranjos-de-cordas-pra-voce\/#webpage"},"isPartOf":{"@id":"https:\/\/musicasemsegredos.com\/index.php\/2023\/11\/17\/wave-de-tom-jobim-dois-arranjos-de-cordas-pra-voce\/#webpage"},"articleSection":"bandolim, composi\u00e7\u00e3o, guitarra, Instrumento Musical, musica, Partituras, Pr\u00e1tica de instrumento, tablatura, Acompanhamento de guitarra, Ant\u00f4nio Carlos Jobim, Arranjador, Arranjos instrumentais, Artistas de jazz, bossa nova, Cantor, compositor, Elis Regina, Ess\u00eancia da m\u00fasica brasileira, Estilo musical, Frank Sinatra, grava\u00e7\u00e3o, instrumental, jazz, Johnny Mathis, Letra em ingl\u00eas, Letra em portugu\u00eas, Linha de baixo, Mandolim solo, musica, m\u00fasica brasileira, Padr\u00f5es de jazz, partitura, Pianista, pop, rio de janeiro, Sensa\u00e7\u00e3o leve, solo, tablatura, teoria musical, tom jobim, Toots Thielemans, Violino solo, violoncelo, Wave"},{"@type":"BreadcrumbList","@id":"https:\/\/musicasemsegredos.com\/index.php\/2023\/11\/17\/wave-de-tom-jobim-dois-arranjos-de-cordas-pra-voce\/#breadcrumblist","itemListElement":[{"@type":"ListItem","@id":"https:\/\/musicasemsegredos.com#listItem","position":1,"name":"Home","item":"https:\/\/musicasemsegredos.com","nextItem":{"@type":"ListItem","@id":"https:\/\/musicasemsegredos.com\/index.php\/category\/pratica-de-instrumento\/#listItem","name":"Pr\u00e1tica de instrumento"}},{"@type":"ListItem","@id":"https:\/\/musicasemsegredos.com\/index.php\/category\/pratica-de-instrumento\/#listItem","position":2,"name":"Pr\u00e1tica de instrumento","item":"https:\/\/musicasemsegredos.com\/index.php\/category\/pratica-de-instrumento\/","nextItem":{"@type":"ListItem","@id":"https:\/\/musicasemsegredos.com\/index.php\/2023\/11\/17\/wave-de-tom-jobim-dois-arranjos-de-cordas-pra-voce\/#listItem","name":"Wave de Tom Jobim &#8211; Dois Arranjos de cordas pra voc\u00ea."},"previousItem":{"@type":"ListItem","@id":"https:\/\/musicasemsegredos.com#listItem","name":"Home"}},{"@type":"ListItem","@id":"https:\/\/musicasemsegredos.com\/index.php\/2023\/11\/17\/wave-de-tom-jobim-dois-arranjos-de-cordas-pra-voce\/#listItem","position":3,"name":"Wave de Tom Jobim &#8211; Dois Arranjos de cordas pra voc\u00ea.","previousItem":{"@type":"ListItem","@id":"https:\/\/musicasemsegredos.com\/index.php\/category\/pratica-de-instrumento\/#listItem","name":"Pr\u00e1tica de instrumento"}}]},{"@type":"Organization","@id":"https:\/\/musicasemsegredos.com\/#organization","name":"M\u00fasica sem Segredos","description":"Musica para todos","url":"https:\/\/musicasemsegredos.com\/","logo":{"@type":"ImageObject","url":"https:\/\/i0.wp.com\/musicasemsegredos.com\/wp-content\/uploads\/2017\/01\/cropped-cropped-MusicaSemSegredos512x512.jpg?fit=248%2C248&ssl=1","@id":"https:\/\/musicasemsegredos.com\/index.php\/2023\/11\/17\/wave-de-tom-jobim-dois-arranjos-de-cordas-pra-voce\/#organizationLogo","width":248,"height":248},"image":{"@id":"https:\/\/musicasemsegredos.com\/index.php\/2023\/11\/17\/wave-de-tom-jobim-dois-arranjos-de-cordas-pra-voce\/#organizationLogo"}},{"@type":"Person","@id":"https:\/\/musicasemsegredos.com\/index.php\/author\/nevesf\/#author","url":"https:\/\/musicasemsegredos.com\/index.php\/author\/nevesf\/","name":"nevesf","image":{"@type":"ImageObject","@id":"https:\/\/musicasemsegredos.com\/index.php\/2023\/11\/17\/wave-de-tom-jobim-dois-arranjos-de-cordas-pra-voce\/#authorImage","url":"https:\/\/secure.gravatar.com\/avatar\/40a180061deabb68d04bd9f812bde2b372b5d57984baf7dd947ee866377d90fb?s=96&d=blank&r=g","width":96,"height":96,"caption":"nevesf"}},{"@type":"WebPage","@id":"https:\/\/musicasemsegredos.com\/index.php\/2023\/11\/17\/wave-de-tom-jobim-dois-arranjos-de-cordas-pra-voce\/#webpage","url":"https:\/\/musicasemsegredos.com\/index.php\/2023\/11\/17\/wave-de-tom-jobim-dois-arranjos-de-cordas-pra-voce\/","name":"Wave de Tom Jobim \u2013 Dois Arranjos de cordas pra voc\u00ea. - M\u00fasica sem Segredos","description":"\u201cWave\u201d \u00e9 uma m\u00fasica em ritmo de bossa nova e jazz escrita por Ant\u00f4nio Carlos Jobim, tamb\u00e9m conhecido como Tom Jobim. Tom al\u00e9m de compositor era pianista, arranjador e cantor. Ele foi um dos criadores do estilo de m\u00fasica brasileira conhecida mundialmente como bossa nova. Nascido no Rio de Janeiro em 1927 e falecido em","inLanguage":"pt-BR","isPartOf":{"@id":"https:\/\/musicasemsegredos.com\/#website"},"breadcrumb":{"@id":"https:\/\/musicasemsegredos.com\/index.php\/2023\/11\/17\/wave-de-tom-jobim-dois-arranjos-de-cordas-pra-voce\/#breadcrumblist"},"author":{"@id":"https:\/\/musicasemsegredos.com\/index.php\/author\/nevesf\/#author"},"creator":{"@id":"https:\/\/musicasemsegredos.com\/index.php\/author\/nevesf\/#author"},"image":{"@type":"ImageObject","url":"https:\/\/i0.wp.com\/musicasemsegredos.com\/wp-content\/uploads\/2023\/11\/Wave-ViolinGuitarCello-1.webp?fit=825%2C510&ssl=1","@id":"https:\/\/musicasemsegredos.com\/index.php\/2023\/11\/17\/wave-de-tom-jobim-dois-arranjos-de-cordas-pra-voce\/#mainImage","width":825,"height":510,"caption":"wave violino, cello, violaobandolim"},"primaryImageOfPage":{"@id":"https:\/\/musicasemsegredos.com\/index.php\/2023\/11\/17\/wave-de-tom-jobim-dois-arranjos-de-cordas-pra-voce\/#mainImage"},"datePublished":"2023-11-17T20:20:24-03:00","dateModified":"2023-11-17T20:26:59-03:00"},{"@type":"WebSite","@id":"https:\/\/musicasemsegredos.com\/#website","url":"https:\/\/musicasemsegredos.com\/","name":"M\u00fasica sem Segredos","description":"Musica para todos","inLanguage":"pt-BR","publisher":{"@id":"https:\/\/musicasemsegredos.com\/#organization"}}]},"og:locale":"pt_BR","og:site_name":"M\u00fasica sem Segredos - Musica para todos","og:type":"article","og:title":"Wave de Tom Jobim \u2013 Dois Arranjos de cordas pra voc\u00ea. - M\u00fasica sem Segredos","og:description":"\u201cWave\u201d \u00e9 uma m\u00fasica em ritmo de bossa nova e jazz escrita por Ant\u00f4nio Carlos Jobim, tamb\u00e9m conhecido como Tom Jobim. Tom al\u00e9m de compositor era pianista, arranjador e cantor. Ele foi um dos criadores do estilo de m\u00fasica brasileira conhecida mundialmente como bossa nova. Nascido no Rio de Janeiro em 1927 e falecido em","og:url":"https:\/\/musicasemsegredos.com\/index.php\/2023\/11\/17\/wave-de-tom-jobim-dois-arranjos-de-cordas-pra-voce\/","og:image":"https:\/\/i0.wp.com\/musicasemsegredos.com\/wp-content\/uploads\/2017\/01\/cropped-cropped-MusicaSemSegredos512x512.jpg?fit=248248&#038;ssl=1","og:image:secure_url":"https:\/\/i0.wp.com\/musicasemsegredos.com\/wp-content\/uploads\/2017\/01\/cropped-cropped-MusicaSemSegredos512x512.jpg?fit=248248&#038;ssl=1","article:published_time":"2023-11-17T23:20:24+00:00","article:modified_time":"2023-11-17T23:26:59+00:00","twitter:card":"summary_large_image","twitter:title":"Wave de Tom Jobim \u2013 Dois Arranjos de cordas pra voc\u00ea. - M\u00fasica sem Segredos","twitter:description":"\u201cWave\u201d \u00e9 uma m\u00fasica em ritmo de bossa nova e jazz escrita por Ant\u00f4nio Carlos Jobim, tamb\u00e9m conhecido como Tom Jobim. Tom al\u00e9m de compositor era pianista, arranjador e cantor. Ele foi um dos criadores do estilo de m\u00fasica brasileira conhecida mundialmente como bossa nova. Nascido no Rio de Janeiro em 1927 e falecido em","twitter:image":"https:\/\/i0.wp.com\/musicasemsegredos.com\/wp-content\/uploads\/2017\/01\/cropped-cropped-MusicaSemSegredos512x512.jpg?fit=248248&ssl=1"},"aioseo_meta_data":{"post_id":"19721","title":null,"description":null,"keywords":null,"keyphrases":null,"focus_keyword":null,"additional_keywords":null,"truseo_locale":null,"primary_term":null,"canonical_url":null,"og_title":null,"og_description":null,"og_object_type":"default","og_image_type":"default","og_image_custom_url":null,"og_image_custom_fields":null,"og_image_url":null,"og_image_width":null,"og_image_height":null,"og_video":null,"og_custom_url":null,"og_article_section":null,"og_article_tags":null,"twitter_use_og":false,"twitter_card":"default","twitter_image_type":"default","twitter_image_custom_url":null,"twitter_image_custom_fields":null,"twitter_image_url":null,"twitter_title":null,"twitter_description":null,"schema_type":"default","schema_type_options":null,"schema":{"blockGraphs":[],"customGraphs":[],"default":{"data":{"Article":[],"Course":[],"Dataset":[],"FAQPage":[],"Movie":[],"Person":[],"Product":[],"ProductReview":[],"Car":[],"Recipe":[],"Service":[],"SoftwareApplication":[],"WebPage":[]},"graphName":"","isEnabled":true},"graphs":[]},"pillar_content":false,"robots_default":true,"robots_noindex":false,"robots_noarchive":false,"robots_nosnippet":false,"robots_nofollow":false,"robots_noimageindex":false,"robots_noodp":false,"robots_notranslate":false,"robots_max_snippet":null,"robots_max_videopreview":null,"robots_max_imagepreview":"large","priority":null,"frequency":null,"local_seo":null,"limit_modified_date":false,"ai":null,"breadcrumb_settings":null,"seo_analyzer_scan_date":null,"created":"2026-09-02 23:33:53","updated":"2026-09-02 23:33:53"},"aioseo_breadcrumb":"<div class=\"aioseo-breadcrumbs\"><span class=\"aioseo-breadcrumb\">\n\t\t\t<a href=\"https:\/\/musicasemsegredos.com\" title=\"Home\">Home<\/a>\n\t\t<\/span><span class=\"aioseo-breadcrumb-separator\">&raquo;<\/span><span class=\"aioseo-breadcrumb\">\n\t\t\t<a href=\"https:\/\/musicasemsegredos.com\/index.php\/category\/pratica-de-instrumento\/\" title=\"Pr\u00e1tica de instrumento\">Pr\u00e1tica de instrumento<\/a>\n\t\t<\/span><span class=\"aioseo-breadcrumb-separator\">&raquo;<\/span><span class=\"aioseo-breadcrumb\">\n\t\t\tWave de Tom Jobim \u2013 Dois Arranjos de cordas pra voc\u00ea.\n\t\t<\/span><\/div>","aioseo_breadcrumb_json":[{"label":"Home","link":"https:\/\/musicasemsegredos.com"},{"label":"Pr\u00e1tica de instrumento","link":"https:\/\/musicasemsegredos.com\/index.php\/category\/pratica-de-instrumento\/"},{"label":"Wave de Tom Jobim &#8211; Dois Arranjos de cordas pra voc\u00ea.","link":"https:\/\/musicasemsegredos.com\/index.php\/2023\/11\/17\/wave-de-tom-jobim-dois-arranjos-de-cordas-pra-voce\/"}],"jetpack_publicize_connections":[],"jetpack_sharing_enabled":true,"jetpack_shortlink":"https:\/\/wp.me\/p8f7pv-585","jetpack-related-posts":[{"id":19416,"url":"https:\/\/musicasemsegredos.com\/index.php\/2023\/03\/29\/garota-de-ipanema-arranjo-para-piano-solo-2\/","url_meta":{"origin":19721,"position":0},"title":"Garota de Ipanema &#8211; Arranjo para Piano Solo","author":"nevesf","date":"29\/03\/2023","format":false,"excerpt":"Garota de Ipanema \u00e9 uma das m\u00fasicas mais conhecidas e amadas em todo o mundo, e \u00e9 um \u00edcone da m\u00fasica brasileira. \u00c9 uma can\u00e7\u00e3o que evoca imagens do sol, do mar e da beleza natural do Rio de Janeiro, mas tamb\u00e9m \u00e9 uma m\u00fasica que fala de amor e\u2026","rel":"","context":"Em &quot;Acordes&quot;","block_context":{"text":"Acordes","link":"https:\/\/musicasemsegredos.com\/index.php\/category\/acordes\/"},"img":{"alt_text":"Garota de Ipanema para piano","src":"https:\/\/i0.wp.com\/musicasemsegredos.com\/wp-content\/uploads\/2023\/03\/Garota-de-Ipanema-Website-full-width.jpeg?fit=1200%2C800&ssl=1&resize=350%2C200","width":350,"height":200,"srcset":"https:\/\/i0.wp.com\/musicasemsegredos.com\/wp-content\/uploads\/2023\/03\/Garota-de-Ipanema-Website-full-width.jpeg?fit=1200%2C800&ssl=1&resize=350%2C200 1x, https:\/\/i0.wp.com\/musicasemsegredos.com\/wp-content\/uploads\/2023\/03\/Garota-de-Ipanema-Website-full-width.jpeg?fit=1200%2C800&ssl=1&resize=525%2C300 1.5x, https:\/\/i0.wp.com\/musicasemsegredos.com\/wp-content\/uploads\/2023\/03\/Garota-de-Ipanema-Website-full-width.jpeg?fit=1200%2C800&ssl=1&resize=700%2C400 2x, https:\/\/i0.wp.com\/musicasemsegredos.com\/wp-content\/uploads\/2023\/03\/Garota-de-Ipanema-Website-full-width.jpeg?fit=1200%2C800&ssl=1&resize=1050%2C600 3x"},"classes":[]},{"id":19386,"url":"https:\/\/musicasemsegredos.com\/index.php\/2023\/02\/24\/garota-de-ipanema-arranjo-para-piano-solo\/","url_meta":{"origin":19721,"position":1},"title":"Garota de Ipanema: Arranjo para Piano Solo","author":"nevesf","date":"24\/02\/2023","format":false,"excerpt":"Garota de Ipanema \u00e9 uma das mais famosas e ic\u00f4nicas can\u00e7\u00f5es da m\u00fasica popular brasileira. Escrita por Tom Jobim e Vin\u00edcius de Moraes em 1962, a m\u00fasica conta a hist\u00f3ria de uma garota que passa pela rua Vin\u00edcius de Moraes, em Ipanema, no Rio de Janeiro, e que chama a\u2026","rel":"","context":"Em &quot;composi\u00e7\u00e3o&quot;","block_context":{"text":"composi\u00e7\u00e3o","link":"https:\/\/musicasemsegredos.com\/index.php\/category\/composicao\/"},"img":{"alt_text":"Garota de Ipanema","src":"https:\/\/i0.wp.com\/musicasemsegredos.com\/wp-content\/uploads\/2023\/02\/resized-GarotadeIpanema-1.jpeg?fit=1200%2C675&ssl=1&resize=350%2C200","width":350,"height":200,"srcset":"https:\/\/i0.wp.com\/musicasemsegredos.com\/wp-content\/uploads\/2023\/02\/resized-GarotadeIpanema-1.jpeg?fit=1200%2C675&ssl=1&resize=350%2C200 1x, https:\/\/i0.wp.com\/musicasemsegredos.com\/wp-content\/uploads\/2023\/02\/resized-GarotadeIpanema-1.jpeg?fit=1200%2C675&ssl=1&resize=525%2C300 1.5x, https:\/\/i0.wp.com\/musicasemsegredos.com\/wp-content\/uploads\/2023\/02\/resized-GarotadeIpanema-1.jpeg?fit=1200%2C675&ssl=1&resize=700%2C400 2x, https:\/\/i0.wp.com\/musicasemsegredos.com\/wp-content\/uploads\/2023\/02\/resized-GarotadeIpanema-1.jpeg?fit=1200%2C675&ssl=1&resize=1050%2C600 3x"},"classes":[]},{"id":19289,"url":"https:\/\/musicasemsegredos.com\/index.php\/2022\/11\/01\/gostoso-demais-arranjo-para-piano\/","url_meta":{"origin":19721,"position":2},"title":"Gostoso Demais Arranjo para Piano","author":"nevesf","date":"01\/11\/2022","format":false,"excerpt":"Jos\u00e9 Domingos de Morais (1941 \u2013 2013), mais conhecido como Dominguinhos, foi um compositor brasileiro, sanfoneiro e cantor. Nascido em Garanhuns, no agreste Pernambucano, teve em sua forma\u00e7\u00e3o musical influ\u00eancia do bai\u00e3o, bossa nova, ax\u00e9, forr\u00f3, xote e jazz. Sua maior influ\u00eancia musical foi Luiz Gonzaga. Em seu repert\u00f3rio traz\u2026","rel":"","context":"Em &quot;Acordes&quot;","block_context":{"text":"Acordes","link":"https:\/\/musicasemsegredos.com\/index.php\/category\/acordes\/"},"img":{"alt_text":"Dominguinhos","src":"https:\/\/i0.wp.com\/musicasemsegredos.com\/wp-content\/uploads\/2022\/11\/GostosoDemaiswordpress.png?fit=825%2C510&ssl=1&resize=350%2C200","width":350,"height":200,"srcset":"https:\/\/i0.wp.com\/musicasemsegredos.com\/wp-content\/uploads\/2022\/11\/GostosoDemaiswordpress.png?fit=825%2C510&ssl=1&resize=350%2C200 1x, https:\/\/i0.wp.com\/musicasemsegredos.com\/wp-content\/uploads\/2022\/11\/GostosoDemaiswordpress.png?fit=825%2C510&ssl=1&resize=525%2C300 1.5x, https:\/\/i0.wp.com\/musicasemsegredos.com\/wp-content\/uploads\/2022\/11\/GostosoDemaiswordpress.png?fit=825%2C510&ssl=1&resize=700%2C400 2x"},"classes":[]},{"id":18540,"url":"https:\/\/musicasemsegredos.com\/index.php\/2020\/03\/29\/como-tocar-e-escrever-arranjo-em-ritmo-de-samba-cancao\/","url_meta":{"origin":19721,"position":3},"title":"Como tocar e escrever arranjo em ritmo de samba can\u00e7\u00e3o","author":"nevesf","date":"29\/03\/2020","format":false,"excerpt":"Neste post vamos mostrar como aplicar o ritmo de samba can\u00e7\u00e3o a uma melodia. A batida do ritmo deve ser acompanhada nos acordes do piano, teclado ou viol\u00e3o. Vamos tomar como base para escrever este ritmo a f\u00f3rmula encontrada na p\u00e1gina 107 do livro Harmonia e Estilos para Teclado de\u2026","rel":"","context":"Em &quot;Acordes&quot;","block_context":{"text":"Acordes","link":"https:\/\/musicasemsegredos.com\/index.php\/category\/acordes\/"},"img":{"alt_text":"Piano e viol\u00e3o acustico","src":"https:\/\/i0.wp.com\/musicasemsegredos.com\/wp-content\/uploads\/2020\/03\/IMG_8361-1-2-scaled.jpg?fit=1200%2C900&ssl=1&resize=350%2C200","width":350,"height":200,"srcset":"https:\/\/i0.wp.com\/musicasemsegredos.com\/wp-content\/uploads\/2020\/03\/IMG_8361-1-2-scaled.jpg?fit=1200%2C900&ssl=1&resize=350%2C200 1x, https:\/\/i0.wp.com\/musicasemsegredos.com\/wp-content\/uploads\/2020\/03\/IMG_8361-1-2-scaled.jpg?fit=1200%2C900&ssl=1&resize=525%2C300 1.5x, https:\/\/i0.wp.com\/musicasemsegredos.com\/wp-content\/uploads\/2020\/03\/IMG_8361-1-2-scaled.jpg?fit=1200%2C900&ssl=1&resize=700%2C400 2x, https:\/\/i0.wp.com\/musicasemsegredos.com\/wp-content\/uploads\/2020\/03\/IMG_8361-1-2-scaled.jpg?fit=1200%2C900&ssl=1&resize=1050%2C600 3x"},"classes":[]},{"id":19156,"url":"https:\/\/musicasemsegredos.com\/index.php\/2022\/06\/29\/smile-de-charles-chaplin-arranjo-solo-para-violao-com-tablatura-facil\/","url_meta":{"origin":19721,"position":4},"title":"Smile de Charles Chaplin- Arranjo Solo para viol\u00e3o com Tablatura- F\u00e1cil","author":"nevesf","date":"29\/06\/2022","format":false,"excerpt":"Quer solar a m\u00b4usica Smile de Charles Chaplin no viol\u00e3o no estilo fingerstyle? Agora voc\u00ea pode! Aqui voc\u00ea encontra um arranjo maneiro e bem f\u00e1cil de tocar. Que tal pegar o seu instrumento e por a m\u00e3o na massa? Ou melhor, nas cordas. Charles Chaplin comp\u00f4s esta can\u00e7\u00e3o em 1936\u2026","rel":"","context":"Em &quot;composi\u00e7\u00e3o&quot;","block_context":{"text":"composi\u00e7\u00e3o","link":"https:\/\/musicasemsegredos.com\/index.php\/category\/composicao\/"},"img":{"alt_text":"","src":"https:\/\/i0.wp.com\/musicasemsegredos.com\/wp-content\/uploads\/2022\/06\/Smile-e1656505047858.png?fit=800%2C396&ssl=1&resize=350%2C200","width":350,"height":200,"srcset":"https:\/\/i0.wp.com\/musicasemsegredos.com\/wp-content\/uploads\/2022\/06\/Smile-e1656505047858.png?fit=800%2C396&ssl=1&resize=350%2C200 1x, https:\/\/i0.wp.com\/musicasemsegredos.com\/wp-content\/uploads\/2022\/06\/Smile-e1656505047858.png?fit=800%2C396&ssl=1&resize=525%2C300 1.5x, https:\/\/i0.wp.com\/musicasemsegredos.com\/wp-content\/uploads\/2022\/06\/Smile-e1656505047858.png?fit=800%2C396&ssl=1&resize=700%2C400 2x"},"classes":[]},{"id":19768,"url":"https:\/\/musicasemsegredos.com\/index.php\/2024\/01\/25\/fur-elise-de-beethoven-para-violino-bandolim-e-violao-completo\/","url_meta":{"origin":19721,"position":5},"title":"F\u00fcr Elise de Beethoven para Violino, Bandolim e Viol\u00e3o (Completo).","author":"nevesf","date":"25\/01\/2024","format":false,"excerpt":"Ludwig van Beethoven, um dos maiores compositores da hist\u00f3ria, comp\u00f4s esta pequena obra, por volta de 1809 ou 1810, supostamente em homenagem a uma senhora a quem ele prop\u00f4s casamento, chamada Therese Malfatti, sobrinha do Dr. Giovanni Malfatti, um m\u00e9dico italiano que se estabeleceu em Viena em 1795. O Dr.\u2026","rel":"","context":"Em &quot;bandolim&quot;","block_context":{"text":"bandolim","link":"https:\/\/musicasemsegredos.com\/index.php\/category\/bandolim\/"},"img":{"alt_text":"fur Elise para viol\u00e3o, violino e bandolim","src":"https:\/\/i0.wp.com\/musicasemsegredos.com\/wp-content\/uploads\/2024\/01\/Fur-Elise-PostMakingMusic2.png?fit=1200%2C620&ssl=1&resize=350%2C200","width":350,"height":200,"srcset":"https:\/\/i0.wp.com\/musicasemsegredos.com\/wp-content\/uploads\/2024\/01\/Fur-Elise-PostMakingMusic2.png?fit=1200%2C620&ssl=1&resize=350%2C200 1x, https:\/\/i0.wp.com\/musicasemsegredos.com\/wp-content\/uploads\/2024\/01\/Fur-Elise-PostMakingMusic2.png?fit=1200%2C620&ssl=1&resize=525%2C300 1.5x, https:\/\/i0.wp.com\/musicasemsegredos.com\/wp-content\/uploads\/2024\/01\/Fur-Elise-PostMakingMusic2.png?fit=1200%2C620&ssl=1&resize=700%2C400 2x, https:\/\/i0.wp.com\/musicasemsegredos.com\/wp-content\/uploads\/2024\/01\/Fur-Elise-PostMakingMusic2.png?fit=1200%2C620&ssl=1&resize=1050%2C600 3x"},"classes":[]}],"jetpack_likes_enabled":true,"jetpack_featured_media_url":"https:\/\/i0.wp.com\/musicasemsegredos.com\/wp-content\/uploads\/2023\/11\/Wave-ViolinGuitarCello-1.webp?fit=825%2C510&ssl=1","_links":{"self":[{"href":"https:\/\/musicasemsegredos.com\/index.php\/wp-json\/wp\/v2\/posts\/19721","targetHints":{"allow":["GET"]}}],"collection":[{"href":"https:\/\/musicasemsegredos.com\/index.php\/wp-json\/wp\/v2\/posts"}],"about":[{"href":"https:\/\/musicasemsegredos.com\/index.php\/wp-json\/wp\/v2\/types\/post"}],"author":[{"embeddable":true,"href":"https:\/\/musicasemsegredos.com\/index.php\/wp-json\/wp\/v2\/users\/1"}],"replies":[{"embeddable":true,"href":"https:\/\/musicasemsegredos.com\/index.php\/wp-json\/wp\/v2\/comments?post=19721"}],"version-history":[{"count":9,"href":"https:\/\/musicasemsegredos.com\/index.php\/wp-json\/wp\/v2\/posts\/19721\/revisions"}],"predecessor-version":[{"id":19731,"href":"https:\/\/musicasemsegredos.com\/index.php\/wp-json\/wp\/v2\/posts\/19721\/revisions\/19731"}],"wp:featuredmedia":[{"embeddable":true,"href":"https:\/\/musicasemsegredos.com\/index.php\/wp-json\/wp\/v2\/media\/19727"}],"wp:attachment":[{"href":"https:\/\/musicasemsegredos.com\/index.php\/wp-json\/wp\/v2\/media?parent=19721"}],"wp:term":[{"taxonomy":"category","embeddable":true,"href":"https:\/\/musicasemsegredos.com\/index.php\/wp-json\/wp\/v2\/categories?post=19721"},{"taxonomy":"post_tag","embeddable":true,"href":"https:\/\/musicasemsegredos.com\/index.php\/wp-json\/wp\/v2\/tags?post=19721"}],"curies":[{"name":"wp","href":"https:\/\/api.w.org\/{rel}","templated":true}]}}