{"id":19148,"date":"2022-05-18T11:10:00","date_gmt":"2022-05-18T14:10:00","guid":{"rendered":"https:\/\/musicasemsegredos.com\/?p=19148"},"modified":"2022-05-17T14:11:29","modified_gmt":"2022-05-17T17:11:29","slug":"joao-e-maria-de-sivuca-e-chico-buarque-arranjo-para-violao-solo","status":"publish","type":"post","link":"https:\/\/musicasemsegredos.com\/index.php\/2022\/05\/18\/joao-e-maria-de-sivuca-e-chico-buarque-arranjo-para-violao-solo\/","title":{"rendered":"Jo\u00e3o e Maria de Sivuca e Chico Buarque- Arranjo para viol\u00e3o solo"},"content":{"rendered":"\n<p class=\"has-drop-cap wp-block-paragraph\">Jo\u00e3o e Maria \u00e9 um cl\u00e1ssico da m\u00fasica popular brasileira dos anos 1970 lan\u00e7ado por Chico Buarque de Holanda em 1977. <\/p>\n\n\n\n<h4 class=\"wp-block-heading\">\ud83c\udfa7  SOBRE A M\u00daSICA<\/h4>\n\n\n\n<p class=\"wp-block-paragraph\">A melodia da m\u00fasica foi composta pelo Maestro Sivuca (Severino Dias de Oliveira) em 1940, ano de nascimento de Chico Buarque. Depois de quase 30 anos, em 1976, Sivuca enviou a Chico uma fita de \u00e1udio com a m\u00fasica. Chico ouviu a valsinha e comp\u00f4s a letra para ela. Segundo o pr\u00f3prio Chico, a letra simula um di\u00e1logo entre crian\u00e7as e o lembrava de sua  inf\u00e2ncia. Ent\u00e3o ele escreveu a letra da m\u00fasica como se fosse um conto de fadas. <\/p>\n\n\n\n<p class=\"wp-block-paragraph\">Jo\u00e3o e Maria s\u00e3o personagens do conhecido conto de fadas escrito pelos Irm\u00e3os Grimm e publicado em 1882 na Alemanha. Os nomes originais das crian\u00e7as s\u00e3o Hansel e Gretel que foram traduzidos como Jo\u00e3o e Maria  quando foi publicado em portugu\u00eas.\u00a0\u00a0<\/p>\n\n\n\n<p class=\"wp-block-paragraph\">A can\u00e7\u00e3o Jo\u00e3o e Maria foi gravada pela cantora Nara Le\u00e3o, e lan\u00e7ado no disco Os &#8220;Meus Amigos S\u00e3o Um Barato&#8221;, em 1977, que contou com a participa\u00e7\u00e3o de Chico e Sivuca. Chico fazia um dueto com Nara e Sivuca tocava acordeon.<\/p>\n\n\n\n<p class=\"wp-block-paragraph\">A can\u00e7\u00e3o se tornou popular por ter feito parte da trilha sonora da novela &#8220;Dancin&#8217; Days&#8221;, pela Rede Globo em 1978. Mais tarde, em 2012 tamb\u00e9m foi utilizada na novela Carrossel, agora na voz de Larissa Manoela.<\/p>\n\n\n\n<h4 class=\"wp-block-heading\">\ud83c\udfa5   V\u00eddeo<\/h4>\n\n\n\n<p class=\"wp-block-paragraph\">O arranjo para viol\u00e3o solo a seguir foi composto por Fernando Neves na tonalidade de mi menor, em compasso 3\/4 e 95 bpm. <\/p>\n\n\n\n<figure class=\"wp-block-embed is-type-video is-provider-youtube wp-block-embed-youtube wp-embed-aspect-16-9 wp-has-aspect-ratio\"><div class=\"wp-block-embed__wrapper\">\n<span class=\"embed-youtube\" style=\"text-align:center; display: block;\"><iframe loading=\"lazy\" class=\"youtube-player\" width=\"660\" height=\"372\" src=\"https:\/\/www.youtube.com\/embed\/ZC26ggBrGJg?version=3&#038;rel=1&#038;showsearch=0&#038;showinfo=1&#038;iv_load_policy=1&#038;fs=1&#038;hl=pt-BR&#038;autohide=2&#038;wmode=transparent\" allowfullscreen=\"true\" style=\"border:0;\" sandbox=\"allow-scripts allow-same-origin allow-popups allow-presentation allow-popups-to-escape-sandbox\"><\/iframe><\/span>\n<\/div><\/figure>\n\n\n\n<h3 class=\"wp-block-heading\">\ud83c\udd7b\ud83c\udd74\ud83c\udd83\ud83c\udd81\ud83c\udd70 \u200b \ud83c\udd73\ud83c\udd70 \u200b \ud83c\udd7c\ud83c\udd84\u0301\ud83c\udd82\ud83c\udd78\ud83c\udd72\ud83c\udd70<\/h3>\n\n\n\n<p class=\"wp-block-paragraph\">Chico Buarque de Holanda<\/p>\n\n\n\n<p class=\"wp-block-paragraph\">Agora eu era o her\u00f3i<br>E o meu cavalo s\u00f3 falava ingl\u00eas<br>A noiva do cowboy era voc\u00ea al\u00e9m das outras tr\u00eas<br>Eu enfrentava os batalh\u00f5es, os alem\u00e3es e seus canh\u00f5es<br>Guardava o meu bodoque e ensaiava o rock para as matin\u00eas<\/p>\n\n\n\n<p class=\"wp-block-paragraph\">Agora eu era o rei<br>Era o bedel e era tamb\u00e9m juiz<br>E pela minha lei a gente era obrigada a ser feliz<br>E voc\u00ea era a princesa que eu fiz coroar<br>E era t\u00e3o linda de se admirar<br>Que andava nua pelo meu pa\u00eds<\/p>\n\n\n\n<p class=\"wp-block-paragraph\">N\u00e3o, n\u00e3o fuja n\u00e3o<br>Finja que agora eu era o seu brinquedo<br>Eu era o seu pi\u00e3o, o seu bicho preferido<br>Vem, me d\u00ea a m\u00e3o, a gente agora j\u00e1 n\u00e3o tinha medo<br>No tempo da maldade acho que a gente nem tinha nascido<\/p>\n\n\n\n<p class=\"wp-block-paragraph\">Agora era fatal que o faz-de-conta terminasse assim<br>Pra l\u00e1 deste quintal era uma noite que n\u00e3o tem mais fim<br>Pois voc\u00ea sumiu no mundo sem me avisar<br>E agora eu era um louco a perguntar<br>O que que a vida vai fazer de mim?<\/p>\n","protected":false},"excerpt":{"rendered":"<p>Jo\u00e3o e Maria \u00e9 um cl\u00e1ssico da m\u00fasica popular brasileira dos anos 1970 lan\u00e7ado por Chico Buarque de Holanda em 1977. \ud83c\udfa7 SOBRE A M\u00daSICA A melodia da m\u00fasica foi composta pelo Maestro Sivuca (Severino Dias de Oliveira) em 1940, ano de nascimento de Chico Buarque. Depois de quase 30 anos, em 1976, Sivuca enviou &hellip; <a href=\"https:\/\/musicasemsegredos.com\/index.php\/2022\/05\/18\/joao-e-maria-de-sivuca-e-chico-buarque-arranjo-para-violao-solo\/\" class=\"more-link\">Continuar lendo <span class=\"screen-reader-text\">Jo\u00e3o e Maria de Sivuca e Chico Buarque- Arranjo para viol\u00e3o solo<\/span><\/a><\/p>\n","protected":false},"author":1,"featured_media":19153,"comment_status":"open","ping_status":"open","sticky":false,"template":"","format":"standard","meta":{"_jetpack_newsletter_access":"","_jetpack_dont_email_post_to_subs":false,"_jetpack_newsletter_tier_id":0,"_jetpack_memberships_contains_paywalled_content":false,"_jetpack_feature_clip_id":0,"_jetpack_memberships_contains_paid_content":false,"footnotes":"","jetpack_publicize_message":"","jetpack_publicize_feature_enabled":true,"jetpack_social_post_already_shared":true,"jetpack_social_options":{"image_generator_settings":{"template":"highway","default_image_id":0,"font":"","enabled":false},"version":2},"jetpack_post_was_ever_published":false},"categories":[709,616,615,178,106,718,542],"tags":[747,930,193,922,929,108,928,934,920,931,926,933,5,748,932,13,925,923,921,719,924,115],"class_list":["post-19148","post","type-post","status-publish","format-standard","has-post-thumbnail","hentry","category-composicao","category-guitarra","category-musica","category-partituras","category-pratica-de-instrumento","category-tablatura","category-violao","tag-brasil","tag-carrossel","tag-chico-buarque","tag-chico-buarque-de-holanda","tag-dancin-days","tag-guitarra","tag-infancia","tag-irmaos-grimm","tag-joao-e-maria","tag-larissa-manoela","tag-maestro-sivuca","tag-meus-amigos-sao-um-barato","tag-musica","tag-musica-brasileira","tag-nara-leao","tag-partitura","tag-pop-mpb","tag-severino-dias-de-oliveira","tag-sivuca","tag-tablatura","tag-valsa","tag-violao"],"aioseo_notices":[],"aioseo_head":"\n\t\t<!-- All in One SEO 5.0.1.1 - aioseo.com -->\n\t<meta name=\"description\" content=\"Jo\u00e3o e Maria \u00e9 um cl\u00e1ssico da m\u00fasica popular brasileira dos anos 1970 lan\u00e7ado por Chico Buarque de Holanda em 1977. \ud83c\udfa7 SOBRE A M\u00daSICA A melodia da m\u00fasica foi composta pelo Maestro Sivuca (Severino Dias de Oliveira) em 1940, ano de nascimento de Chico Buarque. Depois de quase 30 anos, em 1976, Sivuca enviou\" \/>\n\t<meta name=\"robots\" content=\"max-image-preview:large\" \/>\n\t<meta name=\"author\" content=\"nevesf\"\/>\n\t<link rel=\"canonical\" href=\"https:\/\/musicasemsegredos.com\/index.php\/2022\/05\/18\/joao-e-maria-de-sivuca-e-chico-buarque-arranjo-para-violao-solo\/\" \/>\n\t<meta name=\"generator\" content=\"All in One SEO (AIOSEO) 5.0.1.1\" \/>\n\t\t<meta property=\"og:locale\" content=\"pt_BR\" \/>\n\t\t<meta property=\"og:site_name\" content=\"M\u00fasica sem Segredos - Musica para todos\" \/>\n\t\t<meta property=\"og:type\" content=\"article\" \/>\n\t\t<meta property=\"og:title\" content=\"Jo\u00e3o e Maria de Sivuca e Chico Buarque- Arranjo para viol\u00e3o solo - M\u00fasica sem Segredos\" \/>\n\t\t<meta property=\"og:description\" content=\"Jo\u00e3o e Maria \u00e9 um cl\u00e1ssico da m\u00fasica popular brasileira dos anos 1970 lan\u00e7ado por Chico Buarque de Holanda em 1977. \ud83c\udfa7 SOBRE A M\u00daSICA A melodia da m\u00fasica foi composta pelo Maestro Sivuca (Severino Dias de Oliveira) em 1940, ano de nascimento de Chico Buarque. Depois de quase 30 anos, em 1976, Sivuca enviou\" \/>\n\t\t<meta property=\"og:url\" content=\"https:\/\/musicasemsegredos.com\/index.php\/2022\/05\/18\/joao-e-maria-de-sivuca-e-chico-buarque-arranjo-para-violao-solo\/\" \/>\n\t\t<meta property=\"og:image\" content=\"https:\/\/i0.wp.com\/musicasemsegredos.com\/wp-content\/uploads\/2017\/01\/cropped-cropped-MusicaSemSegredos512x512.jpg?fit=248248&#038;ssl=1\" \/>\n\t\t<meta property=\"og:image:secure_url\" content=\"https:\/\/i0.wp.com\/musicasemsegredos.com\/wp-content\/uploads\/2017\/01\/cropped-cropped-MusicaSemSegredos512x512.jpg?fit=248248&#038;ssl=1\" \/>\n\t\t<meta property=\"article:published_time\" content=\"2022-05-18T14:10:00+00:00\" \/>\n\t\t<meta property=\"article:modified_time\" content=\"2022-05-17T17:11:29+00:00\" \/>\n\t\t<meta name=\"twitter:card\" content=\"summary_large_image\" \/>\n\t\t<meta name=\"twitter:title\" content=\"Jo\u00e3o e Maria de Sivuca e Chico Buarque- Arranjo para viol\u00e3o solo - M\u00fasica sem Segredos\" \/>\n\t\t<meta name=\"twitter:description\" content=\"Jo\u00e3o e Maria \u00e9 um cl\u00e1ssico da m\u00fasica popular brasileira dos anos 1970 lan\u00e7ado por Chico Buarque de Holanda em 1977. \ud83c\udfa7 SOBRE A M\u00daSICA A melodia da m\u00fasica foi composta pelo Maestro Sivuca (Severino Dias de Oliveira) em 1940, ano de nascimento de Chico Buarque. Depois de quase 30 anos, em 1976, Sivuca enviou\" \/>\n\t\t<meta name=\"twitter:image\" content=\"https:\/\/i0.wp.com\/musicasemsegredos.com\/wp-content\/uploads\/2017\/01\/cropped-cropped-MusicaSemSegredos512x512.jpg?fit=248248&amp;ssl=1\" \/>\n\t\t<script type=\"application\/ld+json\" class=\"aioseo-schema\">\n\t\t\t{\"@context\":\"https:\\\/\\\/schema.org\",\"@graph\":[{\"@type\":\"BlogPosting\",\"@id\":\"https:\\\/\\\/musicasemsegredos.com\\\/index.php\\\/2022\\\/05\\\/18\\\/joao-e-maria-de-sivuca-e-chico-buarque-arranjo-para-violao-solo\\\/#blogposting\",\"name\":\"Jo\\u00e3o e Maria de Sivuca e Chico Buarque- Arranjo para viol\\u00e3o solo - M\\u00fasica sem Segredos\",\"headline\":\"Jo\\u00e3o e Maria de Sivuca e Chico Buarque- Arranjo para viol\\u00e3o solo\",\"author\":{\"@id\":\"https:\\\/\\\/musicasemsegredos.com\\\/index.php\\\/author\\\/nevesf\\\/#author\"},\"publisher\":{\"@id\":\"https:\\\/\\\/musicasemsegredos.com\\\/#organization\"},\"image\":{\"@type\":\"ImageObject\",\"url\":\"https:\\\/\\\/i0.wp.com\\\/musicasemsegredos.com\\\/wp-content\\\/uploads\\\/2022\\\/05\\\/JM.png?fit=703%2C473&ssl=1\",\"width\":703,\"height\":473,\"caption\":\"Jo\\u00e3o e Maria\"},\"datePublished\":\"2022-05-18T11:10:00-03:00\",\"dateModified\":\"2022-05-17T14:11:29-03:00\",\"inLanguage\":\"pt-BR\",\"mainEntityOfPage\":{\"@id\":\"https:\\\/\\\/musicasemsegredos.com\\\/index.php\\\/2022\\\/05\\\/18\\\/joao-e-maria-de-sivuca-e-chico-buarque-arranjo-para-violao-solo\\\/#webpage\"},\"isPartOf\":{\"@id\":\"https:\\\/\\\/musicasemsegredos.com\\\/index.php\\\/2022\\\/05\\\/18\\\/joao-e-maria-de-sivuca-e-chico-buarque-arranjo-para-violao-solo\\\/#webpage\"},\"articleSection\":\"composi\\u00e7\\u00e3o, guitarra, musica, Partituras, Pr\\u00e1tica de instrumento, tablatura, viol\\u00e3o, Brasil, Carrossel, Chico Buarque, chico buarque de holanda, Dancin Days, guitarra, inf\\u00e2ncia, irmaos Grimm, joao e maria, Larissa Manoela, maestro sivuca, meus amigos sao um barato, musica, musica brasileira, Nara Le\\u00e3o, partitura, pop mpb, Severino Dias de Oliveira, sivuca, tablatura, valsa, viol\\u00e3o\"},{\"@type\":\"BreadcrumbList\",\"@id\":\"https:\\\/\\\/musicasemsegredos.com\\\/index.php\\\/2022\\\/05\\\/18\\\/joao-e-maria-de-sivuca-e-chico-buarque-arranjo-para-violao-solo\\\/#breadcrumblist\",\"itemListElement\":[{\"@type\":\"ListItem\",\"@id\":\"https:\\\/\\\/musicasemsegredos.com#listItem\",\"position\":1,\"name\":\"Home\",\"item\":\"https:\\\/\\\/musicasemsegredos.com\",\"nextItem\":{\"@type\":\"ListItem\",\"@id\":\"https:\\\/\\\/musicasemsegredos.com\\\/index.php\\\/category\\\/pratica-de-instrumento\\\/#listItem\",\"name\":\"Pr\\u00e1tica de instrumento\"}},{\"@type\":\"ListItem\",\"@id\":\"https:\\\/\\\/musicasemsegredos.com\\\/index.php\\\/category\\\/pratica-de-instrumento\\\/#listItem\",\"position\":2,\"name\":\"Pr\\u00e1tica de instrumento\",\"item\":\"https:\\\/\\\/musicasemsegredos.com\\\/index.php\\\/category\\\/pratica-de-instrumento\\\/\",\"nextItem\":{\"@type\":\"ListItem\",\"@id\":\"https:\\\/\\\/musicasemsegredos.com\\\/index.php\\\/2022\\\/05\\\/18\\\/joao-e-maria-de-sivuca-e-chico-buarque-arranjo-para-violao-solo\\\/#listItem\",\"name\":\"Jo\\u00e3o e Maria de Sivuca e Chico Buarque- Arranjo para viol\\u00e3o solo\"},\"previousItem\":{\"@type\":\"ListItem\",\"@id\":\"https:\\\/\\\/musicasemsegredos.com#listItem\",\"name\":\"Home\"}},{\"@type\":\"ListItem\",\"@id\":\"https:\\\/\\\/musicasemsegredos.com\\\/index.php\\\/2022\\\/05\\\/18\\\/joao-e-maria-de-sivuca-e-chico-buarque-arranjo-para-violao-solo\\\/#listItem\",\"position\":3,\"name\":\"Jo\\u00e3o e Maria de Sivuca e Chico Buarque- Arranjo para viol\\u00e3o solo\",\"previousItem\":{\"@type\":\"ListItem\",\"@id\":\"https:\\\/\\\/musicasemsegredos.com\\\/index.php\\\/category\\\/pratica-de-instrumento\\\/#listItem\",\"name\":\"Pr\\u00e1tica de instrumento\"}}]},{\"@type\":\"Organization\",\"@id\":\"https:\\\/\\\/musicasemsegredos.com\\\/#organization\",\"name\":\"M\\u00fasica sem Segredos\",\"description\":\"Musica para todos\",\"url\":\"https:\\\/\\\/musicasemsegredos.com\\\/\",\"logo\":{\"@type\":\"ImageObject\",\"url\":\"https:\\\/\\\/i0.wp.com\\\/musicasemsegredos.com\\\/wp-content\\\/uploads\\\/2017\\\/01\\\/cropped-cropped-MusicaSemSegredos512x512.jpg?fit=248%2C248&ssl=1\",\"@id\":\"https:\\\/\\\/musicasemsegredos.com\\\/index.php\\\/2022\\\/05\\\/18\\\/joao-e-maria-de-sivuca-e-chico-buarque-arranjo-para-violao-solo\\\/#organizationLogo\",\"width\":248,\"height\":248},\"image\":{\"@id\":\"https:\\\/\\\/musicasemsegredos.com\\\/index.php\\\/2022\\\/05\\\/18\\\/joao-e-maria-de-sivuca-e-chico-buarque-arranjo-para-violao-solo\\\/#organizationLogo\"}},{\"@type\":\"Person\",\"@id\":\"https:\\\/\\\/musicasemsegredos.com\\\/index.php\\\/author\\\/nevesf\\\/#author\",\"url\":\"https:\\\/\\\/musicasemsegredos.com\\\/index.php\\\/author\\\/nevesf\\\/\",\"name\":\"nevesf\",\"image\":{\"@type\":\"ImageObject\",\"@id\":\"https:\\\/\\\/musicasemsegredos.com\\\/index.php\\\/2022\\\/05\\\/18\\\/joao-e-maria-de-sivuca-e-chico-buarque-arranjo-para-violao-solo\\\/#authorImage\",\"url\":\"https:\\\/\\\/secure.gravatar.com\\\/avatar\\\/40a180061deabb68d04bd9f812bde2b372b5d57984baf7dd947ee866377d90fb?s=96&d=blank&r=g\",\"width\":96,\"height\":96,\"caption\":\"nevesf\"}},{\"@type\":\"WebPage\",\"@id\":\"https:\\\/\\\/musicasemsegredos.com\\\/index.php\\\/2022\\\/05\\\/18\\\/joao-e-maria-de-sivuca-e-chico-buarque-arranjo-para-violao-solo\\\/#webpage\",\"url\":\"https:\\\/\\\/musicasemsegredos.com\\\/index.php\\\/2022\\\/05\\\/18\\\/joao-e-maria-de-sivuca-e-chico-buarque-arranjo-para-violao-solo\\\/\",\"name\":\"Jo\\u00e3o e Maria de Sivuca e Chico Buarque- Arranjo para viol\\u00e3o solo - M\\u00fasica sem Segredos\",\"description\":\"Jo\\u00e3o e Maria \\u00e9 um cl\\u00e1ssico da m\\u00fasica popular brasileira dos anos 1970 lan\\u00e7ado por Chico Buarque de Holanda em 1977. \\ud83c\\udfa7 SOBRE A M\\u00daSICA A melodia da m\\u00fasica foi composta pelo Maestro Sivuca (Severino Dias de Oliveira) em 1940, ano de nascimento de Chico Buarque. Depois de quase 30 anos, em 1976, Sivuca enviou\",\"inLanguage\":\"pt-BR\",\"isPartOf\":{\"@id\":\"https:\\\/\\\/musicasemsegredos.com\\\/#website\"},\"breadcrumb\":{\"@id\":\"https:\\\/\\\/musicasemsegredos.com\\\/index.php\\\/2022\\\/05\\\/18\\\/joao-e-maria-de-sivuca-e-chico-buarque-arranjo-para-violao-solo\\\/#breadcrumblist\"},\"author\":{\"@id\":\"https:\\\/\\\/musicasemsegredos.com\\\/index.php\\\/author\\\/nevesf\\\/#author\"},\"creator\":{\"@id\":\"https:\\\/\\\/musicasemsegredos.com\\\/index.php\\\/author\\\/nevesf\\\/#author\"},\"image\":{\"@type\":\"ImageObject\",\"url\":\"https:\\\/\\\/i0.wp.com\\\/musicasemsegredos.com\\\/wp-content\\\/uploads\\\/2022\\\/05\\\/JM.png?fit=703%2C473&ssl=1\",\"@id\":\"https:\\\/\\\/musicasemsegredos.com\\\/index.php\\\/2022\\\/05\\\/18\\\/joao-e-maria-de-sivuca-e-chico-buarque-arranjo-para-violao-solo\\\/#mainImage\",\"width\":703,\"height\":473,\"caption\":\"Jo\\u00e3o e Maria\"},\"primaryImageOfPage\":{\"@id\":\"https:\\\/\\\/musicasemsegredos.com\\\/index.php\\\/2022\\\/05\\\/18\\\/joao-e-maria-de-sivuca-e-chico-buarque-arranjo-para-violao-solo\\\/#mainImage\"},\"datePublished\":\"2022-05-18T11:10:00-03:00\",\"dateModified\":\"2022-05-17T14:11:29-03:00\"},{\"@type\":\"WebSite\",\"@id\":\"https:\\\/\\\/musicasemsegredos.com\\\/#website\",\"url\":\"https:\\\/\\\/musicasemsegredos.com\\\/\",\"name\":\"M\\u00fasica sem Segredos\",\"description\":\"Musica para todos\",\"inLanguage\":\"pt-BR\",\"publisher\":{\"@id\":\"https:\\\/\\\/musicasemsegredos.com\\\/#organization\"}}]}\n\t\t<\/script>\n\t\t<!-- All in One SEO -->\n\n","aioseo_head_json":{"title":"Jo\u00e3o e Maria de Sivuca e Chico Buarque- Arranjo para viol\u00e3o solo - M\u00fasica sem Segredos","description":"Jo\u00e3o e Maria \u00e9 um cl\u00e1ssico da m\u00fasica popular brasileira dos anos 1970 lan\u00e7ado por Chico Buarque de Holanda em 1977. \ud83c\udfa7 SOBRE A M\u00daSICA A melodia da m\u00fasica foi composta pelo Maestro Sivuca (Severino Dias de Oliveira) em 1940, ano de nascimento de Chico Buarque. Depois de quase 30 anos, em 1976, Sivuca enviou","canonical_url":"https:\/\/musicasemsegredos.com\/index.php\/2022\/05\/18\/joao-e-maria-de-sivuca-e-chico-buarque-arranjo-para-violao-solo\/","robots":"max-image-preview:large","keywords":"","webmasterTools":{"miscellaneous":""},"schema":{"@context":"https:\/\/schema.org","@graph":[{"@type":"BlogPosting","@id":"https:\/\/musicasemsegredos.com\/index.php\/2022\/05\/18\/joao-e-maria-de-sivuca-e-chico-buarque-arranjo-para-violao-solo\/#blogposting","name":"Jo\u00e3o e Maria de Sivuca e Chico Buarque- Arranjo para viol\u00e3o solo - M\u00fasica sem Segredos","headline":"Jo\u00e3o e Maria de Sivuca e Chico Buarque- Arranjo para viol\u00e3o solo","author":{"@id":"https:\/\/musicasemsegredos.com\/index.php\/author\/nevesf\/#author"},"publisher":{"@id":"https:\/\/musicasemsegredos.com\/#organization"},"image":{"@type":"ImageObject","url":"https:\/\/i0.wp.com\/musicasemsegredos.com\/wp-content\/uploads\/2022\/05\/JM.png?fit=703%2C473&ssl=1","width":703,"height":473,"caption":"Jo\u00e3o e Maria"},"datePublished":"2022-05-18T11:10:00-03:00","dateModified":"2022-05-17T14:11:29-03:00","inLanguage":"pt-BR","mainEntityOfPage":{"@id":"https:\/\/musicasemsegredos.com\/index.php\/2022\/05\/18\/joao-e-maria-de-sivuca-e-chico-buarque-arranjo-para-violao-solo\/#webpage"},"isPartOf":{"@id":"https:\/\/musicasemsegredos.com\/index.php\/2022\/05\/18\/joao-e-maria-de-sivuca-e-chico-buarque-arranjo-para-violao-solo\/#webpage"},"articleSection":"composi\u00e7\u00e3o, guitarra, musica, Partituras, Pr\u00e1tica de instrumento, tablatura, viol\u00e3o, Brasil, Carrossel, Chico Buarque, chico buarque de holanda, Dancin Days, guitarra, inf\u00e2ncia, irmaos Grimm, joao e maria, Larissa Manoela, maestro sivuca, meus amigos sao um barato, musica, musica brasileira, Nara Le\u00e3o, partitura, pop mpb, Severino Dias de Oliveira, sivuca, tablatura, valsa, viol\u00e3o"},{"@type":"BreadcrumbList","@id":"https:\/\/musicasemsegredos.com\/index.php\/2022\/05\/18\/joao-e-maria-de-sivuca-e-chico-buarque-arranjo-para-violao-solo\/#breadcrumblist","itemListElement":[{"@type":"ListItem","@id":"https:\/\/musicasemsegredos.com#listItem","position":1,"name":"Home","item":"https:\/\/musicasemsegredos.com","nextItem":{"@type":"ListItem","@id":"https:\/\/musicasemsegredos.com\/index.php\/category\/pratica-de-instrumento\/#listItem","name":"Pr\u00e1tica de instrumento"}},{"@type":"ListItem","@id":"https:\/\/musicasemsegredos.com\/index.php\/category\/pratica-de-instrumento\/#listItem","position":2,"name":"Pr\u00e1tica de instrumento","item":"https:\/\/musicasemsegredos.com\/index.php\/category\/pratica-de-instrumento\/","nextItem":{"@type":"ListItem","@id":"https:\/\/musicasemsegredos.com\/index.php\/2022\/05\/18\/joao-e-maria-de-sivuca-e-chico-buarque-arranjo-para-violao-solo\/#listItem","name":"Jo\u00e3o e Maria de Sivuca e Chico Buarque- Arranjo para viol\u00e3o solo"},"previousItem":{"@type":"ListItem","@id":"https:\/\/musicasemsegredos.com#listItem","name":"Home"}},{"@type":"ListItem","@id":"https:\/\/musicasemsegredos.com\/index.php\/2022\/05\/18\/joao-e-maria-de-sivuca-e-chico-buarque-arranjo-para-violao-solo\/#listItem","position":3,"name":"Jo\u00e3o e Maria de Sivuca e Chico Buarque- Arranjo para viol\u00e3o solo","previousItem":{"@type":"ListItem","@id":"https:\/\/musicasemsegredos.com\/index.php\/category\/pratica-de-instrumento\/#listItem","name":"Pr\u00e1tica de instrumento"}}]},{"@type":"Organization","@id":"https:\/\/musicasemsegredos.com\/#organization","name":"M\u00fasica sem Segredos","description":"Musica para todos","url":"https:\/\/musicasemsegredos.com\/","logo":{"@type":"ImageObject","url":"https:\/\/i0.wp.com\/musicasemsegredos.com\/wp-content\/uploads\/2017\/01\/cropped-cropped-MusicaSemSegredos512x512.jpg?fit=248%2C248&ssl=1","@id":"https:\/\/musicasemsegredos.com\/index.php\/2022\/05\/18\/joao-e-maria-de-sivuca-e-chico-buarque-arranjo-para-violao-solo\/#organizationLogo","width":248,"height":248},"image":{"@id":"https:\/\/musicasemsegredos.com\/index.php\/2022\/05\/18\/joao-e-maria-de-sivuca-e-chico-buarque-arranjo-para-violao-solo\/#organizationLogo"}},{"@type":"Person","@id":"https:\/\/musicasemsegredos.com\/index.php\/author\/nevesf\/#author","url":"https:\/\/musicasemsegredos.com\/index.php\/author\/nevesf\/","name":"nevesf","image":{"@type":"ImageObject","@id":"https:\/\/musicasemsegredos.com\/index.php\/2022\/05\/18\/joao-e-maria-de-sivuca-e-chico-buarque-arranjo-para-violao-solo\/#authorImage","url":"https:\/\/secure.gravatar.com\/avatar\/40a180061deabb68d04bd9f812bde2b372b5d57984baf7dd947ee866377d90fb?s=96&d=blank&r=g","width":96,"height":96,"caption":"nevesf"}},{"@type":"WebPage","@id":"https:\/\/musicasemsegredos.com\/index.php\/2022\/05\/18\/joao-e-maria-de-sivuca-e-chico-buarque-arranjo-para-violao-solo\/#webpage","url":"https:\/\/musicasemsegredos.com\/index.php\/2022\/05\/18\/joao-e-maria-de-sivuca-e-chico-buarque-arranjo-para-violao-solo\/","name":"Jo\u00e3o e Maria de Sivuca e Chico Buarque- Arranjo para viol\u00e3o solo - M\u00fasica sem Segredos","description":"Jo\u00e3o e Maria \u00e9 um cl\u00e1ssico da m\u00fasica popular brasileira dos anos 1970 lan\u00e7ado por Chico Buarque de Holanda em 1977. \ud83c\udfa7 SOBRE A M\u00daSICA A melodia da m\u00fasica foi composta pelo Maestro Sivuca (Severino Dias de Oliveira) em 1940, ano de nascimento de Chico Buarque. Depois de quase 30 anos, em 1976, Sivuca enviou","inLanguage":"pt-BR","isPartOf":{"@id":"https:\/\/musicasemsegredos.com\/#website"},"breadcrumb":{"@id":"https:\/\/musicasemsegredos.com\/index.php\/2022\/05\/18\/joao-e-maria-de-sivuca-e-chico-buarque-arranjo-para-violao-solo\/#breadcrumblist"},"author":{"@id":"https:\/\/musicasemsegredos.com\/index.php\/author\/nevesf\/#author"},"creator":{"@id":"https:\/\/musicasemsegredos.com\/index.php\/author\/nevesf\/#author"},"image":{"@type":"ImageObject","url":"https:\/\/i0.wp.com\/musicasemsegredos.com\/wp-content\/uploads\/2022\/05\/JM.png?fit=703%2C473&ssl=1","@id":"https:\/\/musicasemsegredos.com\/index.php\/2022\/05\/18\/joao-e-maria-de-sivuca-e-chico-buarque-arranjo-para-violao-solo\/#mainImage","width":703,"height":473,"caption":"Jo\u00e3o e Maria"},"primaryImageOfPage":{"@id":"https:\/\/musicasemsegredos.com\/index.php\/2022\/05\/18\/joao-e-maria-de-sivuca-e-chico-buarque-arranjo-para-violao-solo\/#mainImage"},"datePublished":"2022-05-18T11:10:00-03:00","dateModified":"2022-05-17T14:11:29-03:00"},{"@type":"WebSite","@id":"https:\/\/musicasemsegredos.com\/#website","url":"https:\/\/musicasemsegredos.com\/","name":"M\u00fasica sem Segredos","description":"Musica para todos","inLanguage":"pt-BR","publisher":{"@id":"https:\/\/musicasemsegredos.com\/#organization"}}]},"og:locale":"pt_BR","og:site_name":"M\u00fasica sem Segredos - Musica para todos","og:type":"article","og:title":"Jo\u00e3o e Maria de Sivuca e Chico Buarque- Arranjo para viol\u00e3o solo - M\u00fasica sem Segredos","og:description":"Jo\u00e3o e Maria \u00e9 um cl\u00e1ssico da m\u00fasica popular brasileira dos anos 1970 lan\u00e7ado por Chico Buarque de Holanda em 1977. \ud83c\udfa7 SOBRE A M\u00daSICA A melodia da m\u00fasica foi composta pelo Maestro Sivuca (Severino Dias de Oliveira) em 1940, ano de nascimento de Chico Buarque. Depois de quase 30 anos, em 1976, Sivuca enviou","og:url":"https:\/\/musicasemsegredos.com\/index.php\/2022\/05\/18\/joao-e-maria-de-sivuca-e-chico-buarque-arranjo-para-violao-solo\/","og:image":"https:\/\/i0.wp.com\/musicasemsegredos.com\/wp-content\/uploads\/2017\/01\/cropped-cropped-MusicaSemSegredos512x512.jpg?fit=248248&#038;ssl=1","og:image:secure_url":"https:\/\/i0.wp.com\/musicasemsegredos.com\/wp-content\/uploads\/2017\/01\/cropped-cropped-MusicaSemSegredos512x512.jpg?fit=248248&#038;ssl=1","article:published_time":"2022-05-18T14:10:00+00:00","article:modified_time":"2022-05-17T17:11:29+00:00","twitter:card":"summary_large_image","twitter:title":"Jo\u00e3o e Maria de Sivuca e Chico Buarque- Arranjo para viol\u00e3o solo - M\u00fasica sem Segredos","twitter:description":"Jo\u00e3o e Maria \u00e9 um cl\u00e1ssico da m\u00fasica popular brasileira dos anos 1970 lan\u00e7ado por Chico Buarque de Holanda em 1977. \ud83c\udfa7 SOBRE A M\u00daSICA A melodia da m\u00fasica foi composta pelo Maestro Sivuca (Severino Dias de Oliveira) em 1940, ano de nascimento de Chico Buarque. Depois de quase 30 anos, em 1976, Sivuca enviou","twitter:image":"https:\/\/i0.wp.com\/musicasemsegredos.com\/wp-content\/uploads\/2017\/01\/cropped-cropped-MusicaSemSegredos512x512.jpg?fit=248248&ssl=1"},"aioseo_meta_data":{"post_id":"19148","title":null,"description":null,"keywords":null,"keyphrases":null,"focus_keyword":null,"additional_keywords":null,"truseo_locale":null,"primary_term":null,"canonical_url":null,"og_title":null,"og_description":null,"og_object_type":"default","og_image_type":"default","og_image_custom_url":null,"og_image_custom_fields":null,"og_image_url":null,"og_image_width":null,"og_image_height":null,"og_video":null,"og_custom_url":null,"og_article_section":null,"og_article_tags":null,"twitter_use_og":false,"twitter_card":"default","twitter_image_type":"default","twitter_image_custom_url":null,"twitter_image_custom_fields":null,"twitter_image_url":null,"twitter_title":null,"twitter_description":null,"schema_type":"default","schema_type_options":null,"schema":{"blockGraphs":[],"customGraphs":[],"default":{"data":{"Article":[],"Course":[],"Dataset":[],"FAQPage":[],"Movie":[],"Person":[],"Product":[],"ProductReview":[],"Car":[],"Recipe":[],"Service":[],"SoftwareApplication":[],"WebPage":[]},"graphName":"","isEnabled":true},"graphs":[]},"pillar_content":false,"robots_default":true,"robots_noindex":false,"robots_noarchive":false,"robots_nosnippet":false,"robots_nofollow":false,"robots_noimageindex":false,"robots_noodp":false,"robots_notranslate":false,"robots_max_snippet":null,"robots_max_videopreview":null,"robots_max_imagepreview":"large","priority":null,"frequency":null,"local_seo":null,"limit_modified_date":false,"ai":null,"breadcrumb_settings":null,"seo_analyzer_scan_date":null,"created":"2026-09-02 23:16:14","updated":"2026-09-02 23:16:14"},"aioseo_breadcrumb":"<div class=\"aioseo-breadcrumbs\"><span class=\"aioseo-breadcrumb\">\n\t\t\t<a href=\"https:\/\/musicasemsegredos.com\" title=\"Home\">Home<\/a>\n\t\t<\/span><span class=\"aioseo-breadcrumb-separator\">&raquo;<\/span><span class=\"aioseo-breadcrumb\">\n\t\t\t<a href=\"https:\/\/musicasemsegredos.com\/index.php\/category\/pratica-de-instrumento\/\" title=\"Pr\u00e1tica de instrumento\">Pr\u00e1tica de instrumento<\/a>\n\t\t<\/span><span class=\"aioseo-breadcrumb-separator\">&raquo;<\/span><span class=\"aioseo-breadcrumb\">\n\t\t\tJo\u00e3o e Maria de Sivuca e Chico Buarque- Arranjo para viol\u00e3o solo\n\t\t<\/span><\/div>","aioseo_breadcrumb_json":[{"label":"Home","link":"https:\/\/musicasemsegredos.com"},{"label":"Pr\u00e1tica de instrumento","link":"https:\/\/musicasemsegredos.com\/index.php\/category\/pratica-de-instrumento\/"},{"label":"Jo\u00e3o e Maria de Sivuca e Chico Buarque- Arranjo para viol\u00e3o solo","link":"https:\/\/musicasemsegredos.com\/index.php\/2022\/05\/18\/joao-e-maria-de-sivuca-e-chico-buarque-arranjo-para-violao-solo\/"}],"jetpack_publicize_connections":[],"jetpack_sharing_enabled":true,"jetpack_shortlink":"https:\/\/wp.me\/p8f7pv-4YQ","jetpack-related-posts":[{"id":596,"url":"https:\/\/musicasemsegredos.com\/index.php\/2017\/04\/01\/o-que-e-modulacao\/","url_meta":{"origin":19148,"position":0},"title":"O que \u00e9 Modula\u00e7\u00e3o?","author":"nevesf","date":"01\/04\/2017","format":false,"excerpt":"Imagem: F.Neves Modula\u00e7\u00e3o \u00e9 a mudan\u00e7a de tonalidade no decorrer da can\u00e7\u00e3o (composi\u00e7\u00e3o). Na m\u00fasica cl\u00e1ssica podemos ter uma pe\u00e7a pequena que come\u00e7a e termina no mesmo tom, no entanto, composi\u00e7\u00f5es mais longa podem ficar entediantes sem mudan\u00e7as de tonalidades. Arnold Schoenberg, um dos mais conhecidos compositores do s\u00e9culo XX\u2026","rel":"","context":"Em &quot;Pr\u00e1tica de instrumento&quot;","block_context":{"text":"Pr\u00e1tica de instrumento","link":"https:\/\/musicasemsegredos.com\/index.php\/category\/pratica-de-instrumento\/"},"img":{"alt_text":"","src":"https:\/\/i0.wp.com\/musicasemsegredos.com\/wp-content\/uploads\/2017\/04\/cafepartitura.jpg?fit=1200%2C800&ssl=1&resize=350%2C200","width":350,"height":200,"srcset":"https:\/\/i0.wp.com\/musicasemsegredos.com\/wp-content\/uploads\/2017\/04\/cafepartitura.jpg?fit=1200%2C800&ssl=1&resize=350%2C200 1x, https:\/\/i0.wp.com\/musicasemsegredos.com\/wp-content\/uploads\/2017\/04\/cafepartitura.jpg?fit=1200%2C800&ssl=1&resize=525%2C300 1.5x, https:\/\/i0.wp.com\/musicasemsegredos.com\/wp-content\/uploads\/2017\/04\/cafepartitura.jpg?fit=1200%2C800&ssl=1&resize=700%2C400 2x, https:\/\/i0.wp.com\/musicasemsegredos.com\/wp-content\/uploads\/2017\/04\/cafepartitura.jpg?fit=1200%2C800&ssl=1&resize=1050%2C600 3x"},"classes":[]},{"id":19721,"url":"https:\/\/musicasemsegredos.com\/index.php\/2023\/11\/17\/wave-de-tom-jobim-dois-arranjos-de-cordas-pra-voce\/","url_meta":{"origin":19148,"position":1},"title":"Wave de Tom Jobim &#8211; Dois Arranjos de cordas pra voc\u00ea.","author":"nevesf","date":"17\/11\/2023","format":false,"excerpt":"\u201cWave\u201d \u00e9 uma m\u00fasica em ritmo de bossa nova e jazz escrita por Ant\u00f4nio Carlos Jobim, tamb\u00e9m conhecido como Tom Jobim. Tom al\u00e9m de compositor era pianista, arranjador e cantor. Ele foi um dos criadores do estilo de m\u00fasica brasileira conhecida mundialmente como bossa nova. Nascido no Rio de Janeiro\u2026","rel":"","context":"Em &quot;bandolim&quot;","block_context":{"text":"bandolim","link":"https:\/\/musicasemsegredos.com\/index.php\/category\/bandolim\/"},"img":{"alt_text":"wave violino, cello, violaobandolim","src":"https:\/\/i0.wp.com\/musicasemsegredos.com\/wp-content\/uploads\/2023\/11\/Wave-ViolinGuitarCello-1.webp?fit=825%2C510&ssl=1&resize=350%2C200","width":350,"height":200,"srcset":"https:\/\/i0.wp.com\/musicasemsegredos.com\/wp-content\/uploads\/2023\/11\/Wave-ViolinGuitarCello-1.webp?fit=825%2C510&ssl=1&resize=350%2C200 1x, https:\/\/i0.wp.com\/musicasemsegredos.com\/wp-content\/uploads\/2023\/11\/Wave-ViolinGuitarCello-1.webp?fit=825%2C510&ssl=1&resize=525%2C300 1.5x, https:\/\/i0.wp.com\/musicasemsegredos.com\/wp-content\/uploads\/2023\/11\/Wave-ViolinGuitarCello-1.webp?fit=825%2C510&ssl=1&resize=700%2C400 2x"},"classes":[]},{"id":19789,"url":"https:\/\/musicasemsegredos.com\/index.php\/2024\/03\/12\/musica-nordestina-arranjos-e-historias-sobre-a-cancao-feira-de-mangaio-de-sivuca-e-glorinha-gadelha\/","url_meta":{"origin":19148,"position":2},"title":"M\u00fasica Nordestina: Arranjos e hist\u00f3rias sobre a Can\u00e7\u00e3o Feira de Mangaio de Sivuca e Glorinha Gadelha.","author":"nevesf","date":"12\/03\/2024","format":false,"excerpt":"Se voc\u00ea n\u00e3o \u00e9 nordestino como eu, j\u00e1 deve ter se perguntado: O que \u00e9 a feira de Mangaio? Antes de falarmos sobre a m\u00fasica, vamos fazer uma viagem ao nordeste brasileiro para descobrir o seu significado. A palavra original no dicion\u00e1rio \u00e9 mangalho que refere-se a produtos de pequena\u2026","rel":"","context":"Em &quot;bandolim&quot;","block_context":{"text":"bandolim","link":"https:\/\/musicasemsegredos.com\/index.php\/category\/bandolim\/"},"img":{"alt_text":"Feira de Mangaio","src":"https:\/\/i0.wp.com\/musicasemsegredos.com\/wp-content\/uploads\/2024\/03\/Feira-de-Mangaio-Mandolin.png?fit=1200%2C675&ssl=1&resize=350%2C200","width":350,"height":200,"srcset":"https:\/\/i0.wp.com\/musicasemsegredos.com\/wp-content\/uploads\/2024\/03\/Feira-de-Mangaio-Mandolin.png?fit=1200%2C675&ssl=1&resize=350%2C200 1x, https:\/\/i0.wp.com\/musicasemsegredos.com\/wp-content\/uploads\/2024\/03\/Feira-de-Mangaio-Mandolin.png?fit=1200%2C675&ssl=1&resize=525%2C300 1.5x, https:\/\/i0.wp.com\/musicasemsegredos.com\/wp-content\/uploads\/2024\/03\/Feira-de-Mangaio-Mandolin.png?fit=1200%2C675&ssl=1&resize=700%2C400 2x, https:\/\/i0.wp.com\/musicasemsegredos.com\/wp-content\/uploads\/2024\/03\/Feira-de-Mangaio-Mandolin.png?fit=1200%2C675&ssl=1&resize=1050%2C600 3x"},"classes":[]},{"id":19423,"url":"https:\/\/musicasemsegredos.com\/index.php\/2023\/04\/05\/la-barca-solo-para-violao-com-partitura-e-tablatura\/","url_meta":{"origin":19148,"position":3},"title":"La Barca &#8211; Solo Para Viol\u00e3o com Partitura e Tablatura","author":"nevesf","date":"05\/04\/2023","format":false,"excerpt":"Voc\u00ea est\u00e1 pronto para tocar m\u00fasica latina? Neste v\u00eddeo, vou apresentar um arranjo incr\u00edvel para guitarra fingerstyle. A m\u00fasica \u00e9 La Barca, um bolero muito conhecido. \"La Barca\" \u00e9 uma can\u00e7\u00e3o popular composta por Roberto Cantoral, um cantor e compositor mexicano, em 1947. Desde ent\u00e3o, a m\u00fasica foi interpretada por\u2026","rel":"","context":"Em &quot;Acordes&quot;","block_context":{"text":"Acordes","link":"https:\/\/musicasemsegredos.com\/index.php\/category\/acordes\/"},"img":{"alt_text":"La Barca - arranjo para viol\u00e3o solo","src":"https:\/\/i0.wp.com\/musicasemsegredos.com\/wp-content\/uploads\/2023\/04\/LaBarcaPT.png?fit=1193%2C545&ssl=1&resize=350%2C200","width":350,"height":200,"srcset":"https:\/\/i0.wp.com\/musicasemsegredos.com\/wp-content\/uploads\/2023\/04\/LaBarcaPT.png?fit=1193%2C545&ssl=1&resize=350%2C200 1x, https:\/\/i0.wp.com\/musicasemsegredos.com\/wp-content\/uploads\/2023\/04\/LaBarcaPT.png?fit=1193%2C545&ssl=1&resize=525%2C300 1.5x, https:\/\/i0.wp.com\/musicasemsegredos.com\/wp-content\/uploads\/2023\/04\/LaBarcaPT.png?fit=1193%2C545&ssl=1&resize=700%2C400 2x, https:\/\/i0.wp.com\/musicasemsegredos.com\/wp-content\/uploads\/2023\/04\/LaBarcaPT.png?fit=1193%2C545&ssl=1&resize=1050%2C600 3x"},"classes":[]},{"id":19058,"url":"https:\/\/musicasemsegredos.com\/index.php\/2022\/01\/20\/como-tocar-serenata-serenade-de-schubert-no-violao-com-tablatura-e-partitura\/","url_meta":{"origin":19148,"position":4},"title":"Como tocar Serenata (Serenade) de Schubert no viol\u00e3o com Tablatura e Partitura.","author":"nevesf","date":"20\/01\/2022","format":"video","excerpt":"Serenata ou no ingl\u00eas Serenade de Franz Schubert \u00e9 uma pe\u00e7a musical cl\u00e1ssica. Neste post indicamos o v\u00eddeo com o arranjo para viol\u00e3o que tamb\u00e9m \u00e9 um tutorial. Nele voc\u00ea pode acompanhar a partitura para viol\u00e3o cl\u00e1ssico, mas tamb\u00e9m a tablatura e as cifras dos acordes, facilitando o aprendizado da\u2026","rel":"","context":"Em &quot;composi\u00e7\u00e3o&quot;","block_context":{"text":"composi\u00e7\u00e3o","link":"https:\/\/musicasemsegredos.com\/index.php\/category\/composicao\/"},"img":{"alt_text":"","src":"https:\/\/i0.wp.com\/musicasemsegredos.com\/wp-content\/uploads\/2022\/01\/guitar-1699501_1920.jpg?fit=1200%2C799&ssl=1&resize=350%2C200","width":350,"height":200,"srcset":"https:\/\/i0.wp.com\/musicasemsegredos.com\/wp-content\/uploads\/2022\/01\/guitar-1699501_1920.jpg?fit=1200%2C799&ssl=1&resize=350%2C200 1x, https:\/\/i0.wp.com\/musicasemsegredos.com\/wp-content\/uploads\/2022\/01\/guitar-1699501_1920.jpg?fit=1200%2C799&ssl=1&resize=525%2C300 1.5x, https:\/\/i0.wp.com\/musicasemsegredos.com\/wp-content\/uploads\/2022\/01\/guitar-1699501_1920.jpg?fit=1200%2C799&ssl=1&resize=700%2C400 2x, https:\/\/i0.wp.com\/musicasemsegredos.com\/wp-content\/uploads\/2022\/01\/guitar-1699501_1920.jpg?fit=1200%2C799&ssl=1&resize=1050%2C600 3x"},"classes":[]},{"id":19683,"url":"https:\/\/musicasemsegredos.com\/index.php\/2023\/10\/10\/como-sincronizar-a-tablatura-com-a-partitura-no-musescore-4\/","url_meta":{"origin":19148,"position":5},"title":"Como sincronizar a Tablatura com a Partitura no Musescore 4.","author":"nevesf","date":"10\/10\/2023","format":false,"excerpt":"O Musescore 4 tem uma fun\u00e7\u00e3o muito \u00fatil para guitarristas, baixistas, bandolinistas ou qualquer instrumento de cordas que voc\u00ea queira montar a tablatura sincronizada automaticamente com a partitura. Nas vers\u00f5es anteriores do software, era necess\u00e1rio criar uma tablatura independente e depois copiar as notas da partitura e col\u00e1-las na tablatura.\u2026","rel":"","context":"Em &quot;educacao&quot;","block_context":{"text":"educacao","link":"https:\/\/musicasemsegredos.com\/index.php\/category\/educacao\/"},"img":{"alt_text":"inserir tablatura sincronizada","src":"https:\/\/i0.wp.com\/musicasemsegredos.com\/wp-content\/uploads\/2023\/10\/Tablatura-sincronizada-1.png?fit=1200%2C675&ssl=1&resize=350%2C200","width":350,"height":200,"srcset":"https:\/\/i0.wp.com\/musicasemsegredos.com\/wp-content\/uploads\/2023\/10\/Tablatura-sincronizada-1.png?fit=1200%2C675&ssl=1&resize=350%2C200 1x, https:\/\/i0.wp.com\/musicasemsegredos.com\/wp-content\/uploads\/2023\/10\/Tablatura-sincronizada-1.png?fit=1200%2C675&ssl=1&resize=525%2C300 1.5x, https:\/\/i0.wp.com\/musicasemsegredos.com\/wp-content\/uploads\/2023\/10\/Tablatura-sincronizada-1.png?fit=1200%2C675&ssl=1&resize=700%2C400 2x, https:\/\/i0.wp.com\/musicasemsegredos.com\/wp-content\/uploads\/2023\/10\/Tablatura-sincronizada-1.png?fit=1200%2C675&ssl=1&resize=1050%2C600 3x"},"classes":[]}],"jetpack_likes_enabled":true,"jetpack_featured_media_url":"https:\/\/i0.wp.com\/musicasemsegredos.com\/wp-content\/uploads\/2022\/05\/JM.png?fit=703%2C473&ssl=1","_links":{"self":[{"href":"https:\/\/musicasemsegredos.com\/index.php\/wp-json\/wp\/v2\/posts\/19148","targetHints":{"allow":["GET"]}}],"collection":[{"href":"https:\/\/musicasemsegredos.com\/index.php\/wp-json\/wp\/v2\/posts"}],"about":[{"href":"https:\/\/musicasemsegredos.com\/index.php\/wp-json\/wp\/v2\/types\/post"}],"author":[{"embeddable":true,"href":"https:\/\/musicasemsegredos.com\/index.php\/wp-json\/wp\/v2\/users\/1"}],"replies":[{"embeddable":true,"href":"https:\/\/musicasemsegredos.com\/index.php\/wp-json\/wp\/v2\/comments?post=19148"}],"version-history":[{"count":4,"href":"https:\/\/musicasemsegredos.com\/index.php\/wp-json\/wp\/v2\/posts\/19148\/revisions"}],"predecessor-version":[{"id":19154,"href":"https:\/\/musicasemsegredos.com\/index.php\/wp-json\/wp\/v2\/posts\/19148\/revisions\/19154"}],"wp:featuredmedia":[{"embeddable":true,"href":"https:\/\/musicasemsegredos.com\/index.php\/wp-json\/wp\/v2\/media\/19153"}],"wp:attachment":[{"href":"https:\/\/musicasemsegredos.com\/index.php\/wp-json\/wp\/v2\/media?parent=19148"}],"wp:term":[{"taxonomy":"category","embeddable":true,"href":"https:\/\/musicasemsegredos.com\/index.php\/wp-json\/wp\/v2\/categories?post=19148"},{"taxonomy":"post_tag","embeddable":true,"href":"https:\/\/musicasemsegredos.com\/index.php\/wp-json\/wp\/v2\/tags?post=19148"}],"curies":[{"name":"wp","href":"https:\/\/api.w.org\/{rel}","templated":true}]}}