{"id":18634,"date":"2020-08-21T12:06:21","date_gmt":"2020-08-21T15:06:21","guid":{"rendered":"https:\/\/musicasemsegredos.com\/?p=18634"},"modified":"2021-09-13T14:34:11","modified_gmt":"2021-09-13T17:34:11","slug":"em-ritmo-de-samba","status":"publish","type":"post","link":"https:\/\/musicasemsegredos.com\/index.php\/2020\/08\/21\/em-ritmo-de-samba\/","title":{"rendered":"Em ritmo de Samba"},"content":{"rendered":"\n<p class=\"has-drop-cap wp-block-paragraph\">O samba est\u00e1 no DNA brasileiro e \u00e9 considerado o ritmo do Brasil. O estilo musical nasceu no Rio de Janeiro no in\u00edcio do s\u00e9culo XX e mescla elementos de diversas culturas, mas \u00e9 o ritmo do batuque africano que mais se destaca. Foi no final da d\u00e9cada de 1920 que o samba estruturou-se da forma como o conhecemos hoje e todo m\u00fasico brasileiro deveria ter em seu repert\u00f3rio um espa\u00e7o para este ritmo que cativa n\u00e3o apenas brasileiros, mas que identifica o Brasil em todo o planeta.<\/p>\n\n\n\n<p class=\"wp-block-paragraph\">Neste post vamos trabalhar com o ritmo do samba e usaremos  a \u201cf\u00f3rmula\u201d r\u00edtmica apresentada por <a href=\"https:\/\/amzn.to\/2QfyQWC\" target=\"_blank\" rel=\"noreferrer noopener\">Carlos Almada em seu&nbsp; livro Arranjo<\/a>. Vamos&nbsp; aplic\u00e1-lo a um trecho da&nbsp; m\u00fasica Trem das Onze de Adoniran Barbosa, primeiro adicionando a melodia da m\u00fasica sobre o ritmo escrito para bateria e em seguida trabalharemos o acompanhamento ao piano e viol\u00e3o.<\/p>\n\n\n\n<center><a href=\"https:\/\/www.amazon.com.br\/Uma-hist%C3%B3ria-samba-Lira-Neto\/dp\/8535928561\/ref=as_li_ss_il?__mk_pt_BR=%C3%85M%C3%85%C5%BD%C3%95%C3%91&amp;dchild=1&amp;keywords=samba&amp;qid=1598020764&amp;sr=8-2&amp;linkCode=li3&amp;tag=nevesf-20&amp;linkId=7f0660dbf31e90fee2865444cafe5480&amp;language=en_US\" target=\"_blank\" rel=\"noopener noreferrer\"><img decoding=\"async\" border=\"0\" src=\"\/\/ws-na.amazon-adsystem.com\/widgets\/q?_encoding=UTF8&amp;ASIN=8535928561&amp;Format=_SL250_&amp;ID=AsinImage&amp;MarketPlace=BR&amp;ServiceVersion=20070822&amp;WS=1&amp;tag=nevesf-20&amp;language=en_US\"><\/a><img loading=\"lazy\" decoding=\"async\" src=\"https:\/\/ir-br.amazon-adsystem.com\/e\/ir?t=nevesf-20&amp;language=en_US&amp;l=li3&amp;o=33&amp;a=8535928561\" width=\"1\" height=\"1\" border=\"0\" alt=\"\" style=\"border:none !important; margin:0px !important;\"><\/center>\n\n\n\n<h4 class=\"wp-block-heading\">O Ritmo<\/h4>\n\n\n\n<p class=\"wp-block-paragraph\">Almada apresenta o ritmo escrito para bateria a 80 bpm (beats por minuto) e em compasso 2 por 4 conforme a partitura para bateria&nbsp; a seguir.<\/p>\n\n\n\n<div class=\"wp-block-image\"><figure class=\"aligncenter size-large is-resized\"><img data-recalc-dims=\"1\" loading=\"lazy\" decoding=\"async\" data-attachment-id=\"18636\" data-permalink=\"https:\/\/musicasemsegredos.com\/index.php\/2020\/08\/21\/em-ritmo-de-samba\/image-5\/\" data-orig-file=\"https:\/\/i0.wp.com\/musicasemsegredos.com\/wp-content\/uploads\/2020\/08\/image.png?fit=595%2C231&amp;ssl=1\" data-orig-size=\"595,231\" data-comments-opened=\"1\" data-image-meta=\"{&quot;aperture&quot;:&quot;0&quot;,&quot;credit&quot;:&quot;&quot;,&quot;camera&quot;:&quot;&quot;,&quot;caption&quot;:&quot;&quot;,&quot;created_timestamp&quot;:&quot;0&quot;,&quot;copyright&quot;:&quot;&quot;,&quot;focal_length&quot;:&quot;0&quot;,&quot;iso&quot;:&quot;0&quot;,&quot;shutter_speed&quot;:&quot;0&quot;,&quot;title&quot;:&quot;&quot;,&quot;orientation&quot;:&quot;0&quot;}\" data-image-title=\"image\" data-image-description=\"\" data-image-caption=\"\" data-large-file=\"https:\/\/i0.wp.com\/musicasemsegredos.com\/wp-content\/uploads\/2020\/08\/image.png?fit=595%2C231&amp;ssl=1\" src=\"https:\/\/i0.wp.com\/musicasemsegredos.com\/wp-content\/uploads\/2020\/08\/image.png?resize=595%2C231&#038;ssl=1\" alt=\"Ritmo de samba escrito para bateria\" class=\"wp-image-18636\" width=\"595\" height=\"231\" srcset=\"https:\/\/i0.wp.com\/musicasemsegredos.com\/wp-content\/uploads\/2020\/08\/image.png?w=595&amp;ssl=1 595w, https:\/\/i0.wp.com\/musicasemsegredos.com\/wp-content\/uploads\/2020\/08\/image.png?resize=300%2C116&amp;ssl=1 300w, https:\/\/i0.wp.com\/musicasemsegredos.com\/wp-content\/uploads\/2020\/08\/image.png?resize=350%2C136&amp;ssl=1 350w\" sizes=\"auto, (max-width: 595px) 100vw, 595px\" \/><figcaption>Ritmo de samba- bateria<\/figcaption><\/figure><\/div>\n\n\n\n<figure class=\"wp-block-embed aligncenter is-type-video is-provider-youtube wp-block-embed-youtube wp-embed-aspect-16-9 wp-has-aspect-ratio\"><div class=\"wp-block-embed__wrapper\">\n<span class=\"embed-youtube\" style=\"text-align:center; display: block;\"><iframe loading=\"lazy\" class=\"youtube-player\" width=\"660\" height=\"372\" src=\"https:\/\/www.youtube.com\/embed\/7In5kW6AIo0?version=3&#038;rel=1&#038;showsearch=0&#038;showinfo=1&#038;iv_load_policy=1&#038;fs=1&#038;hl=pt-BR&#038;autohide=2&#038;wmode=transparent\" allowfullscreen=\"true\" style=\"border:0;\" sandbox=\"allow-scripts allow-same-origin allow-popups allow-presentation allow-popups-to-escape-sandbox\"><\/iframe><\/span>\n<\/div><figcaption>Ritmo de Samba &#8211; Bateria<\/figcaption><\/figure>\n\n\n\n<p class=\"wp-block-paragraph\">Podemos ver que a varia\u00e7\u00e3o do ritmo se estende por dois compassos, sendo que o ritmo dado pelo bumbo repete de forma consistente sendo tocada no in\u00edcio e final de cada unidade de&nbsp; tempo (no caso, o tempo de uma sem\u00ednima), que est\u00e1 dividida em quatro partes, ou seja semicolcheias. O prato de condu\u00e7\u00e3o tamb\u00e9m \u00e9 constante, ent\u00e3o as varia\u00e7\u00f5es ficam por conta do aro da caixa e o chimbal.<\/p>\n\n\n\n<figure class=\"wp-block-image size-large\"><a href=\"https:\/\/www.magazinevoce.com.br\/magazinecantinhodamusica\/\" target=\"_blank\" rel=\"noopener noreferrer\"><img data-recalc-dims=\"1\" loading=\"lazy\" decoding=\"async\" width=\"660\" height=\"215\" data-attachment-id=\"18581\" data-permalink=\"https:\/\/musicasemsegredos.com\/index.php\/2020\/04\/16\/como-escrever-partitura-para-bateria-usando-o-musescore\/image\/\" data-orig-file=\"https:\/\/i0.wp.com\/musicasemsegredos.com\/wp-content\/uploads\/2020\/04\/image.png?fit=1249%2C406&amp;ssl=1\" data-orig-size=\"1249,406\" data-comments-opened=\"1\" data-image-meta=\"{&quot;aperture&quot;:&quot;0&quot;,&quot;credit&quot;:&quot;&quot;,&quot;camera&quot;:&quot;&quot;,&quot;caption&quot;:&quot;&quot;,&quot;created_timestamp&quot;:&quot;0&quot;,&quot;copyright&quot;:&quot;&quot;,&quot;focal_length&quot;:&quot;0&quot;,&quot;iso&quot;:&quot;0&quot;,&quot;shutter_speed&quot;:&quot;0&quot;,&quot;title&quot;:&quot;&quot;,&quot;orientation&quot;:&quot;0&quot;}\" data-image-title=\"image\" data-image-description=\"&lt;p&gt;Cantinho da musica&lt;br \/&gt;\nhttps:\/\/www.magazinevoce.com.br\/magazinecantinhodamusica\/&lt;\/p&gt;\n\" data-image-caption=\"\" data-large-file=\"https:\/\/i0.wp.com\/musicasemsegredos.com\/wp-content\/uploads\/2020\/04\/image.png?fit=660%2C215&amp;ssl=1\" src=\"https:\/\/i0.wp.com\/musicasemsegredos.com\/wp-content\/uploads\/2020\/04\/image.png?resize=660%2C215&#038;ssl=1\" alt=\"\" class=\"wp-image-18581\" srcset=\"https:\/\/i0.wp.com\/musicasemsegredos.com\/wp-content\/uploads\/2020\/04\/image.png?resize=1024%2C333&amp;ssl=1 1024w, https:\/\/i0.wp.com\/musicasemsegredos.com\/wp-content\/uploads\/2020\/04\/image.png?resize=300%2C98&amp;ssl=1 300w, https:\/\/i0.wp.com\/musicasemsegredos.com\/wp-content\/uploads\/2020\/04\/image.png?resize=768%2C250&amp;ssl=1 768w, https:\/\/i0.wp.com\/musicasemsegredos.com\/wp-content\/uploads\/2020\/04\/image.png?resize=350%2C114&amp;ssl=1 350w, https:\/\/i0.wp.com\/musicasemsegredos.com\/wp-content\/uploads\/2020\/04\/image.png?w=1249&amp;ssl=1 1249w\" sizes=\"auto, (max-width: 660px) 100vw, 660px\" \/><\/a><\/figure>\n\n\n\n<h4 class=\"wp-block-heading\">Inserindo a melodia&nbsp;<\/h4>\n\n\n\n<p class=\"wp-block-paragraph\">Vamos inserir agora a melodia e para isso \u00e9 preciso que a m\u00fasica esteja escrita na mesma f\u00f3rmula de compasso, no nosso caso em dois por quatro. S\u00f3 lembrando que o \u201c4\u201d define qual a figura ser\u00e1 a unidade de tempo, no caso a sem\u00ednima. O \u201c2\u201d define quantas unidades de tempo haver\u00e1 dentro do compasso, assim, se a sem\u00ednima vale 1, temos dois tempos de sem\u00ednima.<\/p>\n\n\n\n<p class=\"wp-block-paragraph\">Na partitura a seguir, mostramos a melodia, a harmonia que \u00e9 dada pelos acordes e tamb\u00e9m a letra do trecho. Gosto de cantar enquanto o ritmo \u00e9 tocado para marcar com precis\u00e3o onde cada s\u00edlaba deve estar. Desta forma, basta conectar as s\u00edlabas com as notas da melodia e mesmo sem ter muita pr\u00e1tica com escrita musical, com ajuda do software fica f\u00e1cil definir os tempos de cada nota de forma \u201ccasar\u201d com o ritmo.<\/p>\n\n\n\n<div class=\"wp-block-image\"><figure class=\"aligncenter size-large\"><img data-recalc-dims=\"1\" loading=\"lazy\" decoding=\"async\" width=\"660\" height=\"507\" data-attachment-id=\"18647\" data-permalink=\"https:\/\/musicasemsegredos.com\/index.php\/2020\/08\/21\/em-ritmo-de-samba\/image-8\/\" data-orig-file=\"https:\/\/i0.wp.com\/musicasemsegredos.com\/wp-content\/uploads\/2020\/08\/image-8.png?fit=891%2C684&amp;ssl=1\" data-orig-size=\"891,684\" data-comments-opened=\"1\" data-image-meta=\"{&quot;aperture&quot;:&quot;0&quot;,&quot;credit&quot;:&quot;&quot;,&quot;camera&quot;:&quot;&quot;,&quot;caption&quot;:&quot;&quot;,&quot;created_timestamp&quot;:&quot;0&quot;,&quot;copyright&quot;:&quot;&quot;,&quot;focal_length&quot;:&quot;0&quot;,&quot;iso&quot;:&quot;0&quot;,&quot;shutter_speed&quot;:&quot;0&quot;,&quot;title&quot;:&quot;&quot;,&quot;orientation&quot;:&quot;0&quot;}\" data-image-title=\"image-8\" data-image-description=\"\" data-image-caption=\"\" data-large-file=\"https:\/\/i0.wp.com\/musicasemsegredos.com\/wp-content\/uploads\/2020\/08\/image-8.png?fit=660%2C507&amp;ssl=1\" src=\"https:\/\/i0.wp.com\/musicasemsegredos.com\/wp-content\/uploads\/2020\/08\/image-8.png?resize=660%2C507&#038;ssl=1\" alt=\"Trecho do samba Trem das Onze de Adoniran Barbosa - Melodia e Ritmo\" class=\"wp-image-18647\" srcset=\"https:\/\/i0.wp.com\/musicasemsegredos.com\/wp-content\/uploads\/2020\/08\/image-8.png?w=891&amp;ssl=1 891w, https:\/\/i0.wp.com\/musicasemsegredos.com\/wp-content\/uploads\/2020\/08\/image-8.png?resize=300%2C230&amp;ssl=1 300w, https:\/\/i0.wp.com\/musicasemsegredos.com\/wp-content\/uploads\/2020\/08\/image-8.png?resize=768%2C590&amp;ssl=1 768w, https:\/\/i0.wp.com\/musicasemsegredos.com\/wp-content\/uploads\/2020\/08\/image-8.png?resize=350%2C269&amp;ssl=1 350w\" sizes=\"auto, (max-width: 660px) 100vw, 660px\" \/><figcaption>Trecho de Trem das Onze &#8211; Melodia e Ritmo<\/figcaption><\/figure><\/div>\n\n\n\n<figure class=\"wp-block-embed is-type-video is-provider-youtube wp-block-embed-youtube wp-embed-aspect-16-9 wp-has-aspect-ratio\"><div class=\"wp-block-embed__wrapper\">\n<span class=\"embed-youtube\" style=\"text-align:center; display: block;\"><iframe loading=\"lazy\" class=\"youtube-player\" width=\"660\" height=\"372\" src=\"https:\/\/www.youtube.com\/embed\/D-dPFwxsf8Y?version=3&#038;rel=1&#038;showsearch=0&#038;showinfo=1&#038;iv_load_policy=1&#038;fs=1&#038;hl=pt-BR&#038;autohide=2&#038;wmode=transparent\" allowfullscreen=\"true\" style=\"border:0;\" sandbox=\"allow-scripts allow-same-origin allow-popups allow-presentation allow-popups-to-escape-sandbox\"><\/iframe><\/span>\n<\/div><figcaption>Trecho de Trem das Onze &#8211; Melodia e Ritmo<\/figcaption><\/figure>\n\n\n\n<h4 class=\"wp-block-heading\">Acompanhamento ao piano<\/h4>\n\n\n\n<p class=\"wp-block-paragraph\">Acompanhar samba ao piano pode parecer algo dif\u00edcil, mas basta alternar o ritmo entre o baixo na m\u00e3o esquerda e o acorde na m\u00e3o direita e pensar no piano agora como um instrumento de percuss\u00e3o. Nossa m\u00fasica est\u00e1 em l\u00e1 menor, ent\u00e3o nos primeiros compassos alternamos o baixo do acorde entre a t\u00f4nica que \u00e9 o l\u00e1 e a ter\u00e7a que \u00e9 o d\u00f3. Outra alternativa, mais comum at\u00e9, seria alternar com a quinta que \u00e9 o mi. Na sequ\u00eancia, o ritmo foi mantido alterando-se os acordes de acordo com a harmonia.<\/p>\n\n\n\n<p class=\"wp-block-paragraph\">a partitura a seguir mostra como ficou o arranjo e o v\u00eddeo a seguir mostra o resultado.&nbsp;<\/p>\n\n\n\n<figure class=\"wp-block-image size-large is-resized\"><img data-recalc-dims=\"1\" loading=\"lazy\" decoding=\"async\" data-attachment-id=\"18644\" data-permalink=\"https:\/\/musicasemsegredos.com\/index.php\/2020\/08\/21\/em-ritmo-de-samba\/image-6\/\" data-orig-file=\"https:\/\/i0.wp.com\/musicasemsegredos.com\/wp-content\/uploads\/2020\/08\/image-6.png?fit=674%2C846&amp;ssl=1\" data-orig-size=\"674,846\" data-comments-opened=\"1\" data-image-meta=\"{&quot;aperture&quot;:&quot;0&quot;,&quot;credit&quot;:&quot;&quot;,&quot;camera&quot;:&quot;&quot;,&quot;caption&quot;:&quot;&quot;,&quot;created_timestamp&quot;:&quot;0&quot;,&quot;copyright&quot;:&quot;&quot;,&quot;focal_length&quot;:&quot;0&quot;,&quot;iso&quot;:&quot;0&quot;,&quot;shutter_speed&quot;:&quot;0&quot;,&quot;title&quot;:&quot;&quot;,&quot;orientation&quot;:&quot;0&quot;}\" data-image-title=\"image-6\" data-image-description=\"\" data-image-caption=\"\" data-large-file=\"https:\/\/i0.wp.com\/musicasemsegredos.com\/wp-content\/uploads\/2020\/08\/image-6.png?fit=660%2C828&amp;ssl=1\" src=\"https:\/\/i0.wp.com\/musicasemsegredos.com\/wp-content\/uploads\/2020\/08\/image-6.png?resize=660%2C828&#038;ssl=1\" alt=\"Trecho do samba Trem das Onze de Adoniran Barbosa - Flauta, Piano e Bateria\" class=\"wp-image-18644\" width=\"660\" height=\"828\" srcset=\"https:\/\/i0.wp.com\/musicasemsegredos.com\/wp-content\/uploads\/2020\/08\/image-6.png?w=674&amp;ssl=1 674w, https:\/\/i0.wp.com\/musicasemsegredos.com\/wp-content\/uploads\/2020\/08\/image-6.png?resize=239%2C300&amp;ssl=1 239w, https:\/\/i0.wp.com\/musicasemsegredos.com\/wp-content\/uploads\/2020\/08\/image-6.png?resize=350%2C439&amp;ssl=1 350w\" sizes=\"auto, (max-width: 660px) 100vw, 660px\" \/><figcaption>Trecho de Trem das Onze para Flauta, Piano e Bateria<\/figcaption><\/figure>\n\n\n\n<figure class=\"wp-block-embed aligncenter is-type-video is-provider-youtube wp-block-embed-youtube wp-embed-aspect-16-9 wp-has-aspect-ratio\"><div class=\"wp-block-embed__wrapper\">\n<span class=\"embed-youtube\" style=\"text-align:center; display: block;\"><iframe loading=\"lazy\" class=\"youtube-player\" width=\"660\" height=\"372\" src=\"https:\/\/www.youtube.com\/embed\/2RFL6s5v9Eg?version=3&#038;rel=1&#038;showsearch=0&#038;showinfo=1&#038;iv_load_policy=1&#038;fs=1&#038;hl=pt-BR&#038;autohide=2&#038;wmode=transparent\" allowfullscreen=\"true\" style=\"border:0;\" sandbox=\"allow-scripts allow-same-origin allow-popups allow-presentation allow-popups-to-escape-sandbox\"><\/iframe><\/span>\n<\/div><figcaption>Trecho de Trem das Onze &#8211;  Flauta, Piano e Bateria<\/figcaption><\/figure>\n\n\n\n<h4 class=\"wp-block-heading\">Acompanhamento ao viol\u00e3o<\/h4>\n\n\n\n<p class=\"wp-block-paragraph\">A seguir, adaptamos a partitura para viol\u00e3o, mostrando o ritmo na partitura e na tablatura. No caso do viol\u00e3o, os baixos s\u00e3o tocados com o polegar e o acorde puxado com os demais dedos de forma a seguir o ritmo. Veja a partitura e o v\u00eddeo a seguir.<\/p>\n\n\n\n<div class=\"wp-block-image\"><figure class=\"aligncenter size-large is-resized\"><img data-recalc-dims=\"1\" loading=\"lazy\" decoding=\"async\" data-attachment-id=\"18642\" data-permalink=\"https:\/\/musicasemsegredos.com\/index.php\/2020\/08\/21\/em-ritmo-de-samba\/image-4-2\/\" data-orig-file=\"https:\/\/i0.wp.com\/musicasemsegredos.com\/wp-content\/uploads\/2020\/08\/image-4.png?fit=568%2C846&amp;ssl=1\" data-orig-size=\"568,846\" data-comments-opened=\"1\" data-image-meta=\"{&quot;aperture&quot;:&quot;0&quot;,&quot;credit&quot;:&quot;&quot;,&quot;camera&quot;:&quot;&quot;,&quot;caption&quot;:&quot;&quot;,&quot;created_timestamp&quot;:&quot;0&quot;,&quot;copyright&quot;:&quot;&quot;,&quot;focal_length&quot;:&quot;0&quot;,&quot;iso&quot;:&quot;0&quot;,&quot;shutter_speed&quot;:&quot;0&quot;,&quot;title&quot;:&quot;&quot;,&quot;orientation&quot;:&quot;0&quot;}\" data-image-title=\"image-4\" data-image-description=\"\" data-image-caption=\"\" data-large-file=\"https:\/\/i0.wp.com\/musicasemsegredos.com\/wp-content\/uploads\/2020\/08\/image-4.png?fit=568%2C846&amp;ssl=1\" src=\"https:\/\/i0.wp.com\/musicasemsegredos.com\/wp-content\/uploads\/2020\/08\/image-4.png?resize=660%2C983&#038;ssl=1\" alt=\"Trecho do samba Trem das Onze de Adoniran Barbosa para Flauta, viol\u00e3o (incluindo Tab) e bateria\" class=\"wp-image-18642\" width=\"660\" height=\"983\" srcset=\"https:\/\/i0.wp.com\/musicasemsegredos.com\/wp-content\/uploads\/2020\/08\/image-4.png?w=568&amp;ssl=1 568w, https:\/\/i0.wp.com\/musicasemsegredos.com\/wp-content\/uploads\/2020\/08\/image-4.png?resize=201%2C300&amp;ssl=1 201w, https:\/\/i0.wp.com\/musicasemsegredos.com\/wp-content\/uploads\/2020\/08\/image-4.png?resize=350%2C521&amp;ssl=1 350w\" sizes=\"auto, (max-width: 660px) 100vw, 660px\" \/><figcaption>Trecho de Trem das Onze para Flauta, viol\u00e3o e bateria<\/figcaption><\/figure><\/div>\n\n\n\n<figure class=\"wp-block-embed is-type-video is-provider-youtube wp-block-embed-youtube wp-embed-aspect-16-9 wp-has-aspect-ratio\"><div class=\"wp-block-embed__wrapper\">\n<span class=\"embed-youtube\" style=\"text-align:center; display: block;\"><iframe loading=\"lazy\" class=\"youtube-player\" width=\"660\" height=\"372\" src=\"https:\/\/www.youtube.com\/embed\/6-TPABTHn3M?version=3&#038;rel=1&#038;showsearch=0&#038;showinfo=1&#038;iv_load_policy=1&#038;fs=1&#038;hl=pt-BR&#038;autohide=2&#038;wmode=transparent\" allowfullscreen=\"true\" style=\"border:0;\" sandbox=\"allow-scripts allow-same-origin allow-popups allow-presentation allow-popups-to-escape-sandbox\"><\/iframe><\/span>\n<\/div><figcaption>Trecho de Trem das Onze &#8211; Flauta, viol\u00e3o (Partitura e Tablatura) e bateria<\/figcaption><\/figure>\n\n\n\n<p class=\"wp-block-paragraph\">Para quem n\u00e3o est\u00e1 familiarizado com partituras e tablaturas, a figura a seguir mostra o ritmo em palhetadas.<\/p>\n\n\n\n<div class=\"wp-block-image\"><figure class=\"aligncenter size-large\"><img data-recalc-dims=\"1\" loading=\"lazy\" decoding=\"async\" width=\"328\" height=\"292\" data-attachment-id=\"18643\" data-permalink=\"https:\/\/musicasemsegredos.com\/index.php\/2020\/08\/21\/em-ritmo-de-samba\/image-5-2\/\" data-orig-file=\"https:\/\/i0.wp.com\/musicasemsegredos.com\/wp-content\/uploads\/2020\/08\/image-5.png?fit=328%2C292&amp;ssl=1\" data-orig-size=\"328,292\" data-comments-opened=\"1\" data-image-meta=\"{&quot;aperture&quot;:&quot;0&quot;,&quot;credit&quot;:&quot;&quot;,&quot;camera&quot;:&quot;&quot;,&quot;caption&quot;:&quot;&quot;,&quot;created_timestamp&quot;:&quot;0&quot;,&quot;copyright&quot;:&quot;&quot;,&quot;focal_length&quot;:&quot;0&quot;,&quot;iso&quot;:&quot;0&quot;,&quot;shutter_speed&quot;:&quot;0&quot;,&quot;title&quot;:&quot;&quot;,&quot;orientation&quot;:&quot;0&quot;}\" data-image-title=\"image-5\" data-image-description=\"\" data-image-caption=\"\" data-large-file=\"https:\/\/i0.wp.com\/musicasemsegredos.com\/wp-content\/uploads\/2020\/08\/image-5.png?fit=328%2C292&amp;ssl=1\" src=\"https:\/\/i0.wp.com\/musicasemsegredos.com\/wp-content\/uploads\/2020\/08\/image-5.png?resize=328%2C292&#038;ssl=1\" alt=\"Ritmo de samba para viol\u00e3o- Palheta\" class=\"wp-image-18643\" srcset=\"https:\/\/i0.wp.com\/musicasemsegredos.com\/wp-content\/uploads\/2020\/08\/image-5.png?w=328&amp;ssl=1 328w, https:\/\/i0.wp.com\/musicasemsegredos.com\/wp-content\/uploads\/2020\/08\/image-5.png?resize=300%2C267&amp;ssl=1 300w\" sizes=\"auto, (max-width: 328px) 100vw, 328px\" \/><figcaption>Ritmo de samba para viol\u00e3o <\/figcaption><\/figure><\/div>\n","protected":false},"excerpt":{"rendered":"<p>O samba est\u00e1 no DNA brasileiro e \u00e9 considerado o ritmo do Brasil. O estilo musical nasceu no Rio de Janeiro no in\u00edcio do s\u00e9culo XX e mescla elementos de diversas culturas, mas \u00e9 o ritmo do batuque africano que mais se destaca. Foi no final da d\u00e9cada de 1920 que o samba estruturou-se da &hellip; <a href=\"https:\/\/musicasemsegredos.com\/index.php\/2020\/08\/21\/em-ritmo-de-samba\/\" class=\"more-link\">Continuar lendo <span class=\"screen-reader-text\">Em ritmo de Samba<\/span><\/a><\/p>\n","protected":false},"author":1,"featured_media":18689,"comment_status":"open","ping_status":"open","sticky":false,"template":"","format":"standard","meta":{"_jetpack_newsletter_access":"","_jetpack_dont_email_post_to_subs":false,"_jetpack_newsletter_tier_id":0,"_jetpack_memberships_contains_paywalled_content":false,"_jetpack_feature_clip_id":0,"_jetpack_memberships_contains_paid_content":false,"footnotes":"","jetpack_publicize_message":"","jetpack_publicize_feature_enabled":true,"jetpack_social_post_already_shared":true,"jetpack_social_options":{"image_generator_settings":{"template":"highway","default_image_id":0,"font":"","enabled":false},"version":2},"jetpack_post_was_ever_published":false},"categories":[295,693,709,633,616,666,615,178,652,106,718,542],"tags":[726,727,674,108,5,13,59,50,721,723,724,722,719,725,115],"class_list":["post-18634","post","type-post","status-publish","format-standard","has-post-thumbnail","hentry","category-acordes","category-bateria","category-composicao","category-educacao","category-guitarra","category-instrumento-musical","category-musica","category-partituras","category-piano","category-pratica-de-instrumento","category-tablatura","category-violao","tag-adoniran","tag-adoniran-barbosa","tag-bateria","tag-guitarra","tag-musica","tag-partitura","tag-piano","tag-ritmo","tag-samba","tag-samba-e-piano","tag-samba-e-violao","tag-samba-no-piano","tag-tablatura","tag-trem-das-onze","tag-violao"],"aioseo_notices":[],"aioseo_head":"\n\t\t<!-- All in One SEO 5.0.1.1 - aioseo.com -->\n\t<meta name=\"description\" content=\"O samba est\u00e1 no DNA brasileiro e \u00e9 considerado o ritmo do Brasil. O estilo musical nasceu no Rio de Janeiro no in\u00edcio do s\u00e9culo XX e mescla elementos de diversas culturas, mas \u00e9 o ritmo do batuque africano que mais se destaca. Foi no final da d\u00e9cada de 1920 que o samba estruturou-se da\" \/>\n\t<meta name=\"robots\" content=\"max-image-preview:large\" \/>\n\t<meta name=\"author\" content=\"nevesf\"\/>\n\t<link rel=\"canonical\" href=\"https:\/\/musicasemsegredos.com\/index.php\/2020\/08\/21\/em-ritmo-de-samba\/\" \/>\n\t<meta name=\"generator\" content=\"All in One SEO (AIOSEO) 5.0.1.1\" \/>\n\t\t<meta property=\"og:locale\" content=\"pt_BR\" \/>\n\t\t<meta property=\"og:site_name\" content=\"M\u00fasica sem Segredos - Musica para todos\" \/>\n\t\t<meta property=\"og:type\" content=\"article\" \/>\n\t\t<meta property=\"og:title\" content=\"Em ritmo de Samba - M\u00fasica sem Segredos\" \/>\n\t\t<meta property=\"og:description\" content=\"O samba est\u00e1 no DNA brasileiro e \u00e9 considerado o ritmo do Brasil. O estilo musical nasceu no Rio de Janeiro no in\u00edcio do s\u00e9culo XX e mescla elementos de diversas culturas, mas \u00e9 o ritmo do batuque africano que mais se destaca. Foi no final da d\u00e9cada de 1920 que o samba estruturou-se da\" \/>\n\t\t<meta property=\"og:url\" content=\"https:\/\/musicasemsegredos.com\/index.php\/2020\/08\/21\/em-ritmo-de-samba\/\" \/>\n\t\t<meta property=\"og:image\" content=\"https:\/\/i0.wp.com\/musicasemsegredos.com\/wp-content\/uploads\/2017\/01\/cropped-cropped-MusicaSemSegredos512x512.jpg?fit=248248&#038;ssl=1\" \/>\n\t\t<meta property=\"og:image:secure_url\" content=\"https:\/\/i0.wp.com\/musicasemsegredos.com\/wp-content\/uploads\/2017\/01\/cropped-cropped-MusicaSemSegredos512x512.jpg?fit=248248&#038;ssl=1\" \/>\n\t\t<meta property=\"article:published_time\" content=\"2020-08-21T15:06:21+00:00\" \/>\n\t\t<meta property=\"article:modified_time\" content=\"2021-09-13T17:34:11+00:00\" \/>\n\t\t<meta name=\"twitter:card\" content=\"summary_large_image\" \/>\n\t\t<meta name=\"twitter:title\" content=\"Em ritmo de Samba - M\u00fasica sem Segredos\" \/>\n\t\t<meta name=\"twitter:description\" content=\"O samba est\u00e1 no DNA brasileiro e \u00e9 considerado o ritmo do Brasil. O estilo musical nasceu no Rio de Janeiro no in\u00edcio do s\u00e9culo XX e mescla elementos de diversas culturas, mas \u00e9 o ritmo do batuque africano que mais se destaca. Foi no final da d\u00e9cada de 1920 que o samba estruturou-se da\" \/>\n\t\t<meta name=\"twitter:image\" content=\"https:\/\/i0.wp.com\/musicasemsegredos.com\/wp-content\/uploads\/2017\/01\/cropped-cropped-MusicaSemSegredos512x512.jpg?fit=248248&amp;ssl=1\" \/>\n\t\t<script type=\"application\/ld+json\" class=\"aioseo-schema\">\n\t\t\t{\"@context\":\"https:\\\/\\\/schema.org\",\"@graph\":[{\"@type\":\"BlogPosting\",\"@id\":\"https:\\\/\\\/musicasemsegredos.com\\\/index.php\\\/2020\\\/08\\\/21\\\/em-ritmo-de-samba\\\/#blogposting\",\"name\":\"Em ritmo de Samba - M\\u00fasica sem Segredos\",\"headline\":\"Em ritmo de Samba\",\"author\":{\"@id\":\"https:\\\/\\\/musicasemsegredos.com\\\/index.php\\\/author\\\/nevesf\\\/#author\"},\"publisher\":{\"@id\":\"https:\\\/\\\/musicasemsegredos.com\\\/#organization\"},\"image\":{\"@type\":\"ImageObject\",\"url\":\"https:\\\/\\\/i0.wp.com\\\/musicasemsegredos.com\\\/wp-content\\\/uploads\\\/2020\\\/08\\\/tambourine-4037089_1280.jpg?fit=1280%2C709&ssl=1\",\"width\":1280,\"height\":709,\"caption\":\"Pandeiro. Foto de Luciano Raul (Pixabay)\"},\"datePublished\":\"2020-08-21T12:06:21-03:00\",\"dateModified\":\"2021-09-13T14:34:11-03:00\",\"inLanguage\":\"pt-BR\",\"mainEntityOfPage\":{\"@id\":\"https:\\\/\\\/musicasemsegredos.com\\\/index.php\\\/2020\\\/08\\\/21\\\/em-ritmo-de-samba\\\/#webpage\"},\"isPartOf\":{\"@id\":\"https:\\\/\\\/musicasemsegredos.com\\\/index.php\\\/2020\\\/08\\\/21\\\/em-ritmo-de-samba\\\/#webpage\"},\"articleSection\":\"Acordes, bateria, composi\\u00e7\\u00e3o, educacao, guitarra, Instrumento Musical, musica, Partituras, piano, Pr\\u00e1tica de instrumento, tablatura, viol\\u00e3o, adoniran, adoniran barbosa, bateria, guitarra, musica, partitura, piano, ritmo, samba, samba e piano, samba e violao, samba no piano, tablatura, trem das onze, viol\\u00e3o\"},{\"@type\":\"BreadcrumbList\",\"@id\":\"https:\\\/\\\/musicasemsegredos.com\\\/index.php\\\/2020\\\/08\\\/21\\\/em-ritmo-de-samba\\\/#breadcrumblist\",\"itemListElement\":[{\"@type\":\"ListItem\",\"@id\":\"https:\\\/\\\/musicasemsegredos.com#listItem\",\"position\":1,\"name\":\"Home\",\"item\":\"https:\\\/\\\/musicasemsegredos.com\",\"nextItem\":{\"@type\":\"ListItem\",\"@id\":\"https:\\\/\\\/musicasemsegredos.com\\\/index.php\\\/category\\\/pratica-de-instrumento\\\/#listItem\",\"name\":\"Pr\\u00e1tica de instrumento\"}},{\"@type\":\"ListItem\",\"@id\":\"https:\\\/\\\/musicasemsegredos.com\\\/index.php\\\/category\\\/pratica-de-instrumento\\\/#listItem\",\"position\":2,\"name\":\"Pr\\u00e1tica de instrumento\",\"item\":\"https:\\\/\\\/musicasemsegredos.com\\\/index.php\\\/category\\\/pratica-de-instrumento\\\/\",\"nextItem\":{\"@type\":\"ListItem\",\"@id\":\"https:\\\/\\\/musicasemsegredos.com\\\/index.php\\\/2020\\\/08\\\/21\\\/em-ritmo-de-samba\\\/#listItem\",\"name\":\"Em ritmo de Samba\"},\"previousItem\":{\"@type\":\"ListItem\",\"@id\":\"https:\\\/\\\/musicasemsegredos.com#listItem\",\"name\":\"Home\"}},{\"@type\":\"ListItem\",\"@id\":\"https:\\\/\\\/musicasemsegredos.com\\\/index.php\\\/2020\\\/08\\\/21\\\/em-ritmo-de-samba\\\/#listItem\",\"position\":3,\"name\":\"Em ritmo de Samba\",\"previousItem\":{\"@type\":\"ListItem\",\"@id\":\"https:\\\/\\\/musicasemsegredos.com\\\/index.php\\\/category\\\/pratica-de-instrumento\\\/#listItem\",\"name\":\"Pr\\u00e1tica de instrumento\"}}]},{\"@type\":\"Organization\",\"@id\":\"https:\\\/\\\/musicasemsegredos.com\\\/#organization\",\"name\":\"M\\u00fasica sem Segredos\",\"description\":\"Musica para todos\",\"url\":\"https:\\\/\\\/musicasemsegredos.com\\\/\",\"logo\":{\"@type\":\"ImageObject\",\"url\":\"https:\\\/\\\/i0.wp.com\\\/musicasemsegredos.com\\\/wp-content\\\/uploads\\\/2017\\\/01\\\/cropped-cropped-MusicaSemSegredos512x512.jpg?fit=248%2C248&ssl=1\",\"@id\":\"https:\\\/\\\/musicasemsegredos.com\\\/index.php\\\/2020\\\/08\\\/21\\\/em-ritmo-de-samba\\\/#organizationLogo\",\"width\":248,\"height\":248},\"image\":{\"@id\":\"https:\\\/\\\/musicasemsegredos.com\\\/index.php\\\/2020\\\/08\\\/21\\\/em-ritmo-de-samba\\\/#organizationLogo\"}},{\"@type\":\"Person\",\"@id\":\"https:\\\/\\\/musicasemsegredos.com\\\/index.php\\\/author\\\/nevesf\\\/#author\",\"url\":\"https:\\\/\\\/musicasemsegredos.com\\\/index.php\\\/author\\\/nevesf\\\/\",\"name\":\"nevesf\",\"image\":{\"@type\":\"ImageObject\",\"@id\":\"https:\\\/\\\/musicasemsegredos.com\\\/index.php\\\/2020\\\/08\\\/21\\\/em-ritmo-de-samba\\\/#authorImage\",\"url\":\"https:\\\/\\\/secure.gravatar.com\\\/avatar\\\/40a180061deabb68d04bd9f812bde2b372b5d57984baf7dd947ee866377d90fb?s=96&d=blank&r=g\",\"width\":96,\"height\":96,\"caption\":\"nevesf\"}},{\"@type\":\"WebPage\",\"@id\":\"https:\\\/\\\/musicasemsegredos.com\\\/index.php\\\/2020\\\/08\\\/21\\\/em-ritmo-de-samba\\\/#webpage\",\"url\":\"https:\\\/\\\/musicasemsegredos.com\\\/index.php\\\/2020\\\/08\\\/21\\\/em-ritmo-de-samba\\\/\",\"name\":\"Em ritmo de Samba - M\\u00fasica sem Segredos\",\"description\":\"O samba est\\u00e1 no DNA brasileiro e \\u00e9 considerado o ritmo do Brasil. O estilo musical nasceu no Rio de Janeiro no in\\u00edcio do s\\u00e9culo XX e mescla elementos de diversas culturas, mas \\u00e9 o ritmo do batuque africano que mais se destaca. Foi no final da d\\u00e9cada de 1920 que o samba estruturou-se da\",\"inLanguage\":\"pt-BR\",\"isPartOf\":{\"@id\":\"https:\\\/\\\/musicasemsegredos.com\\\/#website\"},\"breadcrumb\":{\"@id\":\"https:\\\/\\\/musicasemsegredos.com\\\/index.php\\\/2020\\\/08\\\/21\\\/em-ritmo-de-samba\\\/#breadcrumblist\"},\"author\":{\"@id\":\"https:\\\/\\\/musicasemsegredos.com\\\/index.php\\\/author\\\/nevesf\\\/#author\"},\"creator\":{\"@id\":\"https:\\\/\\\/musicasemsegredos.com\\\/index.php\\\/author\\\/nevesf\\\/#author\"},\"image\":{\"@type\":\"ImageObject\",\"url\":\"https:\\\/\\\/i0.wp.com\\\/musicasemsegredos.com\\\/wp-content\\\/uploads\\\/2020\\\/08\\\/tambourine-4037089_1280.jpg?fit=1280%2C709&ssl=1\",\"@id\":\"https:\\\/\\\/musicasemsegredos.com\\\/index.php\\\/2020\\\/08\\\/21\\\/em-ritmo-de-samba\\\/#mainImage\",\"width\":1280,\"height\":709,\"caption\":\"Pandeiro. Foto de Luciano Raul (Pixabay)\"},\"primaryImageOfPage\":{\"@id\":\"https:\\\/\\\/musicasemsegredos.com\\\/index.php\\\/2020\\\/08\\\/21\\\/em-ritmo-de-samba\\\/#mainImage\"},\"datePublished\":\"2020-08-21T12:06:21-03:00\",\"dateModified\":\"2021-09-13T14:34:11-03:00\"},{\"@type\":\"WebSite\",\"@id\":\"https:\\\/\\\/musicasemsegredos.com\\\/#website\",\"url\":\"https:\\\/\\\/musicasemsegredos.com\\\/\",\"name\":\"M\\u00fasica sem Segredos\",\"description\":\"Musica para todos\",\"inLanguage\":\"pt-BR\",\"publisher\":{\"@id\":\"https:\\\/\\\/musicasemsegredos.com\\\/#organization\"}}]}\n\t\t<\/script>\n\t\t<!-- All in One SEO -->\n\n","aioseo_head_json":{"title":"Em ritmo de Samba - M\u00fasica sem Segredos","description":"O samba est\u00e1 no DNA brasileiro e \u00e9 considerado o ritmo do Brasil. O estilo musical nasceu no Rio de Janeiro no in\u00edcio do s\u00e9culo XX e mescla elementos de diversas culturas, mas \u00e9 o ritmo do batuque africano que mais se destaca. Foi no final da d\u00e9cada de 1920 que o samba estruturou-se da","canonical_url":"https:\/\/musicasemsegredos.com\/index.php\/2020\/08\/21\/em-ritmo-de-samba\/","robots":"max-image-preview:large","keywords":"","webmasterTools":{"miscellaneous":""},"schema":{"@context":"https:\/\/schema.org","@graph":[{"@type":"BlogPosting","@id":"https:\/\/musicasemsegredos.com\/index.php\/2020\/08\/21\/em-ritmo-de-samba\/#blogposting","name":"Em ritmo de Samba - M\u00fasica sem Segredos","headline":"Em ritmo de Samba","author":{"@id":"https:\/\/musicasemsegredos.com\/index.php\/author\/nevesf\/#author"},"publisher":{"@id":"https:\/\/musicasemsegredos.com\/#organization"},"image":{"@type":"ImageObject","url":"https:\/\/i0.wp.com\/musicasemsegredos.com\/wp-content\/uploads\/2020\/08\/tambourine-4037089_1280.jpg?fit=1280%2C709&ssl=1","width":1280,"height":709,"caption":"Pandeiro. Foto de Luciano Raul (Pixabay)"},"datePublished":"2020-08-21T12:06:21-03:00","dateModified":"2021-09-13T14:34:11-03:00","inLanguage":"pt-BR","mainEntityOfPage":{"@id":"https:\/\/musicasemsegredos.com\/index.php\/2020\/08\/21\/em-ritmo-de-samba\/#webpage"},"isPartOf":{"@id":"https:\/\/musicasemsegredos.com\/index.php\/2020\/08\/21\/em-ritmo-de-samba\/#webpage"},"articleSection":"Acordes, bateria, composi\u00e7\u00e3o, educacao, guitarra, Instrumento Musical, musica, Partituras, piano, Pr\u00e1tica de instrumento, tablatura, viol\u00e3o, adoniran, adoniran barbosa, bateria, guitarra, musica, partitura, piano, ritmo, samba, samba e piano, samba e violao, samba no piano, tablatura, trem das onze, viol\u00e3o"},{"@type":"BreadcrumbList","@id":"https:\/\/musicasemsegredos.com\/index.php\/2020\/08\/21\/em-ritmo-de-samba\/#breadcrumblist","itemListElement":[{"@type":"ListItem","@id":"https:\/\/musicasemsegredos.com#listItem","position":1,"name":"Home","item":"https:\/\/musicasemsegredos.com","nextItem":{"@type":"ListItem","@id":"https:\/\/musicasemsegredos.com\/index.php\/category\/pratica-de-instrumento\/#listItem","name":"Pr\u00e1tica de instrumento"}},{"@type":"ListItem","@id":"https:\/\/musicasemsegredos.com\/index.php\/category\/pratica-de-instrumento\/#listItem","position":2,"name":"Pr\u00e1tica de instrumento","item":"https:\/\/musicasemsegredos.com\/index.php\/category\/pratica-de-instrumento\/","nextItem":{"@type":"ListItem","@id":"https:\/\/musicasemsegredos.com\/index.php\/2020\/08\/21\/em-ritmo-de-samba\/#listItem","name":"Em ritmo de Samba"},"previousItem":{"@type":"ListItem","@id":"https:\/\/musicasemsegredos.com#listItem","name":"Home"}},{"@type":"ListItem","@id":"https:\/\/musicasemsegredos.com\/index.php\/2020\/08\/21\/em-ritmo-de-samba\/#listItem","position":3,"name":"Em ritmo de Samba","previousItem":{"@type":"ListItem","@id":"https:\/\/musicasemsegredos.com\/index.php\/category\/pratica-de-instrumento\/#listItem","name":"Pr\u00e1tica de instrumento"}}]},{"@type":"Organization","@id":"https:\/\/musicasemsegredos.com\/#organization","name":"M\u00fasica sem Segredos","description":"Musica para todos","url":"https:\/\/musicasemsegredos.com\/","logo":{"@type":"ImageObject","url":"https:\/\/i0.wp.com\/musicasemsegredos.com\/wp-content\/uploads\/2017\/01\/cropped-cropped-MusicaSemSegredos512x512.jpg?fit=248%2C248&ssl=1","@id":"https:\/\/musicasemsegredos.com\/index.php\/2020\/08\/21\/em-ritmo-de-samba\/#organizationLogo","width":248,"height":248},"image":{"@id":"https:\/\/musicasemsegredos.com\/index.php\/2020\/08\/21\/em-ritmo-de-samba\/#organizationLogo"}},{"@type":"Person","@id":"https:\/\/musicasemsegredos.com\/index.php\/author\/nevesf\/#author","url":"https:\/\/musicasemsegredos.com\/index.php\/author\/nevesf\/","name":"nevesf","image":{"@type":"ImageObject","@id":"https:\/\/musicasemsegredos.com\/index.php\/2020\/08\/21\/em-ritmo-de-samba\/#authorImage","url":"https:\/\/secure.gravatar.com\/avatar\/40a180061deabb68d04bd9f812bde2b372b5d57984baf7dd947ee866377d90fb?s=96&d=blank&r=g","width":96,"height":96,"caption":"nevesf"}},{"@type":"WebPage","@id":"https:\/\/musicasemsegredos.com\/index.php\/2020\/08\/21\/em-ritmo-de-samba\/#webpage","url":"https:\/\/musicasemsegredos.com\/index.php\/2020\/08\/21\/em-ritmo-de-samba\/","name":"Em ritmo de Samba - M\u00fasica sem Segredos","description":"O samba est\u00e1 no DNA brasileiro e \u00e9 considerado o ritmo do Brasil. O estilo musical nasceu no Rio de Janeiro no in\u00edcio do s\u00e9culo XX e mescla elementos de diversas culturas, mas \u00e9 o ritmo do batuque africano que mais se destaca. Foi no final da d\u00e9cada de 1920 que o samba estruturou-se da","inLanguage":"pt-BR","isPartOf":{"@id":"https:\/\/musicasemsegredos.com\/#website"},"breadcrumb":{"@id":"https:\/\/musicasemsegredos.com\/index.php\/2020\/08\/21\/em-ritmo-de-samba\/#breadcrumblist"},"author":{"@id":"https:\/\/musicasemsegredos.com\/index.php\/author\/nevesf\/#author"},"creator":{"@id":"https:\/\/musicasemsegredos.com\/index.php\/author\/nevesf\/#author"},"image":{"@type":"ImageObject","url":"https:\/\/i0.wp.com\/musicasemsegredos.com\/wp-content\/uploads\/2020\/08\/tambourine-4037089_1280.jpg?fit=1280%2C709&ssl=1","@id":"https:\/\/musicasemsegredos.com\/index.php\/2020\/08\/21\/em-ritmo-de-samba\/#mainImage","width":1280,"height":709,"caption":"Pandeiro. Foto de Luciano Raul (Pixabay)"},"primaryImageOfPage":{"@id":"https:\/\/musicasemsegredos.com\/index.php\/2020\/08\/21\/em-ritmo-de-samba\/#mainImage"},"datePublished":"2020-08-21T12:06:21-03:00","dateModified":"2021-09-13T14:34:11-03:00"},{"@type":"WebSite","@id":"https:\/\/musicasemsegredos.com\/#website","url":"https:\/\/musicasemsegredos.com\/","name":"M\u00fasica sem Segredos","description":"Musica para todos","inLanguage":"pt-BR","publisher":{"@id":"https:\/\/musicasemsegredos.com\/#organization"}}]},"og:locale":"pt_BR","og:site_name":"M\u00fasica sem Segredos - Musica para todos","og:type":"article","og:title":"Em ritmo de Samba - M\u00fasica sem Segredos","og:description":"O samba est\u00e1 no DNA brasileiro e \u00e9 considerado o ritmo do Brasil. O estilo musical nasceu no Rio de Janeiro no in\u00edcio do s\u00e9culo XX e mescla elementos de diversas culturas, mas \u00e9 o ritmo do batuque africano que mais se destaca. Foi no final da d\u00e9cada de 1920 que o samba estruturou-se da","og:url":"https:\/\/musicasemsegredos.com\/index.php\/2020\/08\/21\/em-ritmo-de-samba\/","og:image":"https:\/\/i0.wp.com\/musicasemsegredos.com\/wp-content\/uploads\/2017\/01\/cropped-cropped-MusicaSemSegredos512x512.jpg?fit=248248&#038;ssl=1","og:image:secure_url":"https:\/\/i0.wp.com\/musicasemsegredos.com\/wp-content\/uploads\/2017\/01\/cropped-cropped-MusicaSemSegredos512x512.jpg?fit=248248&#038;ssl=1","article:published_time":"2020-08-21T15:06:21+00:00","article:modified_time":"2021-09-13T17:34:11+00:00","twitter:card":"summary_large_image","twitter:title":"Em ritmo de Samba - M\u00fasica sem Segredos","twitter:description":"O samba est\u00e1 no DNA brasileiro e \u00e9 considerado o ritmo do Brasil. O estilo musical nasceu no Rio de Janeiro no in\u00edcio do s\u00e9culo XX e mescla elementos de diversas culturas, mas \u00e9 o ritmo do batuque africano que mais se destaca. Foi no final da d\u00e9cada de 1920 que o samba estruturou-se da","twitter:image":"https:\/\/i0.wp.com\/musicasemsegredos.com\/wp-content\/uploads\/2017\/01\/cropped-cropped-MusicaSemSegredos512x512.jpg?fit=248248&ssl=1"},"aioseo_meta_data":{"post_id":"18634","title":null,"description":null,"keywords":null,"keyphrases":null,"focus_keyword":null,"additional_keywords":null,"truseo_locale":null,"primary_term":null,"canonical_url":null,"og_title":null,"og_description":null,"og_object_type":"default","og_image_type":"default","og_image_custom_url":null,"og_image_custom_fields":null,"og_image_url":null,"og_image_width":null,"og_image_height":null,"og_video":null,"og_custom_url":null,"og_article_section":null,"og_article_tags":null,"twitter_use_og":false,"twitter_card":"default","twitter_image_type":"default","twitter_image_custom_url":null,"twitter_image_custom_fields":null,"twitter_image_url":null,"twitter_title":null,"twitter_description":null,"schema_type":"default","schema_type_options":null,"schema":{"blockGraphs":[],"customGraphs":[],"default":{"data":{"Article":[],"Course":[],"Dataset":[],"FAQPage":[],"Movie":[],"Person":[],"Product":[],"ProductReview":[],"Car":[],"Recipe":[],"Service":[],"SoftwareApplication":[],"WebPage":[]},"graphName":"","isEnabled":true},"graphs":[]},"pillar_content":false,"robots_default":true,"robots_noindex":false,"robots_noarchive":false,"robots_nosnippet":false,"robots_nofollow":false,"robots_noimageindex":false,"robots_noodp":false,"robots_notranslate":false,"robots_max_snippet":null,"robots_max_videopreview":null,"robots_max_imagepreview":"large","priority":null,"frequency":null,"local_seo":null,"limit_modified_date":false,"ai":null,"breadcrumb_settings":null,"seo_analyzer_scan_date":null,"created":"2026-09-02 23:14:54","updated":"2026-09-02 23:14:54"},"aioseo_breadcrumb":"<div class=\"aioseo-breadcrumbs\"><span class=\"aioseo-breadcrumb\">\n\t\t\t<a href=\"https:\/\/musicasemsegredos.com\" title=\"Home\">Home<\/a>\n\t\t<\/span><span class=\"aioseo-breadcrumb-separator\">&raquo;<\/span><span class=\"aioseo-breadcrumb\">\n\t\t\t<a href=\"https:\/\/musicasemsegredos.com\/index.php\/category\/pratica-de-instrumento\/\" title=\"Pr\u00e1tica de instrumento\">Pr\u00e1tica de instrumento<\/a>\n\t\t<\/span><span class=\"aioseo-breadcrumb-separator\">&raquo;<\/span><span class=\"aioseo-breadcrumb\">\n\t\t\tEm ritmo de Samba\n\t\t<\/span><\/div>","aioseo_breadcrumb_json":[{"label":"Home","link":"https:\/\/musicasemsegredos.com"},{"label":"Pr\u00e1tica de instrumento","link":"https:\/\/musicasemsegredos.com\/index.php\/category\/pratica-de-instrumento\/"},{"label":"Em ritmo de Samba","link":"https:\/\/musicasemsegredos.com\/index.php\/2020\/08\/21\/em-ritmo-de-samba\/"}],"jetpack_publicize_connections":[],"jetpack_sharing_enabled":true,"jetpack_shortlink":"https:\/\/wp.me\/p8f7pv-4Qy","jetpack-related-posts":[{"id":18540,"url":"https:\/\/musicasemsegredos.com\/index.php\/2020\/03\/29\/como-tocar-e-escrever-arranjo-em-ritmo-de-samba-cancao\/","url_meta":{"origin":18634,"position":0},"title":"Como tocar e escrever arranjo em ritmo de samba can\u00e7\u00e3o","author":"nevesf","date":"29\/03\/2020","format":false,"excerpt":"Neste post vamos mostrar como aplicar o ritmo de samba can\u00e7\u00e3o a uma melodia. A batida do ritmo deve ser acompanhada nos acordes do piano, teclado ou viol\u00e3o. Vamos tomar como base para escrever este ritmo a f\u00f3rmula encontrada na p\u00e1gina 107 do livro Harmonia e Estilos para Teclado de\u2026","rel":"","context":"Em &quot;Acordes&quot;","block_context":{"text":"Acordes","link":"https:\/\/musicasemsegredos.com\/index.php\/category\/acordes\/"},"img":{"alt_text":"Piano e viol\u00e3o acustico","src":"https:\/\/i0.wp.com\/musicasemsegredos.com\/wp-content\/uploads\/2020\/03\/IMG_8361-1-2-scaled.jpg?fit=1200%2C900&ssl=1&resize=350%2C200","width":350,"height":200,"srcset":"https:\/\/i0.wp.com\/musicasemsegredos.com\/wp-content\/uploads\/2020\/03\/IMG_8361-1-2-scaled.jpg?fit=1200%2C900&ssl=1&resize=350%2C200 1x, https:\/\/i0.wp.com\/musicasemsegredos.com\/wp-content\/uploads\/2020\/03\/IMG_8361-1-2-scaled.jpg?fit=1200%2C900&ssl=1&resize=525%2C300 1.5x, https:\/\/i0.wp.com\/musicasemsegredos.com\/wp-content\/uploads\/2020\/03\/IMG_8361-1-2-scaled.jpg?fit=1200%2C900&ssl=1&resize=700%2C400 2x, https:\/\/i0.wp.com\/musicasemsegredos.com\/wp-content\/uploads\/2020\/03\/IMG_8361-1-2-scaled.jpg?fit=1200%2C900&ssl=1&resize=1050%2C600 3x"},"classes":[]},{"id":19981,"url":"https:\/\/musicasemsegredos.com\/index.php\/2025\/02\/23\/aquarela-do-brasil-a-obra-prima-de-ary-barroso\/","url_meta":{"origin":18634,"position":1},"title":"Aquarela do Brasil: A Obra-Prima de Ary Barroso","author":"nevesf","date":"23\/02\/2025","format":false,"excerpt":"Fala galera, vamos mergulhar no mundo vibrante de Aquarela do Brasil, uma m\u00fasica que \u00e9 praticamente uma carta de amor ao Brasil, escrita pelo genial Ary Barroso. Essa obra-prima conquistou cora\u00e7\u00f5es pelo mundo afora, e hoje vamos bater um papo sobre o compositor da m\u00fasica, a can\u00e7\u00e3o em si, quando\u2026","rel":"","context":"Em &quot;bandolim&quot;","block_context":{"text":"bandolim","link":"https:\/\/musicasemsegredos.com\/index.php\/category\/bandolim\/"},"img":{"alt_text":"aquarela do brasil","src":"https:\/\/i0.wp.com\/musicasemsegredos.com\/wp-content\/uploads\/2025\/02\/pandeiro-samba-brazil.jpg?fit=672%2C384&ssl=1&resize=350%2C200","width":350,"height":200,"srcset":"https:\/\/i0.wp.com\/musicasemsegredos.com\/wp-content\/uploads\/2025\/02\/pandeiro-samba-brazil.jpg?fit=672%2C384&ssl=1&resize=350%2C200 1x, https:\/\/i0.wp.com\/musicasemsegredos.com\/wp-content\/uploads\/2025\/02\/pandeiro-samba-brazil.jpg?fit=672%2C384&ssl=1&resize=525%2C300 1.5x"},"classes":[]},{"id":19768,"url":"https:\/\/musicasemsegredos.com\/index.php\/2024\/01\/25\/fur-elise-de-beethoven-para-violino-bandolim-e-violao-completo\/","url_meta":{"origin":18634,"position":2},"title":"F\u00fcr Elise de Beethoven para Violino, Bandolim e Viol\u00e3o (Completo).","author":"nevesf","date":"25\/01\/2024","format":false,"excerpt":"Ludwig van Beethoven, um dos maiores compositores da hist\u00f3ria, comp\u00f4s esta pequena obra, por volta de 1809 ou 1810, supostamente em homenagem a uma senhora a quem ele prop\u00f4s casamento, chamada Therese Malfatti, sobrinha do Dr. Giovanni Malfatti, um m\u00e9dico italiano que se estabeleceu em Viena em 1795. O Dr.\u2026","rel":"","context":"Em &quot;bandolim&quot;","block_context":{"text":"bandolim","link":"https:\/\/musicasemsegredos.com\/index.php\/category\/bandolim\/"},"img":{"alt_text":"fur Elise para viol\u00e3o, violino e bandolim","src":"https:\/\/i0.wp.com\/musicasemsegredos.com\/wp-content\/uploads\/2024\/01\/Fur-Elise-PostMakingMusic2.png?fit=1200%2C620&ssl=1&resize=350%2C200","width":350,"height":200,"srcset":"https:\/\/i0.wp.com\/musicasemsegredos.com\/wp-content\/uploads\/2024\/01\/Fur-Elise-PostMakingMusic2.png?fit=1200%2C620&ssl=1&resize=350%2C200 1x, https:\/\/i0.wp.com\/musicasemsegredos.com\/wp-content\/uploads\/2024\/01\/Fur-Elise-PostMakingMusic2.png?fit=1200%2C620&ssl=1&resize=525%2C300 1.5x, https:\/\/i0.wp.com\/musicasemsegredos.com\/wp-content\/uploads\/2024\/01\/Fur-Elise-PostMakingMusic2.png?fit=1200%2C620&ssl=1&resize=700%2C400 2x, https:\/\/i0.wp.com\/musicasemsegredos.com\/wp-content\/uploads\/2024\/01\/Fur-Elise-PostMakingMusic2.png?fit=1200%2C620&ssl=1&resize=1050%2C600 3x"},"classes":[]},{"id":18724,"url":"https:\/\/musicasemsegredos.com\/index.php\/2020\/12\/10\/aprenda-tocar-em-ritmo-de-baiao\/","url_meta":{"origin":18634,"position":3},"title":"Aprenda tocar Em Ritmo de Bai\u00e3o","author":"nevesf","date":"10\/12\/2020","format":false,"excerpt":"Neste post vamos falar sobre um ritmo e g\u00eanero musical caracter\u00edstico do nordeste do Brasil: O Bai\u00e3o. O ritmo deriva de um estilo africado chamado de lundu que foi introduzido no Brasil provavelmente pelos escravos origin\u00e1rios de Angola. A base r\u00edtmica do lundu s\u00e3o os tambores e por essa raz\u00e3o\u2026","rel":"","context":"Em &quot;bateria&quot;","block_context":{"text":"bateria","link":"https:\/\/musicasemsegredos.com\/index.php\/category\/bateria\/"},"img":{"alt_text":"sanfoneiro","src":"https:\/\/i0.wp.com\/musicasemsegredos.com\/wp-content\/uploads\/2020\/12\/accordion-1855794_1280.jpg?fit=1200%2C794&ssl=1&resize=350%2C200","width":350,"height":200,"srcset":"https:\/\/i0.wp.com\/musicasemsegredos.com\/wp-content\/uploads\/2020\/12\/accordion-1855794_1280.jpg?fit=1200%2C794&ssl=1&resize=350%2C200 1x, https:\/\/i0.wp.com\/musicasemsegredos.com\/wp-content\/uploads\/2020\/12\/accordion-1855794_1280.jpg?fit=1200%2C794&ssl=1&resize=525%2C300 1.5x, https:\/\/i0.wp.com\/musicasemsegredos.com\/wp-content\/uploads\/2020\/12\/accordion-1855794_1280.jpg?fit=1200%2C794&ssl=1&resize=700%2C400 2x, https:\/\/i0.wp.com\/musicasemsegredos.com\/wp-content\/uploads\/2020\/12\/accordion-1855794_1280.jpg?fit=1200%2C794&ssl=1&resize=1050%2C600 3x"},"classes":[]},{"id":18499,"url":"https:\/\/musicasemsegredos.com\/index.php\/2020\/02\/19\/como-adicionar-tablatura-de-bandolim-no-musescore\/","url_meta":{"origin":18634,"position":4},"title":"Como Adicionar tablatura de Bandolim no Musescore","author":"nevesf","date":"19\/02\/2020","format":false,"excerpt":"Tablaturas dispon\u00edveis Os usu\u00e1rios do Musescore podem utilizar as tablaturas para instrumentos de cordas. A\u00a0 vers\u00e3o 3 do programa j\u00e1 traz tablaturas para instrumentos que antes n\u00e3o eram encontrados na lista como, por exemplo, Banjo, Baixo El\u00e9trico, Baixo El\u00e9trico de 5 cordas e Ukulele. Eles s\u00e3o encontrados na lista de\u2026","rel":"","context":"Em &quot;bandolim&quot;","block_context":{"text":"bandolim","link":"https:\/\/musicasemsegredos.com\/index.php\/category\/bandolim\/"},"img":{"alt_text":"","src":"https:\/\/i0.wp.com\/musicasemsegredos.com\/wp-content\/uploads\/2020\/02\/strings-4717599_1920.jpg?fit=1200%2C800&ssl=1&resize=350%2C200","width":350,"height":200,"srcset":"https:\/\/i0.wp.com\/musicasemsegredos.com\/wp-content\/uploads\/2020\/02\/strings-4717599_1920.jpg?fit=1200%2C800&ssl=1&resize=350%2C200 1x, https:\/\/i0.wp.com\/musicasemsegredos.com\/wp-content\/uploads\/2020\/02\/strings-4717599_1920.jpg?fit=1200%2C800&ssl=1&resize=525%2C300 1.5x, https:\/\/i0.wp.com\/musicasemsegredos.com\/wp-content\/uploads\/2020\/02\/strings-4717599_1920.jpg?fit=1200%2C800&ssl=1&resize=700%2C400 2x, https:\/\/i0.wp.com\/musicasemsegredos.com\/wp-content\/uploads\/2020\/02\/strings-4717599_1920.jpg?fit=1200%2C800&ssl=1&resize=1050%2C600 3x"},"classes":[]},{"id":19997,"url":"https:\/\/musicasemsegredos.com\/index.php\/2025\/03\/04\/a-historia-por-tras-de-odeon-uma-joia-do-choro-brasileiro\/","url_meta":{"origin":18634,"position":5},"title":"A Hist\u00f3ria por Tr\u00e1s de &#8220;Odeon&#8221;: Uma Joia do Choro Brasileiro","author":"nevesf","date":"04\/03\/2025","format":false,"excerpt":"Imagine-se caminhando pelas ruas do Rio de Janeiro no in\u00edcio do s\u00e9culo XX. O som de um piano ecoa ao longe, misturando-se ao burburinho das pessoas, ao ritmo das carro\u00e7as e ao calor \u00famido do ver\u00e3o carioca. De repente, uma melodia cativante chama sua aten\u00e7\u00e3o: \u00e9 algo novo, mas ao\u2026","rel":"","context":"Em &quot;bandolim&quot;","block_context":{"text":"bandolim","link":"https:\/\/musicasemsegredos.com\/index.php\/category\/bandolim\/"},"img":{"alt_text":"Odeon","src":"https:\/\/i0.wp.com\/musicasemsegredos.com\/wp-content\/uploads\/2025\/03\/musicosdecada20-violao-bandolim.png?fit=1200%2C675&ssl=1&resize=350%2C200","width":350,"height":200,"srcset":"https:\/\/i0.wp.com\/musicasemsegredos.com\/wp-content\/uploads\/2025\/03\/musicosdecada20-violao-bandolim.png?fit=1200%2C675&ssl=1&resize=350%2C200 1x, https:\/\/i0.wp.com\/musicasemsegredos.com\/wp-content\/uploads\/2025\/03\/musicosdecada20-violao-bandolim.png?fit=1200%2C675&ssl=1&resize=525%2C300 1.5x, https:\/\/i0.wp.com\/musicasemsegredos.com\/wp-content\/uploads\/2025\/03\/musicosdecada20-violao-bandolim.png?fit=1200%2C675&ssl=1&resize=700%2C400 2x, https:\/\/i0.wp.com\/musicasemsegredos.com\/wp-content\/uploads\/2025\/03\/musicosdecada20-violao-bandolim.png?fit=1200%2C675&ssl=1&resize=1050%2C600 3x"},"classes":[]}],"jetpack_likes_enabled":true,"jetpack_featured_media_url":"https:\/\/i0.wp.com\/musicasemsegredos.com\/wp-content\/uploads\/2020\/08\/tambourine-4037089_1280.jpg?fit=1280%2C709&ssl=1","_links":{"self":[{"href":"https:\/\/musicasemsegredos.com\/index.php\/wp-json\/wp\/v2\/posts\/18634","targetHints":{"allow":["GET"]}}],"collection":[{"href":"https:\/\/musicasemsegredos.com\/index.php\/wp-json\/wp\/v2\/posts"}],"about":[{"href":"https:\/\/musicasemsegredos.com\/index.php\/wp-json\/wp\/v2\/types\/post"}],"author":[{"embeddable":true,"href":"https:\/\/musicasemsegredos.com\/index.php\/wp-json\/wp\/v2\/users\/1"}],"replies":[{"embeddable":true,"href":"https:\/\/musicasemsegredos.com\/index.php\/wp-json\/wp\/v2\/comments?post=18634"}],"version-history":[{"count":17,"href":"https:\/\/musicasemsegredos.com\/index.php\/wp-json\/wp\/v2\/posts\/18634\/revisions"}],"predecessor-version":[{"id":18918,"href":"https:\/\/musicasemsegredos.com\/index.php\/wp-json\/wp\/v2\/posts\/18634\/revisions\/18918"}],"wp:featuredmedia":[{"embeddable":true,"href":"https:\/\/musicasemsegredos.com\/index.php\/wp-json\/wp\/v2\/media\/18689"}],"wp:attachment":[{"href":"https:\/\/musicasemsegredos.com\/index.php\/wp-json\/wp\/v2\/media?parent=18634"}],"wp:term":[{"taxonomy":"category","embeddable":true,"href":"https:\/\/musicasemsegredos.com\/index.php\/wp-json\/wp\/v2\/categories?post=18634"},{"taxonomy":"post_tag","embeddable":true,"href":"https:\/\/musicasemsegredos.com\/index.php\/wp-json\/wp\/v2\/tags?post=18634"}],"curies":[{"name":"wp","href":"https:\/\/api.w.org\/{rel}","templated":true}]}}