{"id":18612,"date":"2020-07-17T14:06:54","date_gmt":"2020-07-17T17:06:54","guid":{"rendered":"https:\/\/musicasemsegredos.com\/?p=18612"},"modified":"2021-09-13T14:36:12","modified_gmt":"2021-09-13T17:36:12","slug":"o-que-e-e-para-que-serve-o-contraponto","status":"publish","type":"post","link":"https:\/\/musicasemsegredos.com\/index.php\/2020\/07\/17\/o-que-e-e-para-que-serve-o-contraponto\/","title":{"rendered":"O que \u00e9 e para que serve o Contraponto."},"content":{"rendered":"\n<p class=\"has-drop-cap wp-block-paragraph\">Este post \u00e9 para quem curte canto coral ou uma m\u00fasica com segunda voz.&nbsp; Podemos definir contraponto como a arte de combinar duas ou mais vozes independentes e simult\u00e2neas. Johannes Tinctoris, m\u00fasico que viveu de 1435 a 1511, definiu contraponto como uma moderada e razo\u00e1vel combina\u00e7\u00e3o produzida pela coloca\u00e7\u00e3o de uma voz contra a outra. Em outras palavras, podemos chamar-lo  simplesmente de contracanto.&nbsp; <\/p>\n\n\n\n<p class=\"wp-block-paragraph\">O contraponto \u00e9 uma t\u00e9cnica antiga que teve sua origem na renascen\u00e7a e atingiu seu auge com as obras do compositor Johann Sebastian Bach durante o per\u00edodo barroco. No entanto, apesar de antiga, \u00e9 muito usada por compositores modernos para harmonizar diferentes vozes sejam elas vocais ou instrumentais.<\/p>\n\n\n\n<h4 class=\"has-dark-purple-color has-text-color wp-block-heading\"><strong>A Hist\u00f3ria<\/strong><\/h4>\n\n\n\n<p class=\"wp-block-paragraph\">O contraponto foi usado inicialmente para escrever arranjos vocais. Antes deles, o que havia eram can\u00e7\u00f5es em un\u00edssono, ou monof\u00f4nicas&nbsp; chamadas de cantoch\u00e3o, isto \u00e9, n\u00e3o havia divis\u00e3o de vozes, e as composi\u00e7\u00f5es eram usadas em cantos eclesi\u00e1sticos durante os&nbsp; s\u00e9culos III e IV. Mais tarde, por volta do s\u00e9culo VI, o papa Greg\u00f3rio I, tamb\u00e9m conhecido como Greg\u00f3rio Magno, selecionou e sistematizou os cantos eclesi\u00e1sticos que deram origem aos cantos gregorianos. <\/p>\n\n\n\n<p class=\"wp-block-paragraph\">As primeiras m\u00fasicas polif\u00f4nicas, isto \u00e9, com duas ou mais linhas mel\u00f3dicas soando ao mesmo tempo, datam do s\u00e9culo IX. Nesta \u00e9poca, os compositores come\u00e7aram a realizar uma s\u00e9rie de experimentos, incluindo uma ou mais linhas de vozes com o objetivo de acrescentar maior beleza e refinamento nas suas composi\u00e7\u00f5es. <\/p>\n\n\n\n<p class=\"wp-block-paragraph\">Estas primeiras tentativas duplicavam a melodia em intervalos de quarta ou quinta que acompanhavam a parte principal de forma paralela. Isto significa que, \u00e0 medida que a melodia subia na escala, o contracanto tamb\u00e9m subia. este estilo primitivo era chamado de <em>organum paralelo<\/em>. Com o desenvolvimento de um contracanto mais elaborado, buscava-se exatamente o contr\u00e1rio, ou seja, evitar quintas, quarta e oitavas paralelas.<\/p>\n\n\n\n<h4 class=\"has-dark-purple-color has-text-color wp-block-heading\">A Sistematiza\u00e7\u00e3o da T\u00e9cnica<\/h4>\n\n\n\n<p class=\"wp-block-paragraph\">Quem primeiro organizou as normas de composi\u00e7\u00f5es com contraponto foi o compositor vienense Johann Joseph Fux (1660-1741) com a publica\u00e7\u00e3o de sua obra <em>Gradus ad Parnassum<\/em>  em 1725. Durante o classicismo, novas tend\u00eancias vieram e a m\u00fasica instrumental ganhou import\u00e2ncia, mas houve uma volta \u00e0 homofonia dando in\u00edcio \u00e0s \u00f3peras. De certa forma, houve uma grande retra\u00e7\u00e3o na pr\u00e1tica da m\u00fasica contrapont\u00edstica. Por outro lado grandes compositores desta \u00e9poca como Mozart, Haydn e Beethoven usaram a polifonia como meio de express\u00e3o em suas obras. <\/p>\n\n\n\n<p class=\"wp-block-paragraph\">Haydn em 1782 comp\u00f4s Quartetos de Corda op. 33 que \u00e9 considerada a reinven\u00e7\u00e3o do contraponto cl\u00e1ssico. N\u00e3o apenas Haydn, mas tamb\u00e9m Mozart e Beethoven estudaram a obra de Fux.<\/p>\n\n\n\n<h4 class=\"has-dark-purple-color has-text-color wp-block-heading\"><strong>Contraponto de Primeira Esp\u00e9cie<\/strong><\/h4>\n\n\n\n<p class=\"wp-block-paragraph\">Neste tratado sobre o contraponto, Fux os divide em cinco esp\u00e9cies. Na primeira esp\u00e9cie temos nota contra nota. Isso significa que o contraponto segue a mesma m\u00e9trica da melodia, que \u00e9 chamada de cantus firmus. O exemplo a seguir mostra um contraponto de primeira esp\u00e9cie. Os n\u00fameros abaixo de cada compasso \u00e9 o intervalo formado entre a voz mais grave e a mais aguda. Neste exemplo o cantus firmus est\u00e1 na clave de f\u00e1 e \u00e9 a voz mais grave.<\/p>\n\n\n\n<figure class=\"wp-block-image size-large is-resized\"><img data-recalc-dims=\"1\" loading=\"lazy\" decoding=\"async\" data-attachment-id=\"18615\" data-permalink=\"https:\/\/musicasemsegredos.com\/index.php\/2020\/07\/17\/o-que-e-e-para-que-serve-o-contraponto\/image-1-2\/\" data-orig-file=\"https:\/\/i0.wp.com\/musicasemsegredos.com\/wp-content\/uploads\/2020\/07\/image-1.png?fit=600%2C130&amp;ssl=1\" data-orig-size=\"600,130\" data-comments-opened=\"1\" data-image-meta=\"{&quot;aperture&quot;:&quot;0&quot;,&quot;credit&quot;:&quot;&quot;,&quot;camera&quot;:&quot;&quot;,&quot;caption&quot;:&quot;&quot;,&quot;created_timestamp&quot;:&quot;0&quot;,&quot;copyright&quot;:&quot;&quot;,&quot;focal_length&quot;:&quot;0&quot;,&quot;iso&quot;:&quot;0&quot;,&quot;shutter_speed&quot;:&quot;0&quot;,&quot;title&quot;:&quot;&quot;,&quot;orientation&quot;:&quot;0&quot;}\" data-image-title=\"image-1\" data-image-description=\"\" data-image-caption=\"\" data-large-file=\"https:\/\/i0.wp.com\/musicasemsegredos.com\/wp-content\/uploads\/2020\/07\/image-1.png?fit=600%2C130&amp;ssl=1\" src=\"https:\/\/i0.wp.com\/musicasemsegredos.com\/wp-content\/uploads\/2020\/07\/image-1.png?resize=660%2C143&#038;ssl=1\" alt=\"Exemplo de contraponto de primeira esp\u00e9cie\" class=\"wp-image-18615\" width=\"660\" height=\"143\" srcset=\"https:\/\/i0.wp.com\/musicasemsegredos.com\/wp-content\/uploads\/2020\/07\/image-1.png?w=600&amp;ssl=1 600w, https:\/\/i0.wp.com\/musicasemsegredos.com\/wp-content\/uploads\/2020\/07\/image-1.png?resize=300%2C65&amp;ssl=1 300w, https:\/\/i0.wp.com\/musicasemsegredos.com\/wp-content\/uploads\/2020\/07\/image-1.png?resize=350%2C76&amp;ssl=1 350w\" sizes=\"auto, (max-width: 660px) 100vw, 660px\" \/><figcaption>Contraponto de Primeira Esp\u00e9cie<\/figcaption><\/figure>\n\n\n\n<figure class=\"wp-block-image size-large\"><a href=\"https:\/\/www.magazinevoce.com.br\/magazinecantinhodamusica\/\" target=\"_blank\" rel=\"noopener noreferrer\"><img data-recalc-dims=\"1\" loading=\"lazy\" decoding=\"async\" width=\"660\" height=\"215\" data-attachment-id=\"18581\" data-permalink=\"https:\/\/musicasemsegredos.com\/index.php\/2020\/04\/16\/como-escrever-partitura-para-bateria-usando-o-musescore\/image\/\" data-orig-file=\"https:\/\/i0.wp.com\/musicasemsegredos.com\/wp-content\/uploads\/2020\/04\/image.png?fit=1249%2C406&amp;ssl=1\" data-orig-size=\"1249,406\" data-comments-opened=\"1\" data-image-meta=\"{&quot;aperture&quot;:&quot;0&quot;,&quot;credit&quot;:&quot;&quot;,&quot;camera&quot;:&quot;&quot;,&quot;caption&quot;:&quot;&quot;,&quot;created_timestamp&quot;:&quot;0&quot;,&quot;copyright&quot;:&quot;&quot;,&quot;focal_length&quot;:&quot;0&quot;,&quot;iso&quot;:&quot;0&quot;,&quot;shutter_speed&quot;:&quot;0&quot;,&quot;title&quot;:&quot;&quot;,&quot;orientation&quot;:&quot;0&quot;}\" data-image-title=\"image\" data-image-description=\"&lt;p&gt;Cantinho da musica&lt;br \/&gt;\nhttps:\/\/www.magazinevoce.com.br\/magazinecantinhodamusica\/&lt;\/p&gt;\n\" data-image-caption=\"\" data-large-file=\"https:\/\/i0.wp.com\/musicasemsegredos.com\/wp-content\/uploads\/2020\/04\/image.png?fit=660%2C215&amp;ssl=1\" src=\"https:\/\/i0.wp.com\/musicasemsegredos.com\/wp-content\/uploads\/2020\/04\/image.png?resize=660%2C215&#038;ssl=1\" alt=\"\" class=\"wp-image-18581\" srcset=\"https:\/\/i0.wp.com\/musicasemsegredos.com\/wp-content\/uploads\/2020\/04\/image.png?resize=1024%2C333&amp;ssl=1 1024w, https:\/\/i0.wp.com\/musicasemsegredos.com\/wp-content\/uploads\/2020\/04\/image.png?resize=300%2C98&amp;ssl=1 300w, https:\/\/i0.wp.com\/musicasemsegredos.com\/wp-content\/uploads\/2020\/04\/image.png?resize=768%2C250&amp;ssl=1 768w, https:\/\/i0.wp.com\/musicasemsegredos.com\/wp-content\/uploads\/2020\/04\/image.png?resize=350%2C114&amp;ssl=1 350w, https:\/\/i0.wp.com\/musicasemsegredos.com\/wp-content\/uploads\/2020\/04\/image.png?w=1249&amp;ssl=1 1249w\" sizes=\"auto, (max-width: 660px) 100vw, 660px\" \/><\/a><\/figure>\n\n\n\n<p class=\"wp-block-paragraph\">Veja que para cada nota do cantus firmus, neste caso escrita em semibreves, h\u00e1 outra semibreve com um intervalo entre elas. Nesta esp\u00e9cie apenas podem ser usadas conson\u00e2ncias perfeitas que s\u00e3o as quintas e oitavas e conson\u00e2ncias imperfeitas que s\u00e3o as ter\u00e7as e sextas. As quartas s\u00e3o consideradas disson\u00e2ncias, mas algumas escolas as consideravam conson\u00e2ncias.<\/p>\n\n\n\n<h4 class=\"has-dark-purple-color has-text-color wp-block-heading\"><strong>Contraponto de Segunda Esp\u00e9cie<\/strong><\/h4>\n\n\n\n<p class=\"wp-block-paragraph\">Na segunda esp\u00e9cie, o contracanto tem o dobro da velocidade  do <em>cantus firmus.<\/em> Ent\u00e3o, para uma melodia escrita em semibreves, o contracanto ser\u00e1 escrito em m\u00ednimas como o exemplo a seguir.<\/p>\n\n\n\n<figure class=\"wp-block-image size-full is-resized is-style-default\"><img data-recalc-dims=\"1\" loading=\"lazy\" decoding=\"async\" data-attachment-id=\"18613\" data-permalink=\"https:\/\/musicasemsegredos.com\/index.php\/2020\/07\/17\/o-que-e-e-para-que-serve-o-contraponto\/image-2\/\" data-orig-file=\"https:\/\/i0.wp.com\/musicasemsegredos.com\/wp-content\/uploads\/2020\/07\/image.png?fit=622%2C123&amp;ssl=1\" data-orig-size=\"622,123\" data-comments-opened=\"1\" data-image-meta=\"{&quot;aperture&quot;:&quot;0&quot;,&quot;credit&quot;:&quot;&quot;,&quot;camera&quot;:&quot;&quot;,&quot;caption&quot;:&quot;&quot;,&quot;created_timestamp&quot;:&quot;0&quot;,&quot;copyright&quot;:&quot;&quot;,&quot;focal_length&quot;:&quot;0&quot;,&quot;iso&quot;:&quot;0&quot;,&quot;shutter_speed&quot;:&quot;0&quot;,&quot;title&quot;:&quot;&quot;,&quot;orientation&quot;:&quot;0&quot;}\" data-image-title=\"image\" data-image-description=\"\" data-image-caption=\"\" data-large-file=\"https:\/\/i0.wp.com\/musicasemsegredos.com\/wp-content\/uploads\/2020\/07\/image.png?fit=622%2C123&amp;ssl=1\" src=\"https:\/\/i0.wp.com\/musicasemsegredos.com\/wp-content\/uploads\/2020\/07\/image.png?resize=660%2C130&#038;ssl=1\" alt=\"Exemplo de contraponto de segunda esp\u00e9cie\" class=\"wp-image-18613\" width=\"660\" height=\"130\" srcset=\"https:\/\/i0.wp.com\/musicasemsegredos.com\/wp-content\/uploads\/2020\/07\/image.png?w=622&amp;ssl=1 622w, https:\/\/i0.wp.com\/musicasemsegredos.com\/wp-content\/uploads\/2020\/07\/image.png?resize=300%2C59&amp;ssl=1 300w, https:\/\/i0.wp.com\/musicasemsegredos.com\/wp-content\/uploads\/2020\/07\/image.png?resize=350%2C69&amp;ssl=1 350w\" sizes=\"auto, (max-width: 660px) 100vw, 660px\" \/><figcaption>Contraponto de segunda Esp\u00e9cie<\/figcaption><\/figure>\n\n\n\n<p class=\"wp-block-paragraph\">Neste exemplo, o <em>cantus firmus<\/em> est\u00e1 na voz mais grave e o contraponto na voz mas aguda, mas poderia ser o oposto.<\/p>\n\n\n\n<h4 class=\"has-dark-purple-color has-text-color wp-block-heading\"><strong>&nbsp;Contraponto de Terceira Esp\u00e9cie.<\/strong><\/h4>\n\n\n\n<p class=\"wp-block-paragraph\">J\u00e1 na terceira esp\u00e9cie, o contracanto move-se quatro vezes mais r\u00e1pido que o cantus firmus. Isso significa que para um cantus firmus escrito em semibreves, teremos o contraponto escrito em sem\u00ednimas como o exemplo a seguir.<\/p>\n\n\n\n<figure class=\"wp-block-image size-large\"><img data-recalc-dims=\"1\" loading=\"lazy\" decoding=\"async\" width=\"660\" height=\"132\" data-attachment-id=\"18616\" data-permalink=\"https:\/\/musicasemsegredos.com\/index.php\/2020\/07\/17\/o-que-e-e-para-que-serve-o-contraponto\/image-2-2\/\" data-orig-file=\"https:\/\/i0.wp.com\/musicasemsegredos.com\/wp-content\/uploads\/2020\/07\/image-2.png?fit=682%2C136&amp;ssl=1\" data-orig-size=\"682,136\" data-comments-opened=\"1\" data-image-meta=\"{&quot;aperture&quot;:&quot;0&quot;,&quot;credit&quot;:&quot;&quot;,&quot;camera&quot;:&quot;&quot;,&quot;caption&quot;:&quot;&quot;,&quot;created_timestamp&quot;:&quot;0&quot;,&quot;copyright&quot;:&quot;&quot;,&quot;focal_length&quot;:&quot;0&quot;,&quot;iso&quot;:&quot;0&quot;,&quot;shutter_speed&quot;:&quot;0&quot;,&quot;title&quot;:&quot;&quot;,&quot;orientation&quot;:&quot;0&quot;}\" data-image-title=\"image-2\" data-image-description=\"\" data-image-caption=\"\" data-large-file=\"https:\/\/i0.wp.com\/musicasemsegredos.com\/wp-content\/uploads\/2020\/07\/image-2.png?fit=660%2C132&amp;ssl=1\" src=\"https:\/\/i0.wp.com\/musicasemsegredos.com\/wp-content\/uploads\/2020\/07\/image-2.png?resize=660%2C132&#038;ssl=1\" alt=\"Exemplo de contraponto de terceira Esp\u00e9cie\" class=\"wp-image-18616\" srcset=\"https:\/\/i0.wp.com\/musicasemsegredos.com\/wp-content\/uploads\/2020\/07\/image-2.png?w=682&amp;ssl=1 682w, https:\/\/i0.wp.com\/musicasemsegredos.com\/wp-content\/uploads\/2020\/07\/image-2.png?resize=300%2C60&amp;ssl=1 300w, https:\/\/i0.wp.com\/musicasemsegredos.com\/wp-content\/uploads\/2020\/07\/image-2.png?resize=350%2C70&amp;ssl=1 350w\" sizes=\"auto, (max-width: 660px) 100vw, 660px\" \/><figcaption>Contraponto de Terceira Esp\u00e9cie<\/figcaption><\/figure>\n\n\n\n<h4 class=\"has-dark-purple-color has-text-color wp-block-heading\"><strong>Contraponto de Quarta Esp\u00e9cie<\/strong><\/h4>\n\n\n\n<p class=\"wp-block-paragraph\">Na quarta esp\u00e9cie, o contraponto \u00e9 cantado duas vezes mais r\u00e1pido que o <em>cantus firmus<\/em>, da mesma forma que na segunda esp\u00e9cie, mas com uma diferen\u00e7a. Agora ele faz s\u00edncopes que \u00e9 o prolongamento da \u00faltima nota do compasso at\u00e9 o compasso seguinte. O exemplo a seguir exemplifica este tipo de contraponto.<\/p>\n\n\n\n<figure class=\"wp-block-image size-large is-resized\"><img data-recalc-dims=\"1\" loading=\"lazy\" decoding=\"async\" data-attachment-id=\"18617\" data-permalink=\"https:\/\/musicasemsegredos.com\/index.php\/2020\/07\/17\/o-que-e-e-para-que-serve-o-contraponto\/image-3\/\" data-orig-file=\"https:\/\/i0.wp.com\/musicasemsegredos.com\/wp-content\/uploads\/2020\/07\/image-3.png?fit=609%2C117&amp;ssl=1\" data-orig-size=\"609,117\" data-comments-opened=\"1\" data-image-meta=\"{&quot;aperture&quot;:&quot;0&quot;,&quot;credit&quot;:&quot;&quot;,&quot;camera&quot;:&quot;&quot;,&quot;caption&quot;:&quot;&quot;,&quot;created_timestamp&quot;:&quot;0&quot;,&quot;copyright&quot;:&quot;&quot;,&quot;focal_length&quot;:&quot;0&quot;,&quot;iso&quot;:&quot;0&quot;,&quot;shutter_speed&quot;:&quot;0&quot;,&quot;title&quot;:&quot;&quot;,&quot;orientation&quot;:&quot;0&quot;}\" data-image-title=\"image-3\" data-image-description=\"\" data-image-caption=\"\" data-large-file=\"https:\/\/i0.wp.com\/musicasemsegredos.com\/wp-content\/uploads\/2020\/07\/image-3.png?fit=609%2C117&amp;ssl=1\" src=\"https:\/\/i0.wp.com\/musicasemsegredos.com\/wp-content\/uploads\/2020\/07\/image-3.png?resize=660%2C126&#038;ssl=1\" alt=\"Exemplo de contraponto de quarta esp\u00e9cie\" class=\"wp-image-18617\" width=\"660\" height=\"126\" srcset=\"https:\/\/i0.wp.com\/musicasemsegredos.com\/wp-content\/uploads\/2020\/07\/image-3.png?w=609&amp;ssl=1 609w, https:\/\/i0.wp.com\/musicasemsegredos.com\/wp-content\/uploads\/2020\/07\/image-3.png?resize=300%2C58&amp;ssl=1 300w, https:\/\/i0.wp.com\/musicasemsegredos.com\/wp-content\/uploads\/2020\/07\/image-3.png?resize=350%2C67&amp;ssl=1 350w\" sizes=\"auto, (max-width: 660px) 100vw, 660px\" \/><figcaption>Contraponto de Quarta Esp\u00e9cie<\/figcaption><\/figure>\n\n\n\n<h4 class=\"has-dark-purple-color has-text-color wp-block-heading\"><strong>Contraponto de Quinta Esp\u00e9cie<\/strong><\/h4>\n\n\n\n<p class=\"wp-block-paragraph\">O contraponto de quinta esp\u00e9cie \u00e9 tamb\u00e9m chamado de florido e faz uso de todos os outros tipos de uma s\u00f3 vez. Ele&nbsp; n\u00e3o introduz nenhum novo padr\u00e3o r\u00edtmico. O que se pretende \u00e9 trabalhar com combina\u00e7\u00f5es oriundas das outras esp\u00e9cies nos dando a possibilidade de enriquecer o arranjo com maior variedade.&nbsp;<\/p>\n\n\n\n<figure class=\"wp-block-image size-large is-resized\"><img data-recalc-dims=\"1\" loading=\"lazy\" decoding=\"async\" data-attachment-id=\"18618\" data-permalink=\"https:\/\/musicasemsegredos.com\/index.php\/2020\/07\/17\/o-que-e-e-para-que-serve-o-contraponto\/image-4\/\" data-orig-file=\"https:\/\/i0.wp.com\/musicasemsegredos.com\/wp-content\/uploads\/2020\/07\/image-4.png?fit=607%2C112&amp;ssl=1\" data-orig-size=\"607,112\" data-comments-opened=\"1\" data-image-meta=\"{&quot;aperture&quot;:&quot;0&quot;,&quot;credit&quot;:&quot;&quot;,&quot;camera&quot;:&quot;&quot;,&quot;caption&quot;:&quot;&quot;,&quot;created_timestamp&quot;:&quot;0&quot;,&quot;copyright&quot;:&quot;&quot;,&quot;focal_length&quot;:&quot;0&quot;,&quot;iso&quot;:&quot;0&quot;,&quot;shutter_speed&quot;:&quot;0&quot;,&quot;title&quot;:&quot;&quot;,&quot;orientation&quot;:&quot;0&quot;}\" data-image-title=\"image-4\" data-image-description=\"\" data-image-caption=\"\" data-large-file=\"https:\/\/i0.wp.com\/musicasemsegredos.com\/wp-content\/uploads\/2020\/07\/image-4.png?fit=607%2C112&amp;ssl=1\" src=\"https:\/\/i0.wp.com\/musicasemsegredos.com\/wp-content\/uploads\/2020\/07\/image-4.png?resize=660%2C122&#038;ssl=1\" alt=\"Exemplo de contraponto de quinta Esp\u00e9cie\" class=\"wp-image-18618\" width=\"660\" height=\"122\" srcset=\"https:\/\/i0.wp.com\/musicasemsegredos.com\/wp-content\/uploads\/2020\/07\/image-4.png?w=607&amp;ssl=1 607w, https:\/\/i0.wp.com\/musicasemsegredos.com\/wp-content\/uploads\/2020\/07\/image-4.png?resize=300%2C55&amp;ssl=1 300w, https:\/\/i0.wp.com\/musicasemsegredos.com\/wp-content\/uploads\/2020\/07\/image-4.png?resize=350%2C65&amp;ssl=1 350w\" sizes=\"auto, (max-width: 660px) 100vw, 660px\" \/><figcaption>Contraponto de Quinta Esp\u00e9cie<\/figcaption><\/figure>\n\n\n\n<p class=\"wp-block-paragraph\">Estes s\u00e3o os cinco tipos de contraponto sistematizados por Fux. <a href=\"https:\/\/amzn.to\/3ewGgOF\">Carlos Almada em seu livro Contraponto em M\u00fasica Popular<\/a>, apresenta tamb\u00e9m o contraponto sem <em>cantus firmus<\/em> e aplica a teoria \u00e0 m\u00fasica popular. Fux em seu trabalho apresenta a combina\u00e7\u00e3o de at\u00e9 tr\u00eas vozes. Os corais possuem em geral quatro vozes, que s\u00e3o o soprano, contralto, tenor e baixo, mas podem ter ainda vozes intermedi\u00e1rias como mezzo soprano, mezzo contralto, segundo tenor, terceiro tenor, bar\u00edtonos, etc.<\/p>\n\n\n\n<center><a href=\"https:\/\/www.amazon.com.br\/Contraponto-M%C3%BAsica-Popular-Fundamenta%C3%A7%C3%A3o-Composicionais\/dp\/8571083746\/ref=as_li_ss_il?__mk_pt_BR=%C3%85M%C3%85%C5%BD%C3%95%C3%91&amp;dchild=1&amp;keywords=contraponto+musica+popular&amp;qid=1595004374&amp;sr=8-1&amp;linkCode=li3&amp;tag=nevesf-20&amp;linkId=7c9713c9d545143e7d4b424962ed5ba8&amp;language=en_US\" target=\"_blank\" rel=\"noopener noreferrer\"><img decoding=\"async\" border=\"0\" src=\"\/\/ws-na.amazon-adsystem.com\/widgets\/q?_encoding=UTF8&amp;ASIN=8571083746&amp;Format=_SL250_&amp;ID=AsinImage&amp;MarketPlace=BR&amp;ServiceVersion=20070822&amp;WS=1&amp;tag=nevesf-20&amp;language=en_US\"><\/a><img loading=\"lazy\" decoding=\"async\" src=\"https:\/\/ir-br.amazon-adsystem.com\/e\/ir?t=nevesf-20&amp;language=en_US&amp;l=li3&amp;o=33&amp;a=8571083746\" width=\"1\" height=\"1\" border=\"0\" alt=\"\" style=\"border:none !important; margin:0px !important;\"><\/center>\n\n\n\n<h4 class=\"has-dark-purple-color has-text-color wp-block-heading\"><strong>Contraponto Modal e Tonal<\/strong><\/h4>\n\n\n\n<p class=\"wp-block-paragraph\">O contraponto apresentado por Fux \u00e9 o contraponto modal, j\u00e1 que focava os modos eclesi\u00e1sticos dos cantos sacros. Com o aparecimento do conceito de tonalidade e harmonia funcional, associados \u00e0 inven\u00e7\u00e3o do piano que, ao contr\u00e1rio do cravo podia tocar nas 12 tonalidades ao inv\u00e9s de apenas uma e somados ainda ao aperfei\u00e7oamento dos instrumentos musicais, surge o conceito de contraponto tonal. Ou seja, agora o contraponto n\u00e3o est\u00e1 baseado apenas no intervalo de conson\u00e2ncias ou disson\u00e2ncias, mas tamb\u00e9m na rela\u00e7\u00e3o harm\u00f4nica, ou o acorde dado pela harmonia da m\u00fasica. <\/p>\n\n\n\n<p class=\"wp-block-paragraph\">As regras do contraponto tonal passam a aceitar passagens musicais antes proibidas por formar intervalos dissonantes, mas agora se a nota faz parte do acorde em quest\u00e3o a regra para o seu uso vai depender tamb\u00e9m das rela\u00e7\u00f5es harm\u00f4nicas.<\/p>\n\n\n\n<h4 class=\"has-dark-purple-color has-text-color wp-block-heading\"><strong>Uso da Teoria do Contraponto Modal na Composi\u00e7\u00e3o para Corais<\/strong><\/h4>\n\n\n\n<p class=\"wp-block-paragraph\">Se voc\u00ea tem interesse em compor para corais, ou simplesmente partir de uma melodia e abrir em vozes para um pequeno ou quem sabe at\u00e9 grandes grupos corais, vale a pena dar uma olhada no nosso post<a href=\"https:\/\/musicasemsegredos.com\/index.php\/2017\/06\/24\/como-compor-arranjo-para-coral-em-quatro-vozes-amazing-grace\/\"> como compor arranjos para coral em quatro vozes<\/a>, onde usamos apenas as regras do contraponto de primeira esp\u00e9cie para criar um arranjo para coral para a m\u00fasica Amazing Grace.<\/p>\n","protected":false},"excerpt":{"rendered":"<p>Este post \u00e9 para quem curte canto coral ou uma m\u00fasica com segunda voz.&nbsp; Podemos definir contraponto como a arte de combinar duas ou mais vozes independentes e simult\u00e2neas. Johannes Tinctoris, m\u00fasico que viveu de 1435 a 1511, definiu contraponto como uma moderada e razo\u00e1vel combina\u00e7\u00e3o produzida pela coloca\u00e7\u00e3o de uma voz contra a outra. &hellip; <a href=\"https:\/\/musicasemsegredos.com\/index.php\/2020\/07\/17\/o-que-e-e-para-que-serve-o-contraponto\/\" class=\"more-link\">Continuar lendo <span class=\"screen-reader-text\">O que \u00e9 e para que serve o Contraponto.<\/span><\/a><\/p>\n","protected":false},"author":1,"featured_media":18621,"comment_status":"open","ping_status":"open","sticky":false,"template":"","format":"standard","meta":{"_jetpack_newsletter_access":"","_jetpack_dont_email_post_to_subs":false,"_jetpack_newsletter_tier_id":0,"_jetpack_memberships_contains_paywalled_content":false,"_jetpack_feature_clip_id":0,"_jetpack_memberships_contains_paid_content":false,"footnotes":"","jetpack_publicize_message":"O que \u00e9 e para que serve o Contraponto? Entenda como o contraponto \u00e9 usado para compor para canto coral.","jetpack_publicize_feature_enabled":true,"jetpack_social_post_already_shared":true,"jetpack_social_options":{"image_generator_settings":{"template":"highway","default_image_id":0,"font":"","enabled":false},"version":2},"jetpack_post_was_ever_published":false},"categories":[508,709,633,415,615,9],"tags":[253],"class_list":["post-18612","post","type-post","status-publish","format-standard","has-post-thumbnail","hentry","category-canto-coral","category-composicao","category-educacao","category-harmonia","category-musica","category-teoria-musical","tag-coral"],"aioseo_notices":[],"aioseo_head":"\n\t\t<!-- All in One SEO 5.0.1.1 - aioseo.com -->\n\t<meta name=\"description\" content=\"Este post \u00e9 para quem curte canto coral ou uma m\u00fasica com segunda voz. Podemos definir contraponto como a arte de combinar duas ou mais vozes independentes e simult\u00e2neas. Johannes Tinctoris, m\u00fasico que viveu de 1435 a 1511, definiu contraponto como uma moderada e razo\u00e1vel combina\u00e7\u00e3o produzida pela coloca\u00e7\u00e3o de uma voz contra a outra.\" \/>\n\t<meta name=\"robots\" content=\"max-image-preview:large\" \/>\n\t<meta name=\"author\" content=\"nevesf\"\/>\n\t<link rel=\"canonical\" href=\"https:\/\/musicasemsegredos.com\/index.php\/2020\/07\/17\/o-que-e-e-para-que-serve-o-contraponto\/\" \/>\n\t<meta name=\"generator\" content=\"All in One SEO (AIOSEO) 5.0.1.1\" \/>\n\t\t<meta property=\"og:locale\" content=\"pt_BR\" \/>\n\t\t<meta property=\"og:site_name\" content=\"M\u00fasica sem Segredos - Musica para todos\" \/>\n\t\t<meta property=\"og:type\" content=\"article\" \/>\n\t\t<meta property=\"og:title\" content=\"O que \u00e9 e para que serve o Contraponto. - M\u00fasica sem Segredos\" \/>\n\t\t<meta property=\"og:description\" content=\"Este post \u00e9 para quem curte canto coral ou uma m\u00fasica com segunda voz. Podemos definir contraponto como a arte de combinar duas ou mais vozes independentes e simult\u00e2neas. Johannes Tinctoris, m\u00fasico que viveu de 1435 a 1511, definiu contraponto como uma moderada e razo\u00e1vel combina\u00e7\u00e3o produzida pela coloca\u00e7\u00e3o de uma voz contra a outra.\" \/>\n\t\t<meta property=\"og:url\" content=\"https:\/\/musicasemsegredos.com\/index.php\/2020\/07\/17\/o-que-e-e-para-que-serve-o-contraponto\/\" \/>\n\t\t<meta property=\"og:image\" content=\"https:\/\/i0.wp.com\/musicasemsegredos.com\/wp-content\/uploads\/2017\/01\/cropped-cropped-MusicaSemSegredos512x512.jpg?fit=248248&#038;ssl=1\" \/>\n\t\t<meta property=\"og:image:secure_url\" content=\"https:\/\/i0.wp.com\/musicasemsegredos.com\/wp-content\/uploads\/2017\/01\/cropped-cropped-MusicaSemSegredos512x512.jpg?fit=248248&#038;ssl=1\" \/>\n\t\t<meta property=\"article:published_time\" content=\"2020-07-17T17:06:54+00:00\" \/>\n\t\t<meta property=\"article:modified_time\" content=\"2021-09-13T17:36:12+00:00\" \/>\n\t\t<meta name=\"twitter:card\" content=\"summary_large_image\" \/>\n\t\t<meta name=\"twitter:title\" content=\"O que \u00e9 e para que serve o Contraponto. - M\u00fasica sem Segredos\" \/>\n\t\t<meta name=\"twitter:description\" content=\"Este post \u00e9 para quem curte canto coral ou uma m\u00fasica com segunda voz. Podemos definir contraponto como a arte de combinar duas ou mais vozes independentes e simult\u00e2neas. Johannes Tinctoris, m\u00fasico que viveu de 1435 a 1511, definiu contraponto como uma moderada e razo\u00e1vel combina\u00e7\u00e3o produzida pela coloca\u00e7\u00e3o de uma voz contra a outra.\" \/>\n\t\t<meta name=\"twitter:image\" content=\"https:\/\/i0.wp.com\/musicasemsegredos.com\/wp-content\/uploads\/2017\/01\/cropped-cropped-MusicaSemSegredos512x512.jpg?fit=248248&amp;ssl=1\" \/>\n\t\t<script type=\"application\/ld+json\" class=\"aioseo-schema\">\n\t\t\t{\"@context\":\"https:\\\/\\\/schema.org\",\"@graph\":[{\"@type\":\"BlogPosting\",\"@id\":\"https:\\\/\\\/musicasemsegredos.com\\\/index.php\\\/2020\\\/07\\\/17\\\/o-que-e-e-para-que-serve-o-contraponto\\\/#blogposting\",\"name\":\"O que \\u00e9 e para que serve o Contraponto. - M\\u00fasica sem Segredos\",\"headline\":\"O que \\u00e9 e para que serve o Contraponto.\",\"author\":{\"@id\":\"https:\\\/\\\/musicasemsegredos.com\\\/index.php\\\/author\\\/nevesf\\\/#author\"},\"publisher\":{\"@id\":\"https:\\\/\\\/musicasemsegredos.com\\\/#organization\"},\"image\":{\"@type\":\"ImageObject\",\"url\":\"https:\\\/\\\/i0.wp.com\\\/musicasemsegredos.com\\\/wp-content\\\/uploads\\\/2020\\\/07\\\/nuns-2468548_640.jpg?fit=640%2C480&ssl=1\",\"width\":640,\"height\":480,\"caption\":\"Canto Coral\"},\"datePublished\":\"2020-07-17T14:06:54-03:00\",\"dateModified\":\"2021-09-13T14:36:12-03:00\",\"inLanguage\":\"pt-BR\",\"mainEntityOfPage\":{\"@id\":\"https:\\\/\\\/musicasemsegredos.com\\\/index.php\\\/2020\\\/07\\\/17\\\/o-que-e-e-para-que-serve-o-contraponto\\\/#webpage\"},\"isPartOf\":{\"@id\":\"https:\\\/\\\/musicasemsegredos.com\\\/index.php\\\/2020\\\/07\\\/17\\\/o-que-e-e-para-que-serve-o-contraponto\\\/#webpage\"},\"articleSection\":\"canto coral, composi\\u00e7\\u00e3o, educacao, Harmonia, musica, Teoria Musical, coral\"},{\"@type\":\"BreadcrumbList\",\"@id\":\"https:\\\/\\\/musicasemsegredos.com\\\/index.php\\\/2020\\\/07\\\/17\\\/o-que-e-e-para-que-serve-o-contraponto\\\/#breadcrumblist\",\"itemListElement\":[{\"@type\":\"ListItem\",\"@id\":\"https:\\\/\\\/musicasemsegredos.com#listItem\",\"position\":1,\"name\":\"Home\",\"item\":\"https:\\\/\\\/musicasemsegredos.com\",\"nextItem\":{\"@type\":\"ListItem\",\"@id\":\"https:\\\/\\\/musicasemsegredos.com\\\/index.php\\\/category\\\/teoria-musical\\\/#listItem\",\"name\":\"Teoria Musical\"}},{\"@type\":\"ListItem\",\"@id\":\"https:\\\/\\\/musicasemsegredos.com\\\/index.php\\\/category\\\/teoria-musical\\\/#listItem\",\"position\":2,\"name\":\"Teoria Musical\",\"item\":\"https:\\\/\\\/musicasemsegredos.com\\\/index.php\\\/category\\\/teoria-musical\\\/\",\"nextItem\":{\"@type\":\"ListItem\",\"@id\":\"https:\\\/\\\/musicasemsegredos.com\\\/index.php\\\/2020\\\/07\\\/17\\\/o-que-e-e-para-que-serve-o-contraponto\\\/#listItem\",\"name\":\"O que \\u00e9 e para que serve o Contraponto.\"},\"previousItem\":{\"@type\":\"ListItem\",\"@id\":\"https:\\\/\\\/musicasemsegredos.com#listItem\",\"name\":\"Home\"}},{\"@type\":\"ListItem\",\"@id\":\"https:\\\/\\\/musicasemsegredos.com\\\/index.php\\\/2020\\\/07\\\/17\\\/o-que-e-e-para-que-serve-o-contraponto\\\/#listItem\",\"position\":3,\"name\":\"O que \\u00e9 e para que serve o Contraponto.\",\"previousItem\":{\"@type\":\"ListItem\",\"@id\":\"https:\\\/\\\/musicasemsegredos.com\\\/index.php\\\/category\\\/teoria-musical\\\/#listItem\",\"name\":\"Teoria Musical\"}}]},{\"@type\":\"Organization\",\"@id\":\"https:\\\/\\\/musicasemsegredos.com\\\/#organization\",\"name\":\"M\\u00fasica sem Segredos\",\"description\":\"Musica para todos\",\"url\":\"https:\\\/\\\/musicasemsegredos.com\\\/\",\"logo\":{\"@type\":\"ImageObject\",\"url\":\"https:\\\/\\\/i0.wp.com\\\/musicasemsegredos.com\\\/wp-content\\\/uploads\\\/2017\\\/01\\\/cropped-cropped-MusicaSemSegredos512x512.jpg?fit=248%2C248&ssl=1\",\"@id\":\"https:\\\/\\\/musicasemsegredos.com\\\/index.php\\\/2020\\\/07\\\/17\\\/o-que-e-e-para-que-serve-o-contraponto\\\/#organizationLogo\",\"width\":248,\"height\":248},\"image\":{\"@id\":\"https:\\\/\\\/musicasemsegredos.com\\\/index.php\\\/2020\\\/07\\\/17\\\/o-que-e-e-para-que-serve-o-contraponto\\\/#organizationLogo\"}},{\"@type\":\"Person\",\"@id\":\"https:\\\/\\\/musicasemsegredos.com\\\/index.php\\\/author\\\/nevesf\\\/#author\",\"url\":\"https:\\\/\\\/musicasemsegredos.com\\\/index.php\\\/author\\\/nevesf\\\/\",\"name\":\"nevesf\",\"image\":{\"@type\":\"ImageObject\",\"@id\":\"https:\\\/\\\/musicasemsegredos.com\\\/index.php\\\/2020\\\/07\\\/17\\\/o-que-e-e-para-que-serve-o-contraponto\\\/#authorImage\",\"url\":\"https:\\\/\\\/secure.gravatar.com\\\/avatar\\\/40a180061deabb68d04bd9f812bde2b372b5d57984baf7dd947ee866377d90fb?s=96&d=blank&r=g\",\"width\":96,\"height\":96,\"caption\":\"nevesf\"}},{\"@type\":\"WebPage\",\"@id\":\"https:\\\/\\\/musicasemsegredos.com\\\/index.php\\\/2020\\\/07\\\/17\\\/o-que-e-e-para-que-serve-o-contraponto\\\/#webpage\",\"url\":\"https:\\\/\\\/musicasemsegredos.com\\\/index.php\\\/2020\\\/07\\\/17\\\/o-que-e-e-para-que-serve-o-contraponto\\\/\",\"name\":\"O que \\u00e9 e para que serve o Contraponto. - M\\u00fasica sem Segredos\",\"description\":\"Este post \\u00e9 para quem curte canto coral ou uma m\\u00fasica com segunda voz. Podemos definir contraponto como a arte de combinar duas ou mais vozes independentes e simult\\u00e2neas. Johannes Tinctoris, m\\u00fasico que viveu de 1435 a 1511, definiu contraponto como uma moderada e razo\\u00e1vel combina\\u00e7\\u00e3o produzida pela coloca\\u00e7\\u00e3o de uma voz contra a outra.\",\"inLanguage\":\"pt-BR\",\"isPartOf\":{\"@id\":\"https:\\\/\\\/musicasemsegredos.com\\\/#website\"},\"breadcrumb\":{\"@id\":\"https:\\\/\\\/musicasemsegredos.com\\\/index.php\\\/2020\\\/07\\\/17\\\/o-que-e-e-para-que-serve-o-contraponto\\\/#breadcrumblist\"},\"author\":{\"@id\":\"https:\\\/\\\/musicasemsegredos.com\\\/index.php\\\/author\\\/nevesf\\\/#author\"},\"creator\":{\"@id\":\"https:\\\/\\\/musicasemsegredos.com\\\/index.php\\\/author\\\/nevesf\\\/#author\"},\"image\":{\"@type\":\"ImageObject\",\"url\":\"https:\\\/\\\/i0.wp.com\\\/musicasemsegredos.com\\\/wp-content\\\/uploads\\\/2020\\\/07\\\/nuns-2468548_640.jpg?fit=640%2C480&ssl=1\",\"@id\":\"https:\\\/\\\/musicasemsegredos.com\\\/index.php\\\/2020\\\/07\\\/17\\\/o-que-e-e-para-que-serve-o-contraponto\\\/#mainImage\",\"width\":640,\"height\":480,\"caption\":\"Canto Coral\"},\"primaryImageOfPage\":{\"@id\":\"https:\\\/\\\/musicasemsegredos.com\\\/index.php\\\/2020\\\/07\\\/17\\\/o-que-e-e-para-que-serve-o-contraponto\\\/#mainImage\"},\"datePublished\":\"2020-07-17T14:06:54-03:00\",\"dateModified\":\"2021-09-13T14:36:12-03:00\"},{\"@type\":\"WebSite\",\"@id\":\"https:\\\/\\\/musicasemsegredos.com\\\/#website\",\"url\":\"https:\\\/\\\/musicasemsegredos.com\\\/\",\"name\":\"M\\u00fasica sem Segredos\",\"description\":\"Musica para todos\",\"inLanguage\":\"pt-BR\",\"publisher\":{\"@id\":\"https:\\\/\\\/musicasemsegredos.com\\\/#organization\"}}]}\n\t\t<\/script>\n\t\t<!-- All in One SEO -->\n\n","aioseo_head_json":{"title":"O que \u00e9 e para que serve o Contraponto. - M\u00fasica sem Segredos","description":"Este post \u00e9 para quem curte canto coral ou uma m\u00fasica com segunda voz. Podemos definir contraponto como a arte de combinar duas ou mais vozes independentes e simult\u00e2neas. Johannes Tinctoris, m\u00fasico que viveu de 1435 a 1511, definiu contraponto como uma moderada e razo\u00e1vel combina\u00e7\u00e3o produzida pela coloca\u00e7\u00e3o de uma voz contra a outra.","canonical_url":"https:\/\/musicasemsegredos.com\/index.php\/2020\/07\/17\/o-que-e-e-para-que-serve-o-contraponto\/","robots":"max-image-preview:large","keywords":"","webmasterTools":{"miscellaneous":""},"schema":{"@context":"https:\/\/schema.org","@graph":[{"@type":"BlogPosting","@id":"https:\/\/musicasemsegredos.com\/index.php\/2020\/07\/17\/o-que-e-e-para-que-serve-o-contraponto\/#blogposting","name":"O que \u00e9 e para que serve o Contraponto. - M\u00fasica sem Segredos","headline":"O que \u00e9 e para que serve o Contraponto.","author":{"@id":"https:\/\/musicasemsegredos.com\/index.php\/author\/nevesf\/#author"},"publisher":{"@id":"https:\/\/musicasemsegredos.com\/#organization"},"image":{"@type":"ImageObject","url":"https:\/\/i0.wp.com\/musicasemsegredos.com\/wp-content\/uploads\/2020\/07\/nuns-2468548_640.jpg?fit=640%2C480&ssl=1","width":640,"height":480,"caption":"Canto Coral"},"datePublished":"2020-07-17T14:06:54-03:00","dateModified":"2021-09-13T14:36:12-03:00","inLanguage":"pt-BR","mainEntityOfPage":{"@id":"https:\/\/musicasemsegredos.com\/index.php\/2020\/07\/17\/o-que-e-e-para-que-serve-o-contraponto\/#webpage"},"isPartOf":{"@id":"https:\/\/musicasemsegredos.com\/index.php\/2020\/07\/17\/o-que-e-e-para-que-serve-o-contraponto\/#webpage"},"articleSection":"canto coral, composi\u00e7\u00e3o, educacao, Harmonia, musica, Teoria Musical, coral"},{"@type":"BreadcrumbList","@id":"https:\/\/musicasemsegredos.com\/index.php\/2020\/07\/17\/o-que-e-e-para-que-serve-o-contraponto\/#breadcrumblist","itemListElement":[{"@type":"ListItem","@id":"https:\/\/musicasemsegredos.com#listItem","position":1,"name":"Home","item":"https:\/\/musicasemsegredos.com","nextItem":{"@type":"ListItem","@id":"https:\/\/musicasemsegredos.com\/index.php\/category\/teoria-musical\/#listItem","name":"Teoria Musical"}},{"@type":"ListItem","@id":"https:\/\/musicasemsegredos.com\/index.php\/category\/teoria-musical\/#listItem","position":2,"name":"Teoria Musical","item":"https:\/\/musicasemsegredos.com\/index.php\/category\/teoria-musical\/","nextItem":{"@type":"ListItem","@id":"https:\/\/musicasemsegredos.com\/index.php\/2020\/07\/17\/o-que-e-e-para-que-serve-o-contraponto\/#listItem","name":"O que \u00e9 e para que serve o Contraponto."},"previousItem":{"@type":"ListItem","@id":"https:\/\/musicasemsegredos.com#listItem","name":"Home"}},{"@type":"ListItem","@id":"https:\/\/musicasemsegredos.com\/index.php\/2020\/07\/17\/o-que-e-e-para-que-serve-o-contraponto\/#listItem","position":3,"name":"O que \u00e9 e para que serve o Contraponto.","previousItem":{"@type":"ListItem","@id":"https:\/\/musicasemsegredos.com\/index.php\/category\/teoria-musical\/#listItem","name":"Teoria Musical"}}]},{"@type":"Organization","@id":"https:\/\/musicasemsegredos.com\/#organization","name":"M\u00fasica sem Segredos","description":"Musica para todos","url":"https:\/\/musicasemsegredos.com\/","logo":{"@type":"ImageObject","url":"https:\/\/i0.wp.com\/musicasemsegredos.com\/wp-content\/uploads\/2017\/01\/cropped-cropped-MusicaSemSegredos512x512.jpg?fit=248%2C248&ssl=1","@id":"https:\/\/musicasemsegredos.com\/index.php\/2020\/07\/17\/o-que-e-e-para-que-serve-o-contraponto\/#organizationLogo","width":248,"height":248},"image":{"@id":"https:\/\/musicasemsegredos.com\/index.php\/2020\/07\/17\/o-que-e-e-para-que-serve-o-contraponto\/#organizationLogo"}},{"@type":"Person","@id":"https:\/\/musicasemsegredos.com\/index.php\/author\/nevesf\/#author","url":"https:\/\/musicasemsegredos.com\/index.php\/author\/nevesf\/","name":"nevesf","image":{"@type":"ImageObject","@id":"https:\/\/musicasemsegredos.com\/index.php\/2020\/07\/17\/o-que-e-e-para-que-serve-o-contraponto\/#authorImage","url":"https:\/\/secure.gravatar.com\/avatar\/40a180061deabb68d04bd9f812bde2b372b5d57984baf7dd947ee866377d90fb?s=96&d=blank&r=g","width":96,"height":96,"caption":"nevesf"}},{"@type":"WebPage","@id":"https:\/\/musicasemsegredos.com\/index.php\/2020\/07\/17\/o-que-e-e-para-que-serve-o-contraponto\/#webpage","url":"https:\/\/musicasemsegredos.com\/index.php\/2020\/07\/17\/o-que-e-e-para-que-serve-o-contraponto\/","name":"O que \u00e9 e para que serve o Contraponto. - M\u00fasica sem Segredos","description":"Este post \u00e9 para quem curte canto coral ou uma m\u00fasica com segunda voz. Podemos definir contraponto como a arte de combinar duas ou mais vozes independentes e simult\u00e2neas. Johannes Tinctoris, m\u00fasico que viveu de 1435 a 1511, definiu contraponto como uma moderada e razo\u00e1vel combina\u00e7\u00e3o produzida pela coloca\u00e7\u00e3o de uma voz contra a outra.","inLanguage":"pt-BR","isPartOf":{"@id":"https:\/\/musicasemsegredos.com\/#website"},"breadcrumb":{"@id":"https:\/\/musicasemsegredos.com\/index.php\/2020\/07\/17\/o-que-e-e-para-que-serve-o-contraponto\/#breadcrumblist"},"author":{"@id":"https:\/\/musicasemsegredos.com\/index.php\/author\/nevesf\/#author"},"creator":{"@id":"https:\/\/musicasemsegredos.com\/index.php\/author\/nevesf\/#author"},"image":{"@type":"ImageObject","url":"https:\/\/i0.wp.com\/musicasemsegredos.com\/wp-content\/uploads\/2020\/07\/nuns-2468548_640.jpg?fit=640%2C480&ssl=1","@id":"https:\/\/musicasemsegredos.com\/index.php\/2020\/07\/17\/o-que-e-e-para-que-serve-o-contraponto\/#mainImage","width":640,"height":480,"caption":"Canto Coral"},"primaryImageOfPage":{"@id":"https:\/\/musicasemsegredos.com\/index.php\/2020\/07\/17\/o-que-e-e-para-que-serve-o-contraponto\/#mainImage"},"datePublished":"2020-07-17T14:06:54-03:00","dateModified":"2021-09-13T14:36:12-03:00"},{"@type":"WebSite","@id":"https:\/\/musicasemsegredos.com\/#website","url":"https:\/\/musicasemsegredos.com\/","name":"M\u00fasica sem Segredos","description":"Musica para todos","inLanguage":"pt-BR","publisher":{"@id":"https:\/\/musicasemsegredos.com\/#organization"}}]},"og:locale":"pt_BR","og:site_name":"M\u00fasica sem Segredos - Musica para todos","og:type":"article","og:title":"O que \u00e9 e para que serve o Contraponto. - M\u00fasica sem Segredos","og:description":"Este post \u00e9 para quem curte canto coral ou uma m\u00fasica com segunda voz. Podemos definir contraponto como a arte de combinar duas ou mais vozes independentes e simult\u00e2neas. Johannes Tinctoris, m\u00fasico que viveu de 1435 a 1511, definiu contraponto como uma moderada e razo\u00e1vel combina\u00e7\u00e3o produzida pela coloca\u00e7\u00e3o de uma voz contra a outra.","og:url":"https:\/\/musicasemsegredos.com\/index.php\/2020\/07\/17\/o-que-e-e-para-que-serve-o-contraponto\/","og:image":"https:\/\/i0.wp.com\/musicasemsegredos.com\/wp-content\/uploads\/2017\/01\/cropped-cropped-MusicaSemSegredos512x512.jpg?fit=248248&#038;ssl=1","og:image:secure_url":"https:\/\/i0.wp.com\/musicasemsegredos.com\/wp-content\/uploads\/2017\/01\/cropped-cropped-MusicaSemSegredos512x512.jpg?fit=248248&#038;ssl=1","article:published_time":"2020-07-17T17:06:54+00:00","article:modified_time":"2021-09-13T17:36:12+00:00","twitter:card":"summary_large_image","twitter:title":"O que \u00e9 e para que serve o Contraponto. - M\u00fasica sem Segredos","twitter:description":"Este post \u00e9 para quem curte canto coral ou uma m\u00fasica com segunda voz. Podemos definir contraponto como a arte de combinar duas ou mais vozes independentes e simult\u00e2neas. Johannes Tinctoris, m\u00fasico que viveu de 1435 a 1511, definiu contraponto como uma moderada e razo\u00e1vel combina\u00e7\u00e3o produzida pela coloca\u00e7\u00e3o de uma voz contra a outra.","twitter:image":"https:\/\/i0.wp.com\/musicasemsegredos.com\/wp-content\/uploads\/2017\/01\/cropped-cropped-MusicaSemSegredos512x512.jpg?fit=248248&ssl=1"},"aioseo_meta_data":{"post_id":"18612","title":null,"description":null,"keywords":null,"keyphrases":null,"focus_keyword":null,"additional_keywords":null,"truseo_locale":null,"primary_term":null,"canonical_url":null,"og_title":null,"og_description":null,"og_object_type":"default","og_image_type":"default","og_image_custom_url":null,"og_image_custom_fields":null,"og_image_url":null,"og_image_width":null,"og_image_height":null,"og_video":null,"og_custom_url":null,"og_article_section":null,"og_article_tags":null,"twitter_use_og":false,"twitter_card":"default","twitter_image_type":"default","twitter_image_custom_url":null,"twitter_image_custom_fields":null,"twitter_image_url":null,"twitter_title":null,"twitter_description":null,"schema_type":"default","schema_type_options":null,"schema":{"blockGraphs":[],"customGraphs":[],"default":{"data":{"Article":[],"Course":[],"Dataset":[],"FAQPage":[],"Movie":[],"Person":[],"Product":[],"ProductReview":[],"Car":[],"Recipe":[],"Service":[],"SoftwareApplication":[],"WebPage":[]},"graphName":"","isEnabled":true},"graphs":[]},"pillar_content":false,"robots_default":true,"robots_noindex":false,"robots_noarchive":false,"robots_nosnippet":false,"robots_nofollow":false,"robots_noimageindex":false,"robots_noodp":false,"robots_notranslate":false,"robots_max_snippet":null,"robots_max_videopreview":null,"robots_max_imagepreview":"large","priority":null,"frequency":null,"local_seo":null,"limit_modified_date":false,"ai":null,"breadcrumb_settings":null,"seo_analyzer_scan_date":null,"created":"2026-09-02 23:14:54","updated":"2026-09-02 23:14:54"},"aioseo_breadcrumb":"<div class=\"aioseo-breadcrumbs\"><span class=\"aioseo-breadcrumb\">\n\t\t\t<a href=\"https:\/\/musicasemsegredos.com\" title=\"Home\">Home<\/a>\n\t\t<\/span><span class=\"aioseo-breadcrumb-separator\">&raquo;<\/span><span class=\"aioseo-breadcrumb\">\n\t\t\t<a href=\"https:\/\/musicasemsegredos.com\/index.php\/category\/teoria-musical\/\" title=\"Teoria Musical\">Teoria Musical<\/a>\n\t\t<\/span><span class=\"aioseo-breadcrumb-separator\">&raquo;<\/span><span class=\"aioseo-breadcrumb\">\n\t\t\tO que \u00e9 e para que serve o Contraponto.\n\t\t<\/span><\/div>","aioseo_breadcrumb_json":[{"label":"Home","link":"https:\/\/musicasemsegredos.com"},{"label":"Teoria Musical","link":"https:\/\/musicasemsegredos.com\/index.php\/category\/teoria-musical\/"},{"label":"O que \u00e9 e para que serve o Contraponto.","link":"https:\/\/musicasemsegredos.com\/index.php\/2020\/07\/17\/o-que-e-e-para-que-serve-o-contraponto\/"}],"jetpack_publicize_connections":[],"jetpack_sharing_enabled":true,"jetpack_shortlink":"https:\/\/wp.me\/p8f7pv-4Qc","jetpack-related-posts":[{"id":701,"url":"https:\/\/musicasemsegredos.com\/index.php\/2017\/06\/24\/como-compor-arranjo-para-coral-em-quatro-vozes-amazing-grace\/","url_meta":{"origin":18612,"position":0},"title":"Como compor arranjo para coral em quatro vozes Amazing Grace","author":"nevesf","date":"24\/06\/2017","format":false,"excerpt":"Vamos falar hoje sobre um tema muito interessante e \u00fatil para qualquer g\u00eanero musical: o canto coral. Quando vamos fazer um arranjo para vozes \u00e9 preciso estar atento a algumas regras de vital import\u00e2ncia. Extens\u00e3o das vozes A primeira delas \u00e9 a extens\u00e3o das vozes. Um coro de quatro vozes\u2026","rel":"","context":"Em &quot;canto coral&quot;","block_context":{"text":"canto coral","link":"https:\/\/musicasemsegredos.com\/index.php\/category\/canto-coral\/"},"img":{"alt_text":"","src":"https:\/\/i0.wp.com\/musicasemsegredos.com\/wp-content\/uploads\/2017\/06\/choir-309051.png?fit=1172%2C1200&ssl=1&resize=350%2C200","width":350,"height":200,"srcset":"https:\/\/i0.wp.com\/musicasemsegredos.com\/wp-content\/uploads\/2017\/06\/choir-309051.png?fit=1172%2C1200&ssl=1&resize=350%2C200 1x, https:\/\/i0.wp.com\/musicasemsegredos.com\/wp-content\/uploads\/2017\/06\/choir-309051.png?fit=1172%2C1200&ssl=1&resize=525%2C300 1.5x, https:\/\/i0.wp.com\/musicasemsegredos.com\/wp-content\/uploads\/2017\/06\/choir-309051.png?fit=1172%2C1200&ssl=1&resize=700%2C400 2x, https:\/\/i0.wp.com\/musicasemsegredos.com\/wp-content\/uploads\/2017\/06\/choir-309051.png?fit=1172%2C1200&ssl=1&resize=1050%2C600 3x"},"classes":[]},{"id":19499,"url":"https:\/\/musicasemsegredos.com\/index.php\/2023\/05\/31\/jesus-alegria-dos-homens-a-obra-prima-atemporal-de-bach-arranjada-para-flauta-com-acompanhamento-de-piano\/","url_meta":{"origin":18612,"position":1},"title":"Jesus, Alegria dos Homens: a obra-prima atemporal de Bach arranjada para flauta com acompanhamento de piano","author":"nevesf","date":"31\/05\/2023","format":false,"excerpt":"Johann Sebastian Bach, um dos compositores mais influentes da hist\u00f3ria da m\u00fasica cl\u00e1ssica ocidental, deixou um rico legado de composi\u00e7\u00f5es. Entre seu vasto corpo de trabalho, \u201cJesus, Alegria dos Homens\u201d, se destaca como uma pe\u00e7a ic\u00f4nica que cativou o p\u00fablico por s\u00e9culos. A Composi\u00e7\u00e3o \u201cJesus, Alegria dos Homens\u201d \u00e9 a\u2026","rel":"","context":"Em &quot;composi\u00e7\u00e3o&quot;","block_context":{"text":"composi\u00e7\u00e3o","link":"https:\/\/musicasemsegredos.com\/index.php\/category\/composicao\/"},"img":{"alt_text":"Jesus Alegria dos Homens para Flauta e Piano (Bach)","src":"https:\/\/i0.wp.com\/musicasemsegredos.com\/wp-content\/uploads\/2023\/05\/Jesus-Alegria-dos-Homens.png?fit=1200%2C675&ssl=1&resize=350%2C200","width":350,"height":200,"srcset":"https:\/\/i0.wp.com\/musicasemsegredos.com\/wp-content\/uploads\/2023\/05\/Jesus-Alegria-dos-Homens.png?fit=1200%2C675&ssl=1&resize=350%2C200 1x, https:\/\/i0.wp.com\/musicasemsegredos.com\/wp-content\/uploads\/2023\/05\/Jesus-Alegria-dos-Homens.png?fit=1200%2C675&ssl=1&resize=525%2C300 1.5x, https:\/\/i0.wp.com\/musicasemsegredos.com\/wp-content\/uploads\/2023\/05\/Jesus-Alegria-dos-Homens.png?fit=1200%2C675&ssl=1&resize=700%2C400 2x, https:\/\/i0.wp.com\/musicasemsegredos.com\/wp-content\/uploads\/2023\/05\/Jesus-Alegria-dos-Homens.png?fit=1200%2C675&ssl=1&resize=1050%2C600 3x"},"classes":[]},{"id":574,"url":"https:\/\/musicasemsegredos.com\/index.php\/2017\/03\/20\/o-que-e-timbre\/","url_meta":{"origin":18612,"position":2},"title":"O que \u00e9 Timbre?","author":"nevesf","date":"20\/03\/2017","format":false,"excerpt":"Imagem: Stephen Niemeier\/ Pexels.com Um dos significados da palavra timbre \u00e9 origin\u00e1ria do franc\u00eas e significa carimbo ou marca. Na m\u00fasica, pode significar um tipo de instrumento de percuss\u00e3o antigo ou ainda a pele de baixo de um tambor. Na composi\u00e7\u00e3o, timbre tem mais o sentido de marca, pois caracteriza\u2026","rel":"","context":"Em &quot;Produ\u00e7\u00e3o Musical&quot;","block_context":{"text":"Produ\u00e7\u00e3o Musical","link":"https:\/\/musicasemsegredos.com\/index.php\/category\/producao-musical\/"},"img":{"alt_text":"","src":"https:\/\/i0.wp.com\/musicasemsegredos.com\/wp-content\/uploads\/2017\/03\/acoustics-bass-guitars-black-and-white-65718Small.jpg?fit=590%2C392&ssl=1&resize=350%2C200","width":350,"height":200,"srcset":"https:\/\/i0.wp.com\/musicasemsegredos.com\/wp-content\/uploads\/2017\/03\/acoustics-bass-guitars-black-and-white-65718Small.jpg?fit=590%2C392&ssl=1&resize=350%2C200 1x, https:\/\/i0.wp.com\/musicasemsegredos.com\/wp-content\/uploads\/2017\/03\/acoustics-bass-guitars-black-and-white-65718Small.jpg?fit=590%2C392&ssl=1&resize=525%2C300 1.5x"},"classes":[]},{"id":20118,"url":"https:\/\/musicasemsegredos.com\/index.php\/2025\/11\/17\/a-influencia-da-igreja-na-historia-da-musica\/","url_meta":{"origin":18612,"position":3},"title":"A Influ\u00eancia da Igreja na Hist\u00f3ria da M\u00fasica.","author":"nevesf","date":"17\/11\/2025","format":false,"excerpt":"A hist\u00f3ria da m\u00fasica ocidental \u00e9 muito mais do que uma sucess\u00e3o de estilos, t\u00e9cnicas e compositores. \u00c9 uma cr\u00f4nica sonora da pr\u00f3pria civiliza\u00e7\u00e3o, um espelho que reflete as mais profundas transforma\u00e7\u00f5es teol\u00f3gicas, filos\u00f3ficas, pol\u00edticas e sociais. Neste post mostramos que a evolu\u00e7\u00e3o da m\u00fasica, desde a pureza monof\u00f3nica do\u2026","rel":"","context":"Em &quot;Harmonia&quot;","block_context":{"text":"Harmonia","link":"https:\/\/musicasemsegredos.com\/index.php\/category\/harmonia\/"},"img":{"alt_text":"Evolu\u00e7\u00e3o da M\u00fasica Ocidental","src":"https:\/\/i0.wp.com\/musicasemsegredos.com\/wp-content\/uploads\/2025\/11\/Evolucao-da-Musica.png?fit=1200%2C655&ssl=1&resize=350%2C200","width":350,"height":200,"srcset":"https:\/\/i0.wp.com\/musicasemsegredos.com\/wp-content\/uploads\/2025\/11\/Evolucao-da-Musica.png?fit=1200%2C655&ssl=1&resize=350%2C200 1x, https:\/\/i0.wp.com\/musicasemsegredos.com\/wp-content\/uploads\/2025\/11\/Evolucao-da-Musica.png?fit=1200%2C655&ssl=1&resize=525%2C300 1.5x, https:\/\/i0.wp.com\/musicasemsegredos.com\/wp-content\/uploads\/2025\/11\/Evolucao-da-Musica.png?fit=1200%2C655&ssl=1&resize=700%2C400 2x, https:\/\/i0.wp.com\/musicasemsegredos.com\/wp-content\/uploads\/2025\/11\/Evolucao-da-Musica.png?fit=1200%2C655&ssl=1&resize=1050%2C600 3x"},"classes":[]},{"id":19802,"url":"https:\/\/musicasemsegredos.com\/index.php\/2024\/04\/12\/villa-lobos-uma-jornada-sonora-pela-cultura-brasileira\/","url_meta":{"origin":18612,"position":4},"title":"Villa-Lobos: Uma Jornada Sonora pela Cultura brasileira.","author":"nevesf","date":"12\/04\/2024","format":false,"excerpt":"Prepare-se para uma viagem fascinante pela vida e obra de Heitor Villa-Lobos, o maestro que revolucionou a paisagem sonora brasileira e a levou ao palco mundial. Villa-Lobos, mais do que um simples compositor, foi um verdadeiro alquimista sonoro. Ele conseguiu fundir a rica m\u00fasica popular brasileira com a tradi\u00e7\u00e3o cl\u00e1ssica\u2026","rel":"","context":"Em &quot;educacao&quot;","block_context":{"text":"educacao","link":"https:\/\/musicasemsegredos.com\/index.php\/category\/educacao\/"},"img":{"alt_text":"Heitor Villa-Lobos","src":"https:\/\/i0.wp.com\/musicasemsegredos.com\/wp-content\/uploads\/2024\/04\/heitorVilla-Lobos-1.png?fit=1200%2C655&ssl=1&resize=350%2C200","width":350,"height":200,"srcset":"https:\/\/i0.wp.com\/musicasemsegredos.com\/wp-content\/uploads\/2024\/04\/heitorVilla-Lobos-1.png?fit=1200%2C655&ssl=1&resize=350%2C200 1x, https:\/\/i0.wp.com\/musicasemsegredos.com\/wp-content\/uploads\/2024\/04\/heitorVilla-Lobos-1.png?fit=1200%2C655&ssl=1&resize=525%2C300 1.5x, https:\/\/i0.wp.com\/musicasemsegredos.com\/wp-content\/uploads\/2024\/04\/heitorVilla-Lobos-1.png?fit=1200%2C655&ssl=1&resize=700%2C400 2x, https:\/\/i0.wp.com\/musicasemsegredos.com\/wp-content\/uploads\/2024\/04\/heitorVilla-Lobos-1.png?fit=1200%2C655&ssl=1&resize=1050%2C600 3x"},"classes":[]},{"id":20010,"url":"https:\/\/musicasemsegredos.com\/index.php\/2025\/03\/12\/a-historia-por-tras-de-stand-by-me-uma-jornada-musical-com-ben-e-king\/","url_meta":{"origin":18612,"position":5},"title":"A Hist\u00f3ria por Tr\u00e1s de &#8220;Stand by Me&#8221;: Uma Jornada Musical com Ben E. King","author":"nevesf","date":"12\/03\/2025","format":false,"excerpt":"Era uma tarde qualquer em Nova York, no come\u00e7o dos anos 1960. O est\u00fadio de grava\u00e7\u00e3o estava cheio de energia, mas n\u00e3o exatamente por causa de um plano grandioso. Ben E. King, com sua voz que parecia abra\u00e7ar quem ouvia, tinha acabado de gravar \"Spanish Harlem\", uma m\u00fasica que j\u00e1\u2026","rel":"","context":"Em &quot;Acordes&quot;","block_context":{"text":"Acordes","link":"https:\/\/musicasemsegredos.com\/index.php\/category\/acordes\/"},"img":{"alt_text":"","src":"https:\/\/i0.wp.com\/musicasemsegredos.com\/wp-content\/uploads\/2025\/03\/crie-uma-imagem-em-destaque-para-um-artigo-de-blog-1.png?fit=1024%2C768&ssl=1&resize=350%2C200","width":350,"height":200,"srcset":"https:\/\/i0.wp.com\/musicasemsegredos.com\/wp-content\/uploads\/2025\/03\/crie-uma-imagem-em-destaque-para-um-artigo-de-blog-1.png?fit=1024%2C768&ssl=1&resize=350%2C200 1x, https:\/\/i0.wp.com\/musicasemsegredos.com\/wp-content\/uploads\/2025\/03\/crie-uma-imagem-em-destaque-para-um-artigo-de-blog-1.png?fit=1024%2C768&ssl=1&resize=525%2C300 1.5x, https:\/\/i0.wp.com\/musicasemsegredos.com\/wp-content\/uploads\/2025\/03\/crie-uma-imagem-em-destaque-para-um-artigo-de-blog-1.png?fit=1024%2C768&ssl=1&resize=700%2C400 2x"},"classes":[]}],"jetpack_likes_enabled":true,"jetpack_featured_media_url":"https:\/\/i0.wp.com\/musicasemsegredos.com\/wp-content\/uploads\/2020\/07\/nuns-2468548_640.jpg?fit=640%2C480&ssl=1","_links":{"self":[{"href":"https:\/\/musicasemsegredos.com\/index.php\/wp-json\/wp\/v2\/posts\/18612","targetHints":{"allow":["GET"]}}],"collection":[{"href":"https:\/\/musicasemsegredos.com\/index.php\/wp-json\/wp\/v2\/posts"}],"about":[{"href":"https:\/\/musicasemsegredos.com\/index.php\/wp-json\/wp\/v2\/types\/post"}],"author":[{"embeddable":true,"href":"https:\/\/musicasemsegredos.com\/index.php\/wp-json\/wp\/v2\/users\/1"}],"replies":[{"embeddable":true,"href":"https:\/\/musicasemsegredos.com\/index.php\/wp-json\/wp\/v2\/comments?post=18612"}],"version-history":[{"count":14,"href":"https:\/\/musicasemsegredos.com\/index.php\/wp-json\/wp\/v2\/posts\/18612\/revisions"}],"predecessor-version":[{"id":18919,"href":"https:\/\/musicasemsegredos.com\/index.php\/wp-json\/wp\/v2\/posts\/18612\/revisions\/18919"}],"wp:featuredmedia":[{"embeddable":true,"href":"https:\/\/musicasemsegredos.com\/index.php\/wp-json\/wp\/v2\/media\/18621"}],"wp:attachment":[{"href":"https:\/\/musicasemsegredos.com\/index.php\/wp-json\/wp\/v2\/media?parent=18612"}],"wp:term":[{"taxonomy":"category","embeddable":true,"href":"https:\/\/musicasemsegredos.com\/index.php\/wp-json\/wp\/v2\/categories?post=18612"},{"taxonomy":"post_tag","embeddable":true,"href":"https:\/\/musicasemsegredos.com\/index.php\/wp-json\/wp\/v2\/tags?post=18612"}],"curies":[{"name":"wp","href":"https:\/\/api.w.org\/{rel}","templated":true}]}}