{"id":17594,"date":"2018-07-19T09:01:13","date_gmt":"2018-07-19T12:01:13","guid":{"rendered":"https:\/\/musicasemsegredos.com\/?p=17594"},"modified":"2021-09-13T16:10:10","modified_gmt":"2021-09-13T19:10:10","slug":"o-que-e-e-pra-que-serve-a-medida-de-decibeis","status":"publish","type":"post","link":"https:\/\/musicasemsegredos.com\/index.php\/2018\/07\/19\/o-que-e-e-pra-que-serve-a-medida-de-decibeis\/","title":{"rendered":"O que \u00e9 e pra que serve a medida de decibeis?"},"content":{"rendered":"\n<figure class=\"wp-block-image is-style-default\"><img data-recalc-dims=\"1\" decoding=\"async\" src=\"https:\/\/i0.wp.com\/musicasemsegredos.com\/wp-content\/uploads\/2018\/07\/technology-905433_1920BrunoGlatch.jpg?w=660&#038;ssl=1\" alt=\"\"\/><\/figure>\n\n\n\n<p class=\"wp-block-paragraph\">Foto: Bruno Glatch (Pixabay)<\/p>\n\n\n\n<p class=\"has-drop-cap wp-block-paragraph\"><span style=\"font-weight: 400;\">\u00c9 importante conhecer alguns conceitos b\u00e1sicos sobre \u00e1udio para quem vai gravar, mixar ou masterizar \u00e1udios. Comecemos pelo conceito de decibel que descreve de forma bastante eficiente nossa percep\u00e7\u00e3o em rela\u00e7\u00e3o ao som. Quando ouvimos uma m\u00fasica ou um ru\u00eddo, nosso ouvido capta a press\u00e3o do ar e o converte em sinais el\u00e9tricos que s\u00e3o enviados ao c\u00e9rebro. As varia\u00e7\u00f5es de press\u00e3o do ar s\u00e3o percebidas de forma n\u00e3o linear, ou seja, quando h\u00e1 aumento ou diminui\u00e7\u00e3o da press\u00e3o ou pot\u00eancia do som nossa percep\u00e7\u00e3o de intensidade segue uma escala logar\u00edtmica, a mesma usada para medir terremotos. vamos usar essa analogia para entender este conceito. Um pequeno tremor pode ser classificado como 3 na escala Richter pode ser sentido mas n\u00e3o causa danos, &nbsp;um tremor de escala 4 pode ter choque entre objetos e um tremor na escala 5 pode causar danos a um edif\u00edcio. O que quero mostrar \u00e9 que a for\u00e7a necess\u00e1ria para classificar um tremor aumenta muito mais do que o que a escala mostra. O aumento da destrui\u00e7\u00e3o \u00e9 exponencial e matematicamente as fun\u00e7\u00f5es exponenciais s\u00e3o resolvidas com o uso do logaritmo. Bem, isso \u00e9 s\u00f3 pra explicar que quando ouvimos um som que est\u00e1 a um n\u00edvel de 50 dB (decib\u00e9is) seria como o barulho de chuva que \u00e9 bastante agrad\u00e1vel, mas se dobramos para 100 dB, a nossa percep\u00e7\u00e3o \u00e9 um som que \u00e9 muito mais que o dobro, ou seja, 100 dB \u00e9 o ru\u00eddo de um helic\u00f3ptero. Mas afinal o que \u00e9 o decibel? Na verdade, decibel n\u00e3o \u00e9 uma unidade f\u00edsica como as outras, ele \u00e9 adimensional, mas convencionou-se a dar um nome a esta escala para fazer refer\u00eancia ao som, da mesma forma que a escala Richter relaciona-se a tremores. O que a escala mede na verdade, \u00e9 a varia\u00e7\u00e3o da intensidade do comparando-a com uma intensidade de refer\u00eancia. A unidade \u00e9 uma homenagem a Alexander Graham bell, mas ao expressar esta escala em Bels os valores calculados s\u00e3o muito pequenos, ent\u00e3o convencionou-se a us\u00e1-los multiplicados por 10. Assim como dm \u00e9 a d\u00e9cima parte do metro, decibel \u00e9 a d\u00e9cima parte do Bel, ou seja, 0,1 m \u00e9 o mesmo que 1 dm e 01, Bel \u00e9 o mesmo que 1 dB. &nbsp;A refer\u00eancia de press\u00e3o sonora para o sil\u00eancio \u00e9 um n\u00famero extremamente pequeno, mas n\u00e3o \u00e9 zero porque o que vamos analisar \u00e9 a raz\u00e3o entre a intensidade que queremos medir e a nossa refer\u00eancia ou I\/Iref, e se voc\u00ea se lembra das aulas de matem\u00e1tica o denominador n\u00e3o pode ser zero e da mesma forma, o logaritmo tamb\u00e9m n\u00e3o. <\/span><\/p>\n\n\n\n<p class=\"wp-block-paragraph\"><span style=\"font-weight: 400;\">Em se tratando de ru\u00eddo, o que se deseja \u00e9 atenu\u00e1-los e para isso \u00e9 preciso medir a press\u00e3o sonora e represent\u00e1-la na escala de decib\u00e9is o que \u00e9 feito usando-se um decibel\u00edmetro. H\u00e1 diversos aplicativos de celular que funcionam bem para medi\u00e7\u00f5es de campo. Para o caso de medi\u00e7\u00f5es com maior precis\u00e3o ou para laudos \u00e9 necess\u00e1rio um equipamento calibrado. Para quem quer tocar sua m\u00fasica e n\u00e3o incomodar os vizinhos, ou se vai rolar aquele ensaio at\u00e9 altas horas \u00e9 importante medir a intensidade sonora na divisa do seu im\u00f3vel para evitar maiores problemas. Para se ter uma ideia de que valores s\u00e3o aceit\u00e1veis, a legisla\u00e7\u00e3o brasileira baseia-se na<\/span><span style=\"font-weight: 400;\"> Norma Brasileira (NBR) 10.151\/2000, da Associa\u00e7\u00e3o Brasileira de Normas T\u00e9cnicas (ABNT). de acordo com esta norma, o ru\u00eddo em \u00e1reas residenciais n\u00e3o deve ultrapassar &nbsp;55 decib\u00e9is para o per\u00edodo diurno, das 7h \u00e0s 20 horas, e 50 decib\u00e9is para o per\u00edodo noturno, das 20h \u00e0s 7 horas. Se o dia seguinte for domingo ou feriado o t\u00e9rmino do per\u00edodo noturno n\u00e3o deve ser antes das 9h. J\u00e1 as regras condominiais regulamentam a limita\u00e7\u00e3o do barulho ap\u00f3s \u00e0s 22h. Para poder tocar aquele som sem reclama\u00e7\u00e3o, ent\u00e3o, \u00e9 preciso fazer o isolamento ac\u00fastico do local.<\/span><\/p>\n\n\n\n<center>\n<a href=\"https:\/\/www.amazon.com.br\/Master-Handbook-Acoustics-Sixth-English-ebook\/dp\/B00O2A7GYW?s=digital-text&#038;ie=UTF8&#038;qid=1546101418&#038;sr=1-1&#038;keywords=handbook+acoustic&#038;linkCode=li3&#038;tag=nevesf-20&#038;linkId=7b63f2622ff1b93a9df27931384761cd&#038;language=pt_BR&#038;ref_=as_li_ss_il\" target=\"_blank\" rel=\"noopener\"><img decoding=\"async\" border=\"0\" src=\"\/\/ws-na.amazon-adsystem.com\/widgets\/q?_encoding=UTF8&#038;ASIN=B00O2A7GYW&#038;Format=_SL250_&#038;ID=AsinImage&#038;MarketPlace=BR&#038;ServiceVersion=20070822&#038;WS=1&#038;tag=nevesf-20&#038;language=pt_BR\" ><\/a><img loading=\"lazy\" decoding=\"async\" src=\"https:\/\/ir-br.amazon-adsystem.com\/e\/ir?t=nevesf-20&#038;language=pt_BR&#038;l=li3&#038;o=33&#038;a=B00O2A7GYW\" width=\"1\" height=\"1\" border=\"0\" alt=\"\" style=\"border:none !important; margin:0px !important;\" \/><\/center>\n\n\n\n<p class=\"wp-block-paragraph\"><span style=\"font-weight: 400;\">Muita gente confunde isolamento ac\u00fastico com tratamento ac\u00fastico, mas eles s\u00e3o bastante diferentes. O isolamento ac\u00fastico vai barrar o som enquanto o tratamento vai eliminar problemas indesej\u00e1veis como por exemplo a reverbera\u00e7\u00e3o, que \u00e9 o eco, durante as grava\u00e7\u00f5es. Quando o assunto \u00e9 n\u00e3o incomodar, me\u00e7a o n\u00edvel de intensidade sonora dentro do local e depois do lado de fora com as portas fechadas. Depois me\u00e7a na divisa da propriedade que \u00e9 onde deve atender a lei. Naturalmente, dentro do local onde a banda est\u00e1 tocando as medi\u00e7\u00f5es ser\u00e3o superiores aos 50 dB permitidos em \u00e1reas residenciais, mas se ao fechar as portas e janelas este valor n\u00e3o for atingido voc\u00ea precisa de um isolamento. Alguns materiais ajudam bastante isolar o som tais como paredes s\u00f3lidas, quando for poss\u00edvel paredes duplas, revestimentos com l\u00e3 de rocha, etc. No entanto, o vil\u00e3o do isolamento ac\u00fastico \u00e9 o vazamento do som atrav\u00e9s de frestas, fechaduras, janelas, etc. Para um bom isolamento \u00e9 preciso gastar um pouco. Portas e janelas com veda\u00e7\u00e3o de borrachas, vidros duplos ou preenchidas com l\u00e3 de rocha s\u00e3o algumas das solu\u00e7\u00f5es. Em geral \u00e9 poss\u00edvel minimizar com alguns truques, mas para um isolamento bem feito \u00e9 necess\u00e1rio contratar um profissional.<\/span><\/p>\n\n\n\n<p class=\"wp-block-paragraph\"><span style=\"font-weight: 400;\">Para se ter uma ideia dos n\u00edveis de ru\u00eddo, vamos comparar os n\u00edveis de decib\u00e9is com diversas situa\u00e7\u00f5es do dia a dia: <\/span><\/p>\n\n\n\n<blockquote class=\"wp-block-quote is-layout-flow wp-block-quote-is-layout-flow\"><p style=\"text-align: center;\"><span style=\"font-weight: 400;\">Cochichar &#8211; 10 dB<\/span><\/p><p style=\"text-align: center;\"><span style=\"font-weight: 400;\">Conversa &#8211; 20 dB<\/span><\/p><p style=\"text-align: center;\"><span style=\"font-weight: 400;\">Beb\u00ea chorando &#8211; 55 dB<\/span><\/p><p style=\"text-align: center;\"><span style=\"font-weight: 400;\">cachorro latindo- 65 dB<\/span><\/p><p style=\"text-align: center;\"><span style=\"font-weight: 400;\">ru\u00eddo de moto &#8211; 95 dB<\/span><\/p><p style=\"text-align: center;\"><span style=\"font-weight: 400;\">Banda tocando &#8211; 110 dB<\/span><\/p><p style=\"text-align: center;\"><span style=\"font-weight: 400;\">Britadeira &#8211; 130 dB<\/span><\/p><p style=\"text-align: center;\"><span style=\"font-weight: 400;\">Turbina de avi\u00e3o- 135 dB<\/span><\/p><\/blockquote>\n\n\n\n<p class=\"wp-block-paragraph\"><span style=\"font-weight: 400;\">Se o assunto n\u00e3o \u00e9 incomodar os vizinhos, mas se \u00e9 o contr\u00e1rio, ru\u00eddo de tr\u00e2nsito, conversas, crian\u00e7as brincando podem atrapalhar seu trabalho de grava\u00e7\u00e3o. Nestes casos o isolamento tamb\u00e9m \u00e9 importante. J\u00e1 o tratamento do som ir\u00e1 melhorar a grava\u00e7\u00e3o. O tratamento mais comum \u00e9 o uso de espuma ac\u00fastica que vai absorver a energia ac\u00fastica do ambiente e \u201cmatando\u201d a reverbera\u00e7\u00e3o. H\u00e1 casos em que o reverb \u00e9 necess\u00e1rio ou que se deseje que o som gravado tenha mais brilho. Enfim, h\u00e1 uma s\u00e9rie de par\u00e2metros a serem analisados de acordo com cada caso e da mesma forma, h\u00e1 uma infinidade de solu\u00e7\u00f5es para cada tipo de problema o que tamb\u00e9m requer a contrata\u00e7\u00e3o de um profissional se o seu projeto \u00e9 algo profissional. Para est\u00fadios caseiros vale a tentativa e erro. Coloque mais ou menos espuma, grave, ou\u00e7a, altere, grave de novo.<\/span><\/p>\n\n\n\n<p class=\"wp-block-paragraph\"><span style=\"font-weight: 400;\">A unidade de decib\u00e9is tamb\u00e9m s\u00e3o utilizadas nos softwares de grava\u00e7\u00e3o de \u00e1udio, mas nestes casos, os valores que aparecem n\u00e3o s\u00e3o valores de n\u00edvel de som, mas de ganho e atenua\u00e7\u00e3o. Quando fazemos uma grava\u00e7\u00e3o de \u00e1udio, o sinal som \u00e9 convertido em sinal el\u00e9trico que pode inicialmente \u00e9 anal\u00f3gico e ent\u00e3o \u00e9 convertido para sinal digital. Este sinal traz informa\u00e7\u00f5es de para a interface de \u00e1udio que ent\u00e3o converte o sinal anal\u00f3gico em sinal digital. Se voc\u00ea gravou o seu \u00e1udio &nbsp;com volume baixo ele ser\u00e1 reproduzido de acordo com o volume gravado. Os decib\u00e9is que aparecem no software de grava\u00e7\u00e3o (Audacity, Logic, Pro Tools, etc) mostram em geral valores negativos porque uma vez que voc\u00ea fez a grava\u00e7\u00e3o e ela foi convertida para sinal digital, o 0 dB significa que voc\u00ea est\u00e1 no m\u00e1ximo de sinal que veio da grava\u00e7\u00e3o. Estes valores, ent\u00e3o, mostram a varia\u00e7\u00e3o dos n\u00edveis de intensidade sonora. Zero significa que n\u00e3o foi nem atenuado nem aumentado. \u00c9 poss\u00edvel aplicar ganhos que s\u00e3o valores positivos de decib\u00e9is, mas \u00e9 preciso ter muito cuidado porque na verdade, quando voc\u00ea aplica ganho no seu \u00e1udio, voc\u00ea ir\u00e1 aumentar tudo que estiver abaixo do limite de pico ( maior valor que define o 0 dB), mas todos os outros valores que j\u00e1 est\u00e3o no m\u00e1ximo ser\u00e3o achatados e voc\u00ea ir\u00e1 distorcer o som. J\u00e1 a atenua\u00e7\u00e3o ir\u00e1 reduzir ru\u00eddos e deixar o volume do som dentro de valores confort\u00e1veis de forma a n\u00e3o \u201cestourar\u201d. H\u00e1 diversas ferramentas para alterar o som de uma grava\u00e7\u00e3o, mas \u00e9 preciso usar com cautela e saber como us\u00e1-la para n\u00e3o distorcer o som e perder qualidade.<\/span><\/p>\n\n\n\n<p class=\"wp-block-paragraph\">O Master  Handbook de Ac\u00fastica traz conceitos bastante detalhados de ac\u00fastica e est\u00e1 dispon\u00edvel em ingl\u00eas no formato livro ou e-book.<\/p>\n","protected":false},"excerpt":{"rendered":"<p>Foto: Bruno Glatch (Pixabay) \u00c9 importante conhecer alguns conceitos b\u00e1sicos sobre \u00e1udio para quem vai gravar, mixar ou masterizar \u00e1udios. Comecemos pelo conceito de decibel que descreve de forma bastante eficiente nossa percep\u00e7\u00e3o em rela\u00e7\u00e3o ao som. Quando ouvimos uma m\u00fasica ou um ru\u00eddo, nosso ouvido capta a press\u00e3o do ar e o converte em &hellip; <a href=\"https:\/\/musicasemsegredos.com\/index.php\/2018\/07\/19\/o-que-e-e-pra-que-serve-a-medida-de-decibeis\/\" class=\"more-link\">Continuar lendo <span class=\"screen-reader-text\">O que \u00e9 e pra que serve a medida de decibeis?<\/span><\/a><\/p>\n","protected":false},"author":1,"featured_media":17596,"comment_status":"open","ping_status":"open","sticky":false,"template":"","format":"standard","meta":{"_jetpack_newsletter_access":"","_jetpack_dont_email_post_to_subs":false,"_jetpack_newsletter_tier_id":0,"_jetpack_memberships_contains_paywalled_content":false,"_jetpack_feature_clip_id":0,"_jetpack_memberships_contains_paid_content":false,"footnotes":"","jetpack_publicize_message":"","jetpack_publicize_feature_enabled":true,"jetpack_social_post_already_shared":true,"jetpack_social_options":{"image_generator_settings":{"template":"highway","default_image_id":0,"font":"","enabled":false},"version":2},"jetpack_post_was_ever_published":false},"categories":[267,416,106],"tags":[268,421,424,423,420,430,417,418,426,5,429,428,425,427,419,422],"class_list":["post-17594","post","type-post","status-publish","format-standard","has-post-thumbnail","hentry","category-acustica","category-ensaio","category-pratica-de-instrumento","tag-acustica","tag-banda","tag-decibeis","tag-decibel","tag-ensaio","tag-espuma-acustica","tag-isolamento","tag-isolamento-acustico","tag-lei-do-silencio","tag-musica","tag-reverb","tag-reverberacao","tag-ruido","tag-silencio","tag-tratamento-acustico","tag-vizinhos"],"aioseo_notices":[],"aioseo_head":"\n\t\t<!-- All in One SEO 5.0.1.1 - aioseo.com -->\n\t<meta name=\"description\" content=\"Foto: Bruno Glatch (Pixabay) \u00c9 importante conhecer alguns conceitos b\u00e1sicos sobre \u00e1udio para quem vai gravar, mixar ou masterizar \u00e1udios. Comecemos pelo conceito de decibel que descreve de forma bastante eficiente nossa percep\u00e7\u00e3o em rela\u00e7\u00e3o ao som. Quando ouvimos uma m\u00fasica ou um ru\u00eddo, nosso ouvido capta a press\u00e3o do ar e o converte em\" \/>\n\t<meta name=\"robots\" content=\"max-image-preview:large\" \/>\n\t<meta name=\"author\" content=\"nevesf\"\/>\n\t<link rel=\"canonical\" href=\"https:\/\/musicasemsegredos.com\/index.php\/2018\/07\/19\/o-que-e-e-pra-que-serve-a-medida-de-decibeis\/\" \/>\n\t<meta name=\"generator\" content=\"All in One SEO (AIOSEO) 5.0.1.1\" \/>\n\t\t<meta property=\"og:locale\" content=\"pt_BR\" \/>\n\t\t<meta property=\"og:site_name\" content=\"M\u00fasica sem Segredos - Musica para todos\" \/>\n\t\t<meta property=\"og:type\" content=\"article\" \/>\n\t\t<meta property=\"og:title\" content=\"O que \u00e9 e pra que serve a medida de decibeis? - M\u00fasica sem Segredos\" \/>\n\t\t<meta property=\"og:description\" content=\"Foto: Bruno Glatch (Pixabay) \u00c9 importante conhecer alguns conceitos b\u00e1sicos sobre \u00e1udio para quem vai gravar, mixar ou masterizar \u00e1udios. Comecemos pelo conceito de decibel que descreve de forma bastante eficiente nossa percep\u00e7\u00e3o em rela\u00e7\u00e3o ao som. Quando ouvimos uma m\u00fasica ou um ru\u00eddo, nosso ouvido capta a press\u00e3o do ar e o converte em\" \/>\n\t\t<meta property=\"og:url\" content=\"https:\/\/musicasemsegredos.com\/index.php\/2018\/07\/19\/o-que-e-e-pra-que-serve-a-medida-de-decibeis\/\" \/>\n\t\t<meta property=\"og:image\" content=\"https:\/\/i0.wp.com\/musicasemsegredos.com\/wp-content\/uploads\/2017\/01\/cropped-cropped-MusicaSemSegredos512x512.jpg?fit=248248&#038;ssl=1\" \/>\n\t\t<meta property=\"og:image:secure_url\" content=\"https:\/\/i0.wp.com\/musicasemsegredos.com\/wp-content\/uploads\/2017\/01\/cropped-cropped-MusicaSemSegredos512x512.jpg?fit=248248&#038;ssl=1\" \/>\n\t\t<meta property=\"article:published_time\" content=\"2018-07-19T12:01:13+00:00\" \/>\n\t\t<meta property=\"article:modified_time\" content=\"2021-09-13T19:10:10+00:00\" \/>\n\t\t<meta name=\"twitter:card\" content=\"summary_large_image\" \/>\n\t\t<meta name=\"twitter:title\" content=\"O que \u00e9 e pra que serve a medida de decibeis? - M\u00fasica sem Segredos\" \/>\n\t\t<meta name=\"twitter:description\" content=\"Foto: Bruno Glatch (Pixabay) \u00c9 importante conhecer alguns conceitos b\u00e1sicos sobre \u00e1udio para quem vai gravar, mixar ou masterizar \u00e1udios. Comecemos pelo conceito de decibel que descreve de forma bastante eficiente nossa percep\u00e7\u00e3o em rela\u00e7\u00e3o ao som. Quando ouvimos uma m\u00fasica ou um ru\u00eddo, nosso ouvido capta a press\u00e3o do ar e o converte em\" \/>\n\t\t<meta name=\"twitter:image\" content=\"https:\/\/i0.wp.com\/musicasemsegredos.com\/wp-content\/uploads\/2017\/01\/cropped-cropped-MusicaSemSegredos512x512.jpg?fit=248248&amp;ssl=1\" \/>\n\t\t<script type=\"application\/ld+json\" class=\"aioseo-schema\">\n\t\t\t{\"@context\":\"https:\\\/\\\/schema.org\",\"@graph\":[{\"@type\":\"BlogPosting\",\"@id\":\"https:\\\/\\\/musicasemsegredos.com\\\/index.php\\\/2018\\\/07\\\/19\\\/o-que-e-e-pra-que-serve-a-medida-de-decibeis\\\/#blogposting\",\"name\":\"O que \\u00e9 e pra que serve a medida de decibeis? - M\\u00fasica sem Segredos\",\"headline\":\"O que \\u00e9 e pra que serve a medida de decibeis?\",\"author\":{\"@id\":\"https:\\\/\\\/musicasemsegredos.com\\\/index.php\\\/author\\\/nevesf\\\/#author\"},\"publisher\":{\"@id\":\"https:\\\/\\\/musicasemsegredos.com\\\/#organization\"},\"image\":{\"@type\":\"ImageObject\",\"url\":\"https:\\\/\\\/i0.wp.com\\\/musicasemsegredos.com\\\/wp-content\\\/uploads\\\/2018\\\/07\\\/technology-905433_1920BrunoGlatch.jpg?fit=%2C&ssl=1\",\"caption\":\"Foto: Bruno Glatch (Pixabay)\"},\"datePublished\":\"2018-07-19T09:01:13-03:00\",\"dateModified\":\"2021-09-13T16:10:10-03:00\",\"inLanguage\":\"pt-BR\",\"mainEntityOfPage\":{\"@id\":\"https:\\\/\\\/musicasemsegredos.com\\\/index.php\\\/2018\\\/07\\\/19\\\/o-que-e-e-pra-que-serve-a-medida-de-decibeis\\\/#webpage\"},\"isPartOf\":{\"@id\":\"https:\\\/\\\/musicasemsegredos.com\\\/index.php\\\/2018\\\/07\\\/19\\\/o-que-e-e-pra-que-serve-a-medida-de-decibeis\\\/#webpage\"},\"articleSection\":\"Ac\\u00fastica, ensaio, Pr\\u00e1tica de instrumento, acustica, banda, decibeis, decibel, ensaio, espuma ac\\u00fastica, isolamento, isolamento acustico, lei do silencio, musica, reverb, reverbera\\u00e7\\u00e3o, ru\\u00eddo, sil\\u00eancio, tratamento acustico, vizinhos\"},{\"@type\":\"BreadcrumbList\",\"@id\":\"https:\\\/\\\/musicasemsegredos.com\\\/index.php\\\/2018\\\/07\\\/19\\\/o-que-e-e-pra-que-serve-a-medida-de-decibeis\\\/#breadcrumblist\",\"itemListElement\":[{\"@type\":\"ListItem\",\"@id\":\"https:\\\/\\\/musicasemsegredos.com#listItem\",\"position\":1,\"name\":\"Home\",\"item\":\"https:\\\/\\\/musicasemsegredos.com\",\"nextItem\":{\"@type\":\"ListItem\",\"@id\":\"https:\\\/\\\/musicasemsegredos.com\\\/index.php\\\/category\\\/pratica-de-instrumento\\\/#listItem\",\"name\":\"Pr\\u00e1tica de instrumento\"}},{\"@type\":\"ListItem\",\"@id\":\"https:\\\/\\\/musicasemsegredos.com\\\/index.php\\\/category\\\/pratica-de-instrumento\\\/#listItem\",\"position\":2,\"name\":\"Pr\\u00e1tica de instrumento\",\"item\":\"https:\\\/\\\/musicasemsegredos.com\\\/index.php\\\/category\\\/pratica-de-instrumento\\\/\",\"nextItem\":{\"@type\":\"ListItem\",\"@id\":\"https:\\\/\\\/musicasemsegredos.com\\\/index.php\\\/2018\\\/07\\\/19\\\/o-que-e-e-pra-que-serve-a-medida-de-decibeis\\\/#listItem\",\"name\":\"O que \\u00e9 e pra que serve a medida de decibeis?\"},\"previousItem\":{\"@type\":\"ListItem\",\"@id\":\"https:\\\/\\\/musicasemsegredos.com#listItem\",\"name\":\"Home\"}},{\"@type\":\"ListItem\",\"@id\":\"https:\\\/\\\/musicasemsegredos.com\\\/index.php\\\/2018\\\/07\\\/19\\\/o-que-e-e-pra-que-serve-a-medida-de-decibeis\\\/#listItem\",\"position\":3,\"name\":\"O que \\u00e9 e pra que serve a medida de decibeis?\",\"previousItem\":{\"@type\":\"ListItem\",\"@id\":\"https:\\\/\\\/musicasemsegredos.com\\\/index.php\\\/category\\\/pratica-de-instrumento\\\/#listItem\",\"name\":\"Pr\\u00e1tica de instrumento\"}}]},{\"@type\":\"Organization\",\"@id\":\"https:\\\/\\\/musicasemsegredos.com\\\/#organization\",\"name\":\"M\\u00fasica sem Segredos\",\"description\":\"Musica para todos\",\"url\":\"https:\\\/\\\/musicasemsegredos.com\\\/\",\"logo\":{\"@type\":\"ImageObject\",\"url\":\"https:\\\/\\\/i0.wp.com\\\/musicasemsegredos.com\\\/wp-content\\\/uploads\\\/2017\\\/01\\\/cropped-cropped-MusicaSemSegredos512x512.jpg?fit=248%2C248&ssl=1\",\"@id\":\"https:\\\/\\\/musicasemsegredos.com\\\/index.php\\\/2018\\\/07\\\/19\\\/o-que-e-e-pra-que-serve-a-medida-de-decibeis\\\/#organizationLogo\",\"width\":248,\"height\":248},\"image\":{\"@id\":\"https:\\\/\\\/musicasemsegredos.com\\\/index.php\\\/2018\\\/07\\\/19\\\/o-que-e-e-pra-que-serve-a-medida-de-decibeis\\\/#organizationLogo\"}},{\"@type\":\"Person\",\"@id\":\"https:\\\/\\\/musicasemsegredos.com\\\/index.php\\\/author\\\/nevesf\\\/#author\",\"url\":\"https:\\\/\\\/musicasemsegredos.com\\\/index.php\\\/author\\\/nevesf\\\/\",\"name\":\"nevesf\",\"image\":{\"@type\":\"ImageObject\",\"@id\":\"https:\\\/\\\/musicasemsegredos.com\\\/index.php\\\/2018\\\/07\\\/19\\\/o-que-e-e-pra-que-serve-a-medida-de-decibeis\\\/#authorImage\",\"url\":\"https:\\\/\\\/secure.gravatar.com\\\/avatar\\\/40a180061deabb68d04bd9f812bde2b372b5d57984baf7dd947ee866377d90fb?s=96&d=blank&r=g\",\"width\":96,\"height\":96,\"caption\":\"nevesf\"}},{\"@type\":\"WebPage\",\"@id\":\"https:\\\/\\\/musicasemsegredos.com\\\/index.php\\\/2018\\\/07\\\/19\\\/o-que-e-e-pra-que-serve-a-medida-de-decibeis\\\/#webpage\",\"url\":\"https:\\\/\\\/musicasemsegredos.com\\\/index.php\\\/2018\\\/07\\\/19\\\/o-que-e-e-pra-que-serve-a-medida-de-decibeis\\\/\",\"name\":\"O que \\u00e9 e pra que serve a medida de decibeis? - M\\u00fasica sem Segredos\",\"description\":\"Foto: Bruno Glatch (Pixabay) \\u00c9 importante conhecer alguns conceitos b\\u00e1sicos sobre \\u00e1udio para quem vai gravar, mixar ou masterizar \\u00e1udios. Comecemos pelo conceito de decibel que descreve de forma bastante eficiente nossa percep\\u00e7\\u00e3o em rela\\u00e7\\u00e3o ao som. Quando ouvimos uma m\\u00fasica ou um ru\\u00eddo, nosso ouvido capta a press\\u00e3o do ar e o converte em\",\"inLanguage\":\"pt-BR\",\"isPartOf\":{\"@id\":\"https:\\\/\\\/musicasemsegredos.com\\\/#website\"},\"breadcrumb\":{\"@id\":\"https:\\\/\\\/musicasemsegredos.com\\\/index.php\\\/2018\\\/07\\\/19\\\/o-que-e-e-pra-que-serve-a-medida-de-decibeis\\\/#breadcrumblist\"},\"author\":{\"@id\":\"https:\\\/\\\/musicasemsegredos.com\\\/index.php\\\/author\\\/nevesf\\\/#author\"},\"creator\":{\"@id\":\"https:\\\/\\\/musicasemsegredos.com\\\/index.php\\\/author\\\/nevesf\\\/#author\"},\"image\":{\"@type\":\"ImageObject\",\"url\":\"https:\\\/\\\/i0.wp.com\\\/musicasemsegredos.com\\\/wp-content\\\/uploads\\\/2018\\\/07\\\/technology-905433_1920BrunoGlatch.jpg?fit=%2C&ssl=1\",\"@id\":\"https:\\\/\\\/musicasemsegredos.com\\\/index.php\\\/2018\\\/07\\\/19\\\/o-que-e-e-pra-que-serve-a-medida-de-decibeis\\\/#mainImage\",\"caption\":\"Foto: Bruno Glatch (Pixabay)\"},\"primaryImageOfPage\":{\"@id\":\"https:\\\/\\\/musicasemsegredos.com\\\/index.php\\\/2018\\\/07\\\/19\\\/o-que-e-e-pra-que-serve-a-medida-de-decibeis\\\/#mainImage\"},\"datePublished\":\"2018-07-19T09:01:13-03:00\",\"dateModified\":\"2021-09-13T16:10:10-03:00\"},{\"@type\":\"WebSite\",\"@id\":\"https:\\\/\\\/musicasemsegredos.com\\\/#website\",\"url\":\"https:\\\/\\\/musicasemsegredos.com\\\/\",\"name\":\"M\\u00fasica sem Segredos\",\"description\":\"Musica para todos\",\"inLanguage\":\"pt-BR\",\"publisher\":{\"@id\":\"https:\\\/\\\/musicasemsegredos.com\\\/#organization\"}}]}\n\t\t<\/script>\n\t\t<!-- All in One SEO -->\n\n","aioseo_head_json":{"title":"O que \u00e9 e pra que serve a medida de decibeis? - M\u00fasica sem Segredos","description":"Foto: Bruno Glatch (Pixabay) \u00c9 importante conhecer alguns conceitos b\u00e1sicos sobre \u00e1udio para quem vai gravar, mixar ou masterizar \u00e1udios. Comecemos pelo conceito de decibel que descreve de forma bastante eficiente nossa percep\u00e7\u00e3o em rela\u00e7\u00e3o ao som. Quando ouvimos uma m\u00fasica ou um ru\u00eddo, nosso ouvido capta a press\u00e3o do ar e o converte em","canonical_url":"https:\/\/musicasemsegredos.com\/index.php\/2018\/07\/19\/o-que-e-e-pra-que-serve-a-medida-de-decibeis\/","robots":"max-image-preview:large","keywords":"","webmasterTools":{"miscellaneous":""},"schema":{"@context":"https:\/\/schema.org","@graph":[{"@type":"BlogPosting","@id":"https:\/\/musicasemsegredos.com\/index.php\/2018\/07\/19\/o-que-e-e-pra-que-serve-a-medida-de-decibeis\/#blogposting","name":"O que \u00e9 e pra que serve a medida de decibeis? - M\u00fasica sem Segredos","headline":"O que \u00e9 e pra que serve a medida de decibeis?","author":{"@id":"https:\/\/musicasemsegredos.com\/index.php\/author\/nevesf\/#author"},"publisher":{"@id":"https:\/\/musicasemsegredos.com\/#organization"},"image":{"@type":"ImageObject","url":"https:\/\/i0.wp.com\/musicasemsegredos.com\/wp-content\/uploads\/2018\/07\/technology-905433_1920BrunoGlatch.jpg?fit=%2C&ssl=1","caption":"Foto: Bruno Glatch (Pixabay)"},"datePublished":"2018-07-19T09:01:13-03:00","dateModified":"2021-09-13T16:10:10-03:00","inLanguage":"pt-BR","mainEntityOfPage":{"@id":"https:\/\/musicasemsegredos.com\/index.php\/2018\/07\/19\/o-que-e-e-pra-que-serve-a-medida-de-decibeis\/#webpage"},"isPartOf":{"@id":"https:\/\/musicasemsegredos.com\/index.php\/2018\/07\/19\/o-que-e-e-pra-que-serve-a-medida-de-decibeis\/#webpage"},"articleSection":"Ac\u00fastica, ensaio, Pr\u00e1tica de instrumento, acustica, banda, decibeis, decibel, ensaio, espuma ac\u00fastica, isolamento, isolamento acustico, lei do silencio, musica, reverb, reverbera\u00e7\u00e3o, ru\u00eddo, sil\u00eancio, tratamento acustico, vizinhos"},{"@type":"BreadcrumbList","@id":"https:\/\/musicasemsegredos.com\/index.php\/2018\/07\/19\/o-que-e-e-pra-que-serve-a-medida-de-decibeis\/#breadcrumblist","itemListElement":[{"@type":"ListItem","@id":"https:\/\/musicasemsegredos.com#listItem","position":1,"name":"Home","item":"https:\/\/musicasemsegredos.com","nextItem":{"@type":"ListItem","@id":"https:\/\/musicasemsegredos.com\/index.php\/category\/pratica-de-instrumento\/#listItem","name":"Pr\u00e1tica de instrumento"}},{"@type":"ListItem","@id":"https:\/\/musicasemsegredos.com\/index.php\/category\/pratica-de-instrumento\/#listItem","position":2,"name":"Pr\u00e1tica de instrumento","item":"https:\/\/musicasemsegredos.com\/index.php\/category\/pratica-de-instrumento\/","nextItem":{"@type":"ListItem","@id":"https:\/\/musicasemsegredos.com\/index.php\/2018\/07\/19\/o-que-e-e-pra-que-serve-a-medida-de-decibeis\/#listItem","name":"O que \u00e9 e pra que serve a medida de decibeis?"},"previousItem":{"@type":"ListItem","@id":"https:\/\/musicasemsegredos.com#listItem","name":"Home"}},{"@type":"ListItem","@id":"https:\/\/musicasemsegredos.com\/index.php\/2018\/07\/19\/o-que-e-e-pra-que-serve-a-medida-de-decibeis\/#listItem","position":3,"name":"O que \u00e9 e pra que serve a medida de decibeis?","previousItem":{"@type":"ListItem","@id":"https:\/\/musicasemsegredos.com\/index.php\/category\/pratica-de-instrumento\/#listItem","name":"Pr\u00e1tica de instrumento"}}]},{"@type":"Organization","@id":"https:\/\/musicasemsegredos.com\/#organization","name":"M\u00fasica sem Segredos","description":"Musica para todos","url":"https:\/\/musicasemsegredos.com\/","logo":{"@type":"ImageObject","url":"https:\/\/i0.wp.com\/musicasemsegredos.com\/wp-content\/uploads\/2017\/01\/cropped-cropped-MusicaSemSegredos512x512.jpg?fit=248%2C248&ssl=1","@id":"https:\/\/musicasemsegredos.com\/index.php\/2018\/07\/19\/o-que-e-e-pra-que-serve-a-medida-de-decibeis\/#organizationLogo","width":248,"height":248},"image":{"@id":"https:\/\/musicasemsegredos.com\/index.php\/2018\/07\/19\/o-que-e-e-pra-que-serve-a-medida-de-decibeis\/#organizationLogo"}},{"@type":"Person","@id":"https:\/\/musicasemsegredos.com\/index.php\/author\/nevesf\/#author","url":"https:\/\/musicasemsegredos.com\/index.php\/author\/nevesf\/","name":"nevesf","image":{"@type":"ImageObject","@id":"https:\/\/musicasemsegredos.com\/index.php\/2018\/07\/19\/o-que-e-e-pra-que-serve-a-medida-de-decibeis\/#authorImage","url":"https:\/\/secure.gravatar.com\/avatar\/40a180061deabb68d04bd9f812bde2b372b5d57984baf7dd947ee866377d90fb?s=96&d=blank&r=g","width":96,"height":96,"caption":"nevesf"}},{"@type":"WebPage","@id":"https:\/\/musicasemsegredos.com\/index.php\/2018\/07\/19\/o-que-e-e-pra-que-serve-a-medida-de-decibeis\/#webpage","url":"https:\/\/musicasemsegredos.com\/index.php\/2018\/07\/19\/o-que-e-e-pra-que-serve-a-medida-de-decibeis\/","name":"O que \u00e9 e pra que serve a medida de decibeis? - M\u00fasica sem Segredos","description":"Foto: Bruno Glatch (Pixabay) \u00c9 importante conhecer alguns conceitos b\u00e1sicos sobre \u00e1udio para quem vai gravar, mixar ou masterizar \u00e1udios. Comecemos pelo conceito de decibel que descreve de forma bastante eficiente nossa percep\u00e7\u00e3o em rela\u00e7\u00e3o ao som. Quando ouvimos uma m\u00fasica ou um ru\u00eddo, nosso ouvido capta a press\u00e3o do ar e o converte em","inLanguage":"pt-BR","isPartOf":{"@id":"https:\/\/musicasemsegredos.com\/#website"},"breadcrumb":{"@id":"https:\/\/musicasemsegredos.com\/index.php\/2018\/07\/19\/o-que-e-e-pra-que-serve-a-medida-de-decibeis\/#breadcrumblist"},"author":{"@id":"https:\/\/musicasemsegredos.com\/index.php\/author\/nevesf\/#author"},"creator":{"@id":"https:\/\/musicasemsegredos.com\/index.php\/author\/nevesf\/#author"},"image":{"@type":"ImageObject","url":"https:\/\/i0.wp.com\/musicasemsegredos.com\/wp-content\/uploads\/2018\/07\/technology-905433_1920BrunoGlatch.jpg?fit=%2C&ssl=1","@id":"https:\/\/musicasemsegredos.com\/index.php\/2018\/07\/19\/o-que-e-e-pra-que-serve-a-medida-de-decibeis\/#mainImage","caption":"Foto: Bruno Glatch (Pixabay)"},"primaryImageOfPage":{"@id":"https:\/\/musicasemsegredos.com\/index.php\/2018\/07\/19\/o-que-e-e-pra-que-serve-a-medida-de-decibeis\/#mainImage"},"datePublished":"2018-07-19T09:01:13-03:00","dateModified":"2021-09-13T16:10:10-03:00"},{"@type":"WebSite","@id":"https:\/\/musicasemsegredos.com\/#website","url":"https:\/\/musicasemsegredos.com\/","name":"M\u00fasica sem Segredos","description":"Musica para todos","inLanguage":"pt-BR","publisher":{"@id":"https:\/\/musicasemsegredos.com\/#organization"}}]},"og:locale":"pt_BR","og:site_name":"M\u00fasica sem Segredos - Musica para todos","og:type":"article","og:title":"O que \u00e9 e pra que serve a medida de decibeis? - M\u00fasica sem Segredos","og:description":"Foto: Bruno Glatch (Pixabay) \u00c9 importante conhecer alguns conceitos b\u00e1sicos sobre \u00e1udio para quem vai gravar, mixar ou masterizar \u00e1udios. Comecemos pelo conceito de decibel que descreve de forma bastante eficiente nossa percep\u00e7\u00e3o em rela\u00e7\u00e3o ao som. Quando ouvimos uma m\u00fasica ou um ru\u00eddo, nosso ouvido capta a press\u00e3o do ar e o converte em","og:url":"https:\/\/musicasemsegredos.com\/index.php\/2018\/07\/19\/o-que-e-e-pra-que-serve-a-medida-de-decibeis\/","og:image":"https:\/\/i0.wp.com\/musicasemsegredos.com\/wp-content\/uploads\/2017\/01\/cropped-cropped-MusicaSemSegredos512x512.jpg?fit=248248&#038;ssl=1","og:image:secure_url":"https:\/\/i0.wp.com\/musicasemsegredos.com\/wp-content\/uploads\/2017\/01\/cropped-cropped-MusicaSemSegredos512x512.jpg?fit=248248&#038;ssl=1","article:published_time":"2018-07-19T12:01:13+00:00","article:modified_time":"2021-09-13T19:10:10+00:00","twitter:card":"summary_large_image","twitter:title":"O que \u00e9 e pra que serve a medida de decibeis? - M\u00fasica sem Segredos","twitter:description":"Foto: Bruno Glatch (Pixabay) \u00c9 importante conhecer alguns conceitos b\u00e1sicos sobre \u00e1udio para quem vai gravar, mixar ou masterizar \u00e1udios. Comecemos pelo conceito de decibel que descreve de forma bastante eficiente nossa percep\u00e7\u00e3o em rela\u00e7\u00e3o ao som. Quando ouvimos uma m\u00fasica ou um ru\u00eddo, nosso ouvido capta a press\u00e3o do ar e o converte em","twitter:image":"https:\/\/i0.wp.com\/musicasemsegredos.com\/wp-content\/uploads\/2017\/01\/cropped-cropped-MusicaSemSegredos512x512.jpg?fit=248248&ssl=1"},"aioseo_meta_data":{"post_id":"17594","title":null,"description":null,"keywords":null,"keyphrases":null,"focus_keyword":null,"additional_keywords":null,"truseo_locale":null,"primary_term":null,"canonical_url":null,"og_title":null,"og_description":null,"og_object_type":"default","og_image_type":"default","og_image_custom_url":null,"og_image_custom_fields":null,"og_image_url":null,"og_image_width":null,"og_image_height":null,"og_video":null,"og_custom_url":null,"og_article_section":null,"og_article_tags":null,"twitter_use_og":false,"twitter_card":"default","twitter_image_type":"default","twitter_image_custom_url":null,"twitter_image_custom_fields":null,"twitter_image_url":null,"twitter_title":null,"twitter_description":null,"schema_type":"default","schema_type_options":null,"schema":{"blockGraphs":[],"customGraphs":[],"default":{"data":{"Article":[],"Course":[],"Dataset":[],"FAQPage":[],"Movie":[],"Person":[],"Product":[],"ProductReview":[],"Car":[],"Recipe":[],"Service":[],"SoftwareApplication":[],"WebPage":[]},"graphName":"","isEnabled":true},"graphs":[]},"pillar_content":false,"robots_default":true,"robots_noindex":false,"robots_noarchive":false,"robots_nosnippet":false,"robots_nofollow":false,"robots_noimageindex":false,"robots_noodp":false,"robots_notranslate":false,"robots_max_snippet":null,"robots_max_videopreview":null,"robots_max_imagepreview":"large","priority":null,"frequency":null,"local_seo":null,"limit_modified_date":false,"ai":null,"breadcrumb_settings":null,"seo_analyzer_scan_date":null,"created":"2026-09-02 23:05:42","updated":"2026-09-02 23:05:42"},"aioseo_breadcrumb":"<div class=\"aioseo-breadcrumbs\"><span class=\"aioseo-breadcrumb\">\n\t\t\t<a href=\"https:\/\/musicasemsegredos.com\" title=\"Home\">Home<\/a>\n\t\t<\/span><span class=\"aioseo-breadcrumb-separator\">&raquo;<\/span><span class=\"aioseo-breadcrumb\">\n\t\t\t<a href=\"https:\/\/musicasemsegredos.com\/index.php\/category\/pratica-de-instrumento\/\" title=\"Pr\u00e1tica de instrumento\">Pr\u00e1tica de instrumento<\/a>\n\t\t<\/span><span class=\"aioseo-breadcrumb-separator\">&raquo;<\/span><span class=\"aioseo-breadcrumb\">\n\t\t\tO que \u00e9 e pra que serve a medida de decibeis?\n\t\t<\/span><\/div>","aioseo_breadcrumb_json":[{"label":"Home","link":"https:\/\/musicasemsegredos.com"},{"label":"Pr\u00e1tica de instrumento","link":"https:\/\/musicasemsegredos.com\/index.php\/category\/pratica-de-instrumento\/"},{"label":"O que \u00e9 e pra que serve a medida de decibeis?","link":"https:\/\/musicasemsegredos.com\/index.php\/2018\/07\/19\/o-que-e-e-pra-que-serve-a-medida-de-decibeis\/"}],"jetpack_publicize_connections":[],"jetpack_sharing_enabled":true,"jetpack_shortlink":"https:\/\/wp.me\/p8f7pv-4zM","jetpack-related-posts":[{"id":19244,"url":"https:\/\/musicasemsegredos.com\/index.php\/2022\/09\/29\/elementos-basicos-da-musica-o-som-altura-volume-e-timbre\/","url_meta":{"origin":17594,"position":0},"title":"Elementos B\u00e1sicos da M\u00fasica: O Som [Altura, Volume e Timbre]","author":"nevesf","date":"29\/09\/2022","format":false,"excerpt":"O primeiro elemento que precisamos conhecer para o estudo da m\u00fasica \u00e9 o Som. Mas o que \u00e9 o som? Bem, poder\u00edamos entrar em aspectos bastante profundos da f\u00edsica, mas nosso objetivo \u00e9 o estudo da m\u00fasica, ent\u00e3o vou tentar ser o mais pr\u00e1tico poss\u00edvel. O que \u00e9 o Som\u2026","rel":"","context":"Em &quot;cursos&quot;","block_context":{"text":"cursos","link":"https:\/\/musicasemsegredos.com\/index.php\/category\/cursos\/"},"img":{"alt_text":"som","src":"https:\/\/i0.wp.com\/musicasemsegredos.com\/wp-content\/uploads\/2022\/09\/headphones-3085681_1280.jpg?fit=1200%2C802&ssl=1&resize=350%2C200","width":350,"height":200,"srcset":"https:\/\/i0.wp.com\/musicasemsegredos.com\/wp-content\/uploads\/2022\/09\/headphones-3085681_1280.jpg?fit=1200%2C802&ssl=1&resize=350%2C200 1x, https:\/\/i0.wp.com\/musicasemsegredos.com\/wp-content\/uploads\/2022\/09\/headphones-3085681_1280.jpg?fit=1200%2C802&ssl=1&resize=525%2C300 1.5x, https:\/\/i0.wp.com\/musicasemsegredos.com\/wp-content\/uploads\/2022\/09\/headphones-3085681_1280.jpg?fit=1200%2C802&ssl=1&resize=700%2C400 2x, https:\/\/i0.wp.com\/musicasemsegredos.com\/wp-content\/uploads\/2022\/09\/headphones-3085681_1280.jpg?fit=1200%2C802&ssl=1&resize=1050%2C600 3x"},"classes":[]},{"id":810,"url":"https:\/\/musicasemsegredos.com\/index.php\/2017\/07\/08\/o-que-e-serie-harmonica-na-musica\/","url_meta":{"origin":17594,"position":1},"title":"O que \u00e9 s\u00e9rie Harm\u00f4nica na m\u00fasica?","author":"nevesf","date":"08\/07\/2017","format":false,"excerpt":"Qual a diferen\u00e7a entre ouvir uma boa m\u00fasica e ouvir outros tipos de som? Uma sirene, por exemplo, ou o choro de uma crian\u00e7a. Por que a m\u00fasica agrada aos ouvidos enquanto outros tipos de som provocam irrita\u00e7\u00e3o? Por que a combina\u00e7\u00e3o de alguns sons agradam aos ouvidos e outros\u2026","rel":"","context":"Em &quot;Ac\u00fastica&quot;","block_context":{"text":"Ac\u00fastica","link":"https:\/\/musicasemsegredos.com\/index.php\/category\/acustica\/"},"img":{"alt_text":"","src":"https:\/\/i0.wp.com\/musicasemsegredos.com\/wp-content\/uploads\/2017\/07\/HARM%C3%94NICA-e1499479783418.png?fit=604%2C314&ssl=1&resize=350%2C200","width":350,"height":200,"srcset":"https:\/\/i0.wp.com\/musicasemsegredos.com\/wp-content\/uploads\/2017\/07\/HARM%C3%94NICA-e1499479783418.png?fit=604%2C314&ssl=1&resize=350%2C200 1x, https:\/\/i0.wp.com\/musicasemsegredos.com\/wp-content\/uploads\/2017\/07\/HARM%C3%94NICA-e1499479783418.png?fit=604%2C314&ssl=1&resize=525%2C300 1.5x"},"classes":[]},{"id":18565,"url":"https:\/\/musicasemsegredos.com\/index.php\/2020\/04\/04\/compre-aqui-seu-instrumento-musical\/","url_meta":{"origin":17594,"position":2},"title":"Compre aqui seu Instrumento Musical","author":"nevesf","date":"04\/04\/2020","format":"aside","excerpt":"Agora voc\u00ea pode pesquisar, escolher e comprar seu instrumento musical no nosso site. A loja Cantinho da M\u00fasica \u00e9 parceira do Magazine Luiza e traz pra voc\u00ea uma grande variedade de op\u00e7\u00f5es de instrumentos musicais. Colocamos pra voc\u00ea a facilidade de acessar diversas lojas parceiras usando o Market Place de\u2026","rel":"","context":"Em &quot;bandolim&quot;","block_context":{"text":"bandolim","link":"https:\/\/musicasemsegredos.com\/index.php\/category\/bandolim\/"},"img":{"alt_text":"loja online","src":"https:\/\/i0.wp.com\/musicasemsegredos.com\/wp-content\/uploads\/2020\/04\/CantinhoDaMusicareduzir-copy.jpg?fit=450%2C300&ssl=1&resize=350%2C200","width":350,"height":200},"classes":[]},{"id":19768,"url":"https:\/\/musicasemsegredos.com\/index.php\/2024\/01\/25\/fur-elise-de-beethoven-para-violino-bandolim-e-violao-completo\/","url_meta":{"origin":17594,"position":3},"title":"F\u00fcr Elise de Beethoven para Violino, Bandolim e Viol\u00e3o (Completo).","author":"nevesf","date":"25\/01\/2024","format":false,"excerpt":"Ludwig van Beethoven, um dos maiores compositores da hist\u00f3ria, comp\u00f4s esta pequena obra, por volta de 1809 ou 1810, supostamente em homenagem a uma senhora a quem ele prop\u00f4s casamento, chamada Therese Malfatti, sobrinha do Dr. Giovanni Malfatti, um m\u00e9dico italiano que se estabeleceu em Viena em 1795. O Dr.\u2026","rel":"","context":"Em &quot;bandolim&quot;","block_context":{"text":"bandolim","link":"https:\/\/musicasemsegredos.com\/index.php\/category\/bandolim\/"},"img":{"alt_text":"fur Elise para viol\u00e3o, violino e bandolim","src":"https:\/\/i0.wp.com\/musicasemsegredos.com\/wp-content\/uploads\/2024\/01\/Fur-Elise-PostMakingMusic2.png?fit=1200%2C620&ssl=1&resize=350%2C200","width":350,"height":200,"srcset":"https:\/\/i0.wp.com\/musicasemsegredos.com\/wp-content\/uploads\/2024\/01\/Fur-Elise-PostMakingMusic2.png?fit=1200%2C620&ssl=1&resize=350%2C200 1x, https:\/\/i0.wp.com\/musicasemsegredos.com\/wp-content\/uploads\/2024\/01\/Fur-Elise-PostMakingMusic2.png?fit=1200%2C620&ssl=1&resize=525%2C300 1.5x, https:\/\/i0.wp.com\/musicasemsegredos.com\/wp-content\/uploads\/2024\/01\/Fur-Elise-PostMakingMusic2.png?fit=1200%2C620&ssl=1&resize=700%2C400 2x, https:\/\/i0.wp.com\/musicasemsegredos.com\/wp-content\/uploads\/2024\/01\/Fur-Elise-PostMakingMusic2.png?fit=1200%2C620&ssl=1&resize=1050%2C600 3x"},"classes":[]},{"id":19294,"url":"https:\/\/musicasemsegredos.com\/index.php\/2022\/11\/16\/precioso-sangue-arranjo-para-violao-acustico-solo-fingerstyle\/","url_meta":{"origin":17594,"position":4},"title":"Precioso Sangue &#8211; Arranjo para Viol\u00e3o Ac\u00fastico Solo [Fingerstyle]","author":"nevesf","date":"16\/11\/2022","format":false,"excerpt":"O hino Precioso Sangue faz parte de diversos hin\u00e1rios crist\u00e3os e sua melodia conhecida tamb\u00e9m \u00e9 pelo nome de seu compositor, Bullinger. A melodia deste hino sacro foi composto por Ethelbert William Bullinger. Ele nasceu em 15 de dezembro de 1837 em Canterbury e morreu em 6 de junho de\u2026","rel":"","context":"Em &quot;composi\u00e7\u00e3o&quot;","block_context":{"text":"composi\u00e7\u00e3o","link":"https:\/\/musicasemsegredos.com\/index.php\/category\/composicao\/"},"img":{"alt_text":"Precioso Sangue","src":"https:\/\/i0.wp.com\/musicasemsegredos.com\/wp-content\/uploads\/2022\/11\/resized-image-Promo.jpeg?fit=825%2C510&ssl=1&resize=350%2C200","width":350,"height":200,"srcset":"https:\/\/i0.wp.com\/musicasemsegredos.com\/wp-content\/uploads\/2022\/11\/resized-image-Promo.jpeg?fit=825%2C510&ssl=1&resize=350%2C200 1x, https:\/\/i0.wp.com\/musicasemsegredos.com\/wp-content\/uploads\/2022\/11\/resized-image-Promo.jpeg?fit=825%2C510&ssl=1&resize=525%2C300 1.5x, https:\/\/i0.wp.com\/musicasemsegredos.com\/wp-content\/uploads\/2022\/11\/resized-image-Promo.jpeg?fit=825%2C510&ssl=1&resize=700%2C400 2x"},"classes":[]},{"id":988,"url":"https:\/\/musicasemsegredos.com\/index.php\/2017\/10\/29\/dica-de-livro-piano-para-leigos-for-dummies\/","url_meta":{"origin":17594,"position":5},"title":"Dica de livro: Piano para Leigos (For Dummies)","author":"nevesf","date":"29\/10\/2017","format":false,"excerpt":"Neste post vamos falar um pouco do livro Piano para leigos que \u00e9 a tradu\u00e7\u00e3o do livro original Piano for dummies cujo autor \u00e9 Blake Neely que \u00e9 compositor, regente, arranjador, orquestrador e pianista. O autor \u00e9 graduado pela Universidade do Texas, possuiu m\u00fasicas licenciadas na Hollywood Records e trabalhou\u2026","rel":"","context":"Em &quot;livro&quot;","block_context":{"text":"livro","link":"https:\/\/musicasemsegredos.com\/index.php\/category\/livro\/"},"img":{"alt_text":"","src":"https:\/\/i0.wp.com\/musicasemsegredos.com\/wp-content\/uploads\/2017\/10\/PianoLeigosACapa.jpg?fit=900%2C1200&ssl=1&resize=350%2C200","width":350,"height":200,"srcset":"https:\/\/i0.wp.com\/musicasemsegredos.com\/wp-content\/uploads\/2017\/10\/PianoLeigosACapa.jpg?fit=900%2C1200&ssl=1&resize=350%2C200 1x, https:\/\/i0.wp.com\/musicasemsegredos.com\/wp-content\/uploads\/2017\/10\/PianoLeigosACapa.jpg?fit=900%2C1200&ssl=1&resize=525%2C300 1.5x, https:\/\/i0.wp.com\/musicasemsegredos.com\/wp-content\/uploads\/2017\/10\/PianoLeigosACapa.jpg?fit=900%2C1200&ssl=1&resize=700%2C400 2x"},"classes":[]}],"jetpack_likes_enabled":true,"jetpack_featured_media_url":"https:\/\/i0.wp.com\/musicasemsegredos.com\/wp-content\/uploads\/2018\/07\/technology-905433_1920BrunoGlatch.jpg?fit=%2C&ssl=1","_links":{"self":[{"href":"https:\/\/musicasemsegredos.com\/index.php\/wp-json\/wp\/v2\/posts\/17594","targetHints":{"allow":["GET"]}}],"collection":[{"href":"https:\/\/musicasemsegredos.com\/index.php\/wp-json\/wp\/v2\/posts"}],"about":[{"href":"https:\/\/musicasemsegredos.com\/index.php\/wp-json\/wp\/v2\/types\/post"}],"author":[{"embeddable":true,"href":"https:\/\/musicasemsegredos.com\/index.php\/wp-json\/wp\/v2\/users\/1"}],"replies":[{"embeddable":true,"href":"https:\/\/musicasemsegredos.com\/index.php\/wp-json\/wp\/v2\/comments?post=17594"}],"version-history":[{"count":11,"href":"https:\/\/musicasemsegredos.com\/index.php\/wp-json\/wp\/v2\/posts\/17594\/revisions"}],"predecessor-version":[{"id":18951,"href":"https:\/\/musicasemsegredos.com\/index.php\/wp-json\/wp\/v2\/posts\/17594\/revisions\/18951"}],"wp:featuredmedia":[{"embeddable":true,"href":"https:\/\/musicasemsegredos.com\/index.php\/wp-json\/wp\/v2\/media\/17596"}],"wp:attachment":[{"href":"https:\/\/musicasemsegredos.com\/index.php\/wp-json\/wp\/v2\/media?parent=17594"}],"wp:term":[{"taxonomy":"category","embeddable":true,"href":"https:\/\/musicasemsegredos.com\/index.php\/wp-json\/wp\/v2\/categories?post=17594"},{"taxonomy":"post_tag","embeddable":true,"href":"https:\/\/musicasemsegredos.com\/index.php\/wp-json\/wp\/v2\/tags?post=17594"}],"curies":[{"name":"wp","href":"https:\/\/api.w.org\/{rel}","templated":true}]}}